{"id":24908,"date":"2024-05-06T20:55:16","date_gmt":"2024-05-06T23:55:16","guid":{"rendered":"https:\/\/revistaepocadigital.com.ar\/?p=24908"},"modified":"2024-05-06T20:57:04","modified_gmt":"2024-05-06T23:57:04","slug":"homenaje-coco-mirandeborde-tiene-su-tribuna-en-el-campo-de-deportes-municipal","status":"publish","type":"post","link":"https:\/\/revistaepocadigital.com.ar\/?p=24908","title":{"rendered":"Homenaje. Coco Mirandeborde tiene su tribuna en el Campo de Deportes Municipal"},"content":{"rendered":"<p id=\"breadcrumbs\"><strong>RECONOCIMIENTO SUMAMENTE MERECIDO.<\/strong><!--more--><\/p>\n<div id=\"loop-container\" class=\"loop-container\">\n<div class=\"post-14806 post type-post status-publish format-standard has-post-thumbnail hentry category-sociedad tag-campo-de-deportes tag-coco-mirandeborde tag-obras grow-content-body entry\">\n<article>\n<div class=\"featured-image\"><img loading=\"lazy\" decoding=\"async\" class=\"attachment-full size-full wp-post-image\" src=\"https:\/\/xn--ellugareo-s6a.com.ar\/wp-content\/uploads\/2024\/05\/Obras-Campo-de-Deportes.jpg\" sizes=\"auto, (max-width: 900px) 100vw, 900px\" srcset=\"https:\/\/xn--ellugareo-s6a.com.ar\/wp-content\/uploads\/2024\/05\/Obras-Campo-de-Deportes.jpg 900w, https:\/\/xn--ellugareo-s6a.com.ar\/wp-content\/uploads\/2024\/05\/Obras-Campo-de-Deportes-300x200.jpg 300w, https:\/\/xn--ellugareo-s6a.com.ar\/wp-content\/uploads\/2024\/05\/Obras-Campo-de-Deportes-768x512.jpg 768w\" alt=\"\" width=\"900\" height=\"600\" \/><\/div>\n<div class=\"post-content\">\n<div id=\"dpsp-content-top\" class=\"dpsp-content-wrapper dpsp-shape-circle dpsp-size-small dpsp-hide-on-mobile dpsp-button-style-6\">\n<pre><span style=\"color: #111111; font-family: Roboto, sans-serif; font-size: 19px; background-color: #ffffff;\">\nLas obras que se han venido llevando en el Campo de Deportes Municipal,\nmuestran una con contenido emotivo. Una de las nuevas tribunas instaladas\nlleva el nombre de Alfredo \"Coco\" Mirandeborde hace poco fallecido (\u00bfel m\u00e1s\nque v\u00e1lido reconocimiento, no debi\u00f3 efectuarse con Mirandeborde en vida?)\n\nCoco fue seguramente, el m\u00e1s importante hacedor del f\u00fatbol infantil en el\ndistrito, llevando adelante desde su inicio a la Escuela de F\u00fatbol Pelota de Trapo.\nHombre amante como pocos de f\u00fatbol, al que estuvo ligado desde chico, con su\nnombre en una de las tribunas puestas en valor con ca\u00f1os de estructuras\nrectangulares y perfiles de aluminio para mayor seguridad, como por otras\nrazones, har\u00e1 que su nombre perdure para siempre.\n\nLas obras llevadas a cabo por el municipio, tambi\u00e9n han contemplado con el\nobjetivo de mejorar el principal escenario de f\u00fatbol, adem\u00e1s de ser un espacio\npropicio a otros deportes y actividades, el cerramiento perimetral de campo de \njuego con alambre ol\u00edmpico sostenidos por postes de hormig\u00f3n a lo largo de\n10 metros. A su vez, tambi\u00e9n hubo mejoras en los ba\u00f1os p\u00fablicos.\n<\/span>\n<em>\u201cDesde el Estado municipal, seguimos invirtiendo para mejorar la seguridad y<\/em>\n<em>comodidad de los chicos y chicas que forman parte de la escuela Pelota de<\/em>\n<em>Trapo y sus familias\"<\/em>, expresaron desde la comuna.\n<\/pre>\n<\/div>\n<\/div>\n<div class=\"post-meta\">\n<div class=\"post-tags\">\n<ul>\n<li><\/li>\n<\/ul>\n<\/div>\n<\/div>\n<\/article>\n<\/div>\n<\/div>\n","protected":false},"excerpt":{"rendered":"<p>RECONOCIMIENTO SUMAMENTE MERECIDO.<\/p>\n","protected":false},"author":4,"featured_media":24956,"comment_status":"open","ping_status":"open","sticky":false,"template":"","format":"standard","meta":{"footnotes":"","jetpack_publicize_message":"","jetpack_publicize_feature_enabled":true,"jetpack_social_post_already_shared":true,"jetpack_social_options":{"image_generator_settings":{"template":"highway","default_image_id":0,"font":"","enabled":false},"version":2}},"categories":[9],"tags":[2716,2715],"class_list":["post-24908","post","type-post","status-publish","format-standard","has-post-thumbnail","hentry","category-deportes","tag-campo-de-deportes-municioal","tag-tribuna-coco-miranderborde"],"jetpack_publicize_connections":[],"jetpack_featured_media_url":"https:\/\/revistaepocadigital.com.ar\/wp-content\/uploads\/2024\/05\/Obras-Campo-de-Deportes.jpg","jetpack_likes_enabled":true,"_links":{"self":[{"href":"https:\/\/revistaepocadigital.com.ar\/index.php?rest_route=\/wp\/v2\/posts\/24908","targetHints":{"allow":["GET"]}}],"collection":[{"href":"https:\/\/revistaepocadigital.com.ar\/index.php?rest_route=\/wp\/v2\/posts"}],"about":[{"href":"https:\/\/revistaepocadigital.com.ar\/index.php?rest_route=\/wp\/v2\/types\/post"}],"author":[{"embeddable":true,"href":"https:\/\/revistaepocadigital.com.ar\/index.php?rest_route=\/wp\/v2\/users\/4"}],"replies":[{"embeddable":true,"href":"https:\/\/revistaepocadigital.com.ar\/index.php?rest_route=%2Fwp%2Fv2%2Fcomments&post=24908"}],"version-history":[{"count":0,"href":"https:\/\/revistaepocadigital.com.ar\/index.php?rest_route=\/wp\/v2\/posts\/24908\/revisions"}],"wp:featuredmedia":[{"embeddable":true,"href":"https:\/\/revistaepocadigital.com.ar\/index.php?rest_route=\/wp\/v2\/media\/24956"}],"wp:attachment":[{"href":"https:\/\/revistaepocadigital.com.ar\/index.php?rest_route=%2Fwp%2Fv2%2Fmedia&parent=24908"}],"wp:term":[{"taxonomy":"category","embeddable":true,"href":"https:\/\/revistaepocadigital.com.ar\/index.php?rest_route=%2Fwp%2Fv2%2Fcategories&post=24908"},{"taxonomy":"post_tag","embeddable":true,"href":"https:\/\/revistaepocadigital.com.ar\/index.php?rest_route=%2Fwp%2Fv2%2Ftags&post=24908"}],"curies":[{"name":"wp","href":"https:\/\/api.w.org\/{rel}","templated":true}]}}