{"id":2491,"date":"2019-05-28T16:54:46","date_gmt":"2019-05-28T19:54:46","guid":{"rendered":"https:\/\/revistaepocadigital.com.ar\/?p=2491"},"modified":"2019-05-28T16:54:46","modified_gmt":"2019-05-28T19:54:46","slug":"anses-adelanto-pagos","status":"publish","type":"post","link":"https:\/\/revistaepocadigital.com.ar\/?p=2491","title":{"rendered":"ANSES ADELANT\u00d3 PAGOS"},"content":{"rendered":"<table class=\"yiv4464238789MsoNormalTable\" border=\"0\" width=\"100%\" cellspacing=\"0\" cellpadding=\"0\">\n<tbody>\n<tr>\n<td><\/td>\n<\/tr>\n<\/tbody>\n<\/table>\n<table class=\"yiv4464238789MsoNormalTable\" border=\"0\" width=\"100%\" cellspacing=\"0\" cellpadding=\"0\">\n<tbody>\n<tr>\n<td>\n<p class=\"yiv4464238789h1\" align=\"center\"><b>PARA JUBILADOS Y PENSIONADOS, PREVISTOS PARA EL 29 DE MAYO.<\/b><\/p>\n<\/td>\n<\/tr>\n<tr>\n<td><\/td>\n<\/tr>\n<tr>\n<td>Ante la medida de fuerza gremial anunciada para el 29 de mayo, ANSES inform\u00f3 que los jubilados y pensionados que ten\u00edan asignada esa fecha de pago <strong>ten\u00edan depositados sus haberes el martes 28<\/strong>, conjuntamente con aquellos que ya ten\u00edan previsto percibirlos en esa fecha.<\/p>\n<p>Entonces, los jubilados y pensionados cuyo haber mensual supera la suma de $11.832 y sus documentos terminan en 6, 7, 8 y 9 cobraban el martes.<\/td>\n<\/tr>\n<\/tbody>\n<\/table>\n","protected":false},"excerpt":{"rendered":"<p>PARA JUBILADOS Y PENSIONADOS, PREVISTOS PARA EL 29 DE MAYO. Ante la medida de fuerza gremial anunciada para el 29 de mayo, ANSES inform\u00f3 que los jubilados y pensionados que ten\u00edan asignada esa fecha de pago ten\u00edan depositados sus haberes el martes 28, conjuntamente con aquellos que ya ten\u00edan previsto percibirlos en esa fecha. Entonces, [&hellip;]<\/p>\n","protected":false},"author":3,"featured_media":2494,"comment_status":"open","ping_status":"open","sticky":false,"template":"","format":"standard","meta":{"footnotes":"","jetpack_publicize_message":"","jetpack_publicize_feature_enabled":true,"jetpack_social_post_already_shared":false,"jetpack_social_options":{"image_generator_settings":{"template":"highway","default_image_id":0,"font":"","enabled":false},"version":2}},"categories":[81],"tags":[21,37],"class_list":["post-2491","post","type-post","status-publish","format-standard","has-post-thumbnail","hentry","category-anses","tag-anses","tag-destacada"],"jetpack_publicize_connections":[],"jetpack_featured_media_url":"https:\/\/revistaepocadigital.com.ar\/wp-content\/uploads\/2019\/05\/ANSES1-1.jpg","jetpack_likes_enabled":true,"_links":{"self":[{"href":"https:\/\/revistaepocadigital.com.ar\/index.php?rest_route=\/wp\/v2\/posts\/2491","targetHints":{"allow":["GET"]}}],"collection":[{"href":"https:\/\/revistaepocadigital.com.ar\/index.php?rest_route=\/wp\/v2\/posts"}],"about":[{"href":"https:\/\/revistaepocadigital.com.ar\/index.php?rest_route=\/wp\/v2\/types\/post"}],"author":[{"embeddable":true,"href":"https:\/\/revistaepocadigital.com.ar\/index.php?rest_route=\/wp\/v2\/users\/3"}],"replies":[{"embeddable":true,"href":"https:\/\/revistaepocadigital.com.ar\/index.php?rest_route=%2Fwp%2Fv2%2Fcomments&post=2491"}],"version-history":[{"count":0,"href":"https:\/\/revistaepocadigital.com.ar\/index.php?rest_route=\/wp\/v2\/posts\/2491\/revisions"}],"wp:featuredmedia":[{"embeddable":true,"href":"https:\/\/revistaepocadigital.com.ar\/index.php?rest_route=\/wp\/v2\/media\/2494"}],"wp:attachment":[{"href":"https:\/\/revistaepocadigital.com.ar\/index.php?rest_route=%2Fwp%2Fv2%2Fmedia&parent=2491"}],"wp:term":[{"taxonomy":"category","embeddable":true,"href":"https:\/\/revistaepocadigital.com.ar\/index.php?rest_route=%2Fwp%2Fv2%2Fcategories&post=2491"},{"taxonomy":"post_tag","embeddable":true,"href":"https:\/\/revistaepocadigital.com.ar\/index.php?rest_route=%2Fwp%2Fv2%2Ftags&post=2491"}],"curies":[{"name":"wp","href":"https:\/\/api.w.org\/{rel}","templated":true}]}}