{"id":2495,"date":"2019-05-28T17:08:39","date_gmt":"2019-05-28T20:08:39","guid":{"rendered":"https:\/\/revistaepocadigital.com.ar\/?p=2495"},"modified":"2019-05-28T17:08:49","modified_gmt":"2019-05-28T20:08:49","slug":"jubilados-y-pensionados-deben-confirmar-descuentos-de-mutuales-y-cooperativas-antes-del-30-de-septiembre","status":"publish","type":"post","link":"https:\/\/revistaepocadigital.com.ar\/?p=2495","title":{"rendered":"Jubilados y pensionados deben confirmar descuentos de mutuales y cooperativas antes del 30 de septiembre"},"content":{"rendered":"<p><strong>LA PR\u00d3RROGA DISPUESTA POR ANSES.<br \/>\n<\/strong><!--more--><\/p>\n<p>Es hasta el <strong>30 de septiembre <\/strong>el plazo de confirmaci\u00f3n para aquellos jubilados y pensionados que poseen descuentos de mutuales o cooperativas en sus recibos de haberes.<\/p>\n<p>De esta manera, quienes deseen continuar abonando un servicio de terceras entidades a trav\u00e9s de su recibo de haberes deber\u00e1n confirmar su aceptaci\u00f3n en <u><a href=\"http:\/\/www.anses.gob.ar\/mutuales\">www.anses.gob.ar\/mutuales<\/a><\/u>.<\/p>\n<p>Asimismo, los descuentos aceptados deber\u00e1n ser revalidados cada 24 meses; caso contrario, ANSES dejar\u00e1 de descontar el importe de su recibo de haberes y el jubilado <strong>deber\u00e1 regularizar la situaci\u00f3n directamente con la mutual o cooperativa<\/strong>.<\/p>\n<p><strong>\u00a0<\/strong><\/p>\n<p><strong>\u00a0<\/strong><\/p>\n<p><strong>Grupos de pago para el 27 de mayo<img loading=\"lazy\" decoding=\"async\" class=\"aligncenter size-full wp-image-2494\" src=\"https:\/\/revistaepocadigital.com.ar\/wp-content\/uploads\/2019\/05\/ANSES1-1.jpg\" alt=\"\" width=\"912\" height=\"224\" srcset=\"https:\/\/revistaepocadigital.com.ar\/wp-content\/uploads\/2019\/05\/ANSES1-1.jpg 912w, https:\/\/revistaepocadigital.com.ar\/wp-content\/uploads\/2019\/05\/ANSES1-1-300x74.jpg 300w, https:\/\/revistaepocadigital.com.ar\/wp-content\/uploads\/2019\/05\/ANSES1-1-768x189.jpg 768w, https:\/\/revistaepocadigital.com.ar\/wp-content\/uploads\/2019\/05\/ANSES1-1-696x171.jpg 696w\" sizes=\"auto, (max-width: 912px) 100vw, 912px\" \/><\/strong><\/p>\n<ul>\n<li>Jubilados y pensionados cuyos haberes superan los $11.832 y sus documentos terminan en 4 y 5.<\/li>\n<li>Titulares de la Prestaci\u00f3n por Desempleo \u2013PLAN 1\u2013 cuyos documentos terminan en 2 y 3.<\/li>\n<\/ul>\n<p><strong>Los calendarios de pagos de todas las prestaciones pueden consultarse en <u><a href=\"http:\/\/www.anses.gob.ar\">www.anses.gob.ar<\/a><\/u>, opci\u00f3n <em>Accesos R\u00e1pidos<\/em>.<\/strong><\/p>\n","protected":false},"excerpt":{"rendered":"<p>LA PR\u00d3RROGA DISPUESTA POR ANSES.<\/p>\n","protected":false},"author":3,"featured_media":0,"comment_status":"open","ping_status":"open","sticky":false,"template":"","format":"standard","meta":{"footnotes":"","jetpack_publicize_message":"","jetpack_publicize_feature_enabled":true,"jetpack_social_post_already_shared":false,"jetpack_social_options":{"image_generator_settings":{"template":"highway","default_image_id":0,"font":"","enabled":false},"version":2}},"categories":[81],"tags":[349],"class_list":["post-2495","post","type-post","status-publish","format-standard","hentry","category-anses","tag-anses-27-5-19"],"jetpack_publicize_connections":[],"jetpack_featured_media_url":"","jetpack_likes_enabled":true,"_links":{"self":[{"href":"https:\/\/revistaepocadigital.com.ar\/index.php?rest_route=\/wp\/v2\/posts\/2495","targetHints":{"allow":["GET"]}}],"collection":[{"href":"https:\/\/revistaepocadigital.com.ar\/index.php?rest_route=\/wp\/v2\/posts"}],"about":[{"href":"https:\/\/revistaepocadigital.com.ar\/index.php?rest_route=\/wp\/v2\/types\/post"}],"author":[{"embeddable":true,"href":"https:\/\/revistaepocadigital.com.ar\/index.php?rest_route=\/wp\/v2\/users\/3"}],"replies":[{"embeddable":true,"href":"https:\/\/revistaepocadigital.com.ar\/index.php?rest_route=%2Fwp%2Fv2%2Fcomments&post=2495"}],"version-history":[{"count":0,"href":"https:\/\/revistaepocadigital.com.ar\/index.php?rest_route=\/wp\/v2\/posts\/2495\/revisions"}],"wp:attachment":[{"href":"https:\/\/revistaepocadigital.com.ar\/index.php?rest_route=%2Fwp%2Fv2%2Fmedia&parent=2495"}],"wp:term":[{"taxonomy":"category","embeddable":true,"href":"https:\/\/revistaepocadigital.com.ar\/index.php?rest_route=%2Fwp%2Fv2%2Fcategories&post=2495"},{"taxonomy":"post_tag","embeddable":true,"href":"https:\/\/revistaepocadigital.com.ar\/index.php?rest_route=%2Fwp%2Fv2%2Ftags&post=2495"}],"curies":[{"name":"wp","href":"https:\/\/api.w.org\/{rel}","templated":true}]}}