{"id":24959,"date":"2024-05-08T00:16:09","date_gmt":"2024-05-08T03:16:09","guid":{"rendered":"https:\/\/revistaepocadigital.com.ar\/?p=24959"},"modified":"2024-05-08T00:16:09","modified_gmt":"2024-05-08T03:16:09","slug":"el-centro-de-jubilados-del-barrio-san-jose-organiza-pena-y-folclore","status":"publish","type":"post","link":"https:\/\/revistaepocadigital.com.ar\/?p=24959","title":{"rendered":"El Centro de Jubilados del Barrio San Jos\u00e9 organiza pe\u00f1a y folclore"},"content":{"rendered":"<p><strong>CELEBRACI\u00d3N DEL 25 DE MAYO.<\/strong><!--more--><\/p>\n<p><img loading=\"lazy\" decoding=\"async\" class=\"aligncenter size-full wp-image-24960\" src=\"https:\/\/revistaepocadigital.com.ar\/wp-content\/uploads\/2024\/05\/milan.jpg\" alt=\"\" width=\"792\" height=\"1034\" srcset=\"https:\/\/revistaepocadigital.com.ar\/wp-content\/uploads\/2024\/05\/milan.jpg 792w, https:\/\/revistaepocadigital.com.ar\/wp-content\/uploads\/2024\/05\/milan-230x300.jpg 230w, https:\/\/revistaepocadigital.com.ar\/wp-content\/uploads\/2024\/05\/milan-768x1003.jpg 768w, https:\/\/revistaepocadigital.com.ar\/wp-content\/uploads\/2024\/05\/milan-696x909.jpg 696w, https:\/\/revistaepocadigital.com.ar\/wp-content\/uploads\/2024\/05\/milan-322x420.jpg 322w, https:\/\/revistaepocadigital.com.ar\/wp-content\/uploads\/2024\/05\/milan-643x840.jpg 643w\" sizes=\"auto, (max-width: 792px) 100vw, 792px\" \/><\/p>\n","protected":false},"excerpt":{"rendered":"<p>CELEBRACI\u00d3N DEL 25 DE MAYO.<\/p>\n","protected":false},"author":3,"featured_media":24960,"comment_status":"open","ping_status":"open","sticky":false,"template":"","format":"standard","meta":{"footnotes":"","jetpack_publicize_message":"","jetpack_publicize_feature_enabled":true,"jetpack_social_post_already_shared":true,"jetpack_social_options":{"image_generator_settings":{"template":"highway","default_image_id":0,"font":"","enabled":false},"version":2}},"categories":[12],"tags":[2717],"class_list":["post-24959","post","type-post","status-publish","format-standard","has-post-thumbnail","hentry","category-espectaculos","tag-jubilados-san-jose"],"jetpack_publicize_connections":[],"jetpack_featured_media_url":"https:\/\/revistaepocadigital.com.ar\/wp-content\/uploads\/2024\/05\/milan.jpg","jetpack_likes_enabled":true,"_links":{"self":[{"href":"https:\/\/revistaepocadigital.com.ar\/index.php?rest_route=\/wp\/v2\/posts\/24959","targetHints":{"allow":["GET"]}}],"collection":[{"href":"https:\/\/revistaepocadigital.com.ar\/index.php?rest_route=\/wp\/v2\/posts"}],"about":[{"href":"https:\/\/revistaepocadigital.com.ar\/index.php?rest_route=\/wp\/v2\/types\/post"}],"author":[{"embeddable":true,"href":"https:\/\/revistaepocadigital.com.ar\/index.php?rest_route=\/wp\/v2\/users\/3"}],"replies":[{"embeddable":true,"href":"https:\/\/revistaepocadigital.com.ar\/index.php?rest_route=%2Fwp%2Fv2%2Fcomments&post=24959"}],"version-history":[{"count":0,"href":"https:\/\/revistaepocadigital.com.ar\/index.php?rest_route=\/wp\/v2\/posts\/24959\/revisions"}],"wp:featuredmedia":[{"embeddable":true,"href":"https:\/\/revistaepocadigital.com.ar\/index.php?rest_route=\/wp\/v2\/media\/24960"}],"wp:attachment":[{"href":"https:\/\/revistaepocadigital.com.ar\/index.php?rest_route=%2Fwp%2Fv2%2Fmedia&parent=24959"}],"wp:term":[{"taxonomy":"category","embeddable":true,"href":"https:\/\/revistaepocadigital.com.ar\/index.php?rest_route=%2Fwp%2Fv2%2Fcategories&post=24959"},{"taxonomy":"post_tag","embeddable":true,"href":"https:\/\/revistaepocadigital.com.ar\/index.php?rest_route=%2Fwp%2Fv2%2Ftags&post=24959"}],"curies":[{"name":"wp","href":"https:\/\/api.w.org\/{rel}","templated":true}]}}