{"id":24963,"date":"2024-05-08T00:48:22","date_gmt":"2024-05-08T03:48:22","guid":{"rendered":"https:\/\/revistaepocadigital.com.ar\/?p=24963"},"modified":"2024-05-10T01:33:19","modified_gmt":"2024-05-10T04:33:19","slug":"la-federacion-argentina-de-empleados-de-comercio-y-servicios-adhiere-al-paro","status":"publish","type":"post","link":"https:\/\/revistaepocadigital.com.ar\/?p=24963","title":{"rendered":"La Federaci\u00f3n Argentina de Empleados de Comercio y Servicios adhiere al paro"},"content":{"rendered":"<p><strong>PREST\u00c1 ATENCI\u00d3N.<\/strong><\/p>\n<p>Para este jueves, la Confederaci\u00f3n del Trabajo (CGT), decidi\u00f3 el segundo paro general apuntado en contra del gobierno de Javier Milei por las medidas econ\u00f3micas y el rumbo adoptado. Las entidades gremiales que nuclean empleados de comercio se adhieren.<br \/>\n<!--more--><\/p>\n<p><img loading=\"lazy\" decoding=\"async\" class=\"aligncenter size-full wp-image-24966\" src=\"https:\/\/revistaepocadigital.com.ar\/wp-content\/uploads\/2024\/05\/si.jpg\" alt=\"\" width=\"540\" height=\"960\" srcset=\"https:\/\/revistaepocadigital.com.ar\/wp-content\/uploads\/2024\/05\/si.jpg 540w, https:\/\/revistaepocadigital.com.ar\/wp-content\/uploads\/2024\/05\/si-169x300.jpg 169w, https:\/\/revistaepocadigital.com.ar\/wp-content\/uploads\/2024\/05\/si-236x420.jpg 236w, https:\/\/revistaepocadigital.com.ar\/wp-content\/uploads\/2024\/05\/si-473x840.jpg 473w\" sizes=\"auto, (max-width: 540px) 100vw, 540px\" \/><\/p>\n","protected":false},"excerpt":{"rendered":"<p>PREST\u00c1 ATENCI\u00d3N. Para este jueves, la Confederaci\u00f3n del Trabajo (CGT), decidi\u00f3 el segundo paro general apuntado en contra del gobierno de Javier Milei por las medidas econ\u00f3micas y el rumbo adoptado. Las entidades gremiales que nuclean empleados de comercio se adhieren.<\/p>\n","protected":false},"author":3,"featured_media":24964,"comment_status":"open","ping_status":"open","sticky":false,"template":"","format":"standard","meta":{"footnotes":"","jetpack_publicize_message":"","jetpack_publicize_feature_enabled":true,"jetpack_social_post_already_shared":true,"jetpack_social_options":{"image_generator_settings":{"template":"highway","default_image_id":0,"font":"","enabled":false},"version":2}},"categories":[151],"tags":[727,2048],"class_list":["post-24963","post","type-post","status-publish","format-standard","has-post-thumbnail","hentry","category-empleados-de-comercio","tag-empleados-comercio","tag-paro"],"jetpack_publicize_connections":[],"jetpack_featured_media_url":"https:\/\/revistaepocadigital.com.ar\/wp-content\/uploads\/2024\/05\/SINDI-HUELGA.jpg","jetpack_likes_enabled":true,"_links":{"self":[{"href":"https:\/\/revistaepocadigital.com.ar\/index.php?rest_route=\/wp\/v2\/posts\/24963","targetHints":{"allow":["GET"]}}],"collection":[{"href":"https:\/\/revistaepocadigital.com.ar\/index.php?rest_route=\/wp\/v2\/posts"}],"about":[{"href":"https:\/\/revistaepocadigital.com.ar\/index.php?rest_route=\/wp\/v2\/types\/post"}],"author":[{"embeddable":true,"href":"https:\/\/revistaepocadigital.com.ar\/index.php?rest_route=\/wp\/v2\/users\/3"}],"replies":[{"embeddable":true,"href":"https:\/\/revistaepocadigital.com.ar\/index.php?rest_route=%2Fwp%2Fv2%2Fcomments&post=24963"}],"version-history":[{"count":0,"href":"https:\/\/revistaepocadigital.com.ar\/index.php?rest_route=\/wp\/v2\/posts\/24963\/revisions"}],"wp:featuredmedia":[{"embeddable":true,"href":"https:\/\/revistaepocadigital.com.ar\/index.php?rest_route=\/wp\/v2\/media\/24964"}],"wp:attachment":[{"href":"https:\/\/revistaepocadigital.com.ar\/index.php?rest_route=%2Fwp%2Fv2%2Fmedia&parent=24963"}],"wp:term":[{"taxonomy":"category","embeddable":true,"href":"https:\/\/revistaepocadigital.com.ar\/index.php?rest_route=%2Fwp%2Fv2%2Fcategories&post=24963"},{"taxonomy":"post_tag","embeddable":true,"href":"https:\/\/revistaepocadigital.com.ar\/index.php?rest_route=%2Fwp%2Fv2%2Ftags&post=24963"}],"curies":[{"name":"wp","href":"https:\/\/api.w.org\/{rel}","templated":true}]}}