{"id":2498,"date":"2019-05-28T17:11:18","date_gmt":"2019-05-28T20:11:18","guid":{"rendered":"https:\/\/revistaepocadigital.com.ar\/?p=2498"},"modified":"2019-05-28T17:11:18","modified_gmt":"2019-05-28T20:11:18","slug":"primer-plenario-nacional-del-organo-consultivo-del-ano","status":"publish","type":"post","link":"https:\/\/revistaepocadigital.com.ar\/?p=2498","title":{"rendered":"Primer Plenario Nacional del \u00d3rgano Consultivo del a\u00f1o"},"content":{"rendered":"<p><strong>SE LLEVO A CABO EN LA SEDE DE ANSES.<\/strong><!--more--><\/p>\n<p>En la sede central de ANSES se llev\u00f3 a cabo el Primer Plenario Nacional del \u00d3rgano Consultivo de 2019, en el que durante tres d\u00edas las m\u00e1ximas autoridades del organismo previsional y jubilados y pensionados de todo el pa\u00eds intercambiaron experiencias y participaron de diversas actividades, con el objetivo de fortalecer el v\u00ednculo entre ambas partes.<\/p>\n<p>Se detallaron los alcances y las condiciones de los <em>Cr\u00e9ditos ANSES<\/em>, del programa <em>Beneficios ANSES<\/em> e inclusi\u00f3n digital para centros de jubilados, entre otras tem\u00e1ticas. Adem\u00e1s, se presentaron las actividades que organiza el Programa Adultos Mayores (PAM).<\/p>\n<p><strong>\u00a0<\/strong><strong>Grupos de pago para el 28 de mayo<\/strong><\/p>\n<ul>\n<li>Jubilados y pensionados cuyos haberes superan los $11.832 y sus documentos terminan en 6, 7, 8 y 9.<\/li>\n<li>Titulares de la Prestaci\u00f3n por Desempleo \u2013PLAN 1\u2013 cuyos documentos terminan en 4 y 5.<\/li>\n<\/ul>\n<p><strong>Los calendarios de pagos de todas las prestaciones pueden consultarse en <u><a href=\"http:\/\/www.anses.gob.ar\">www.anses.gob.ar<\/a><\/u>, opci\u00f3n <em>Accesos R\u00e1pidos<\/em>.<\/strong><\/p>\n","protected":false},"excerpt":{"rendered":"<p>SE LLEVO A CABO EN LA SEDE DE ANSES.<\/p>\n","protected":false},"author":3,"featured_media":2499,"comment_status":"open","ping_status":"open","sticky":false,"template":"","format":"standard","meta":{"footnotes":"","jetpack_publicize_message":"","jetpack_publicize_feature_enabled":true,"jetpack_social_post_already_shared":false,"jetpack_social_options":{"image_generator_settings":{"template":"highway","default_image_id":0,"font":"","enabled":false},"version":2}},"categories":[81],"tags":[350],"class_list":["post-2498","post","type-post","status-publish","format-standard","has-post-thumbnail","hentry","category-anses","tag-anses-28-5-19"],"jetpack_publicize_connections":[],"jetpack_featured_media_url":"https:\/\/revistaepocadigital.com.ar\/wp-content\/uploads\/2019\/05\/logo-anses.1.jpg","jetpack_likes_enabled":true,"_links":{"self":[{"href":"https:\/\/revistaepocadigital.com.ar\/index.php?rest_route=\/wp\/v2\/posts\/2498","targetHints":{"allow":["GET"]}}],"collection":[{"href":"https:\/\/revistaepocadigital.com.ar\/index.php?rest_route=\/wp\/v2\/posts"}],"about":[{"href":"https:\/\/revistaepocadigital.com.ar\/index.php?rest_route=\/wp\/v2\/types\/post"}],"author":[{"embeddable":true,"href":"https:\/\/revistaepocadigital.com.ar\/index.php?rest_route=\/wp\/v2\/users\/3"}],"replies":[{"embeddable":true,"href":"https:\/\/revistaepocadigital.com.ar\/index.php?rest_route=%2Fwp%2Fv2%2Fcomments&post=2498"}],"version-history":[{"count":0,"href":"https:\/\/revistaepocadigital.com.ar\/index.php?rest_route=\/wp\/v2\/posts\/2498\/revisions"}],"wp:featuredmedia":[{"embeddable":true,"href":"https:\/\/revistaepocadigital.com.ar\/index.php?rest_route=\/wp\/v2\/media\/2499"}],"wp:attachment":[{"href":"https:\/\/revistaepocadigital.com.ar\/index.php?rest_route=%2Fwp%2Fv2%2Fmedia&parent=2498"}],"wp:term":[{"taxonomy":"category","embeddable":true,"href":"https:\/\/revistaepocadigital.com.ar\/index.php?rest_route=%2Fwp%2Fv2%2Fcategories&post=2498"},{"taxonomy":"post_tag","embeddable":true,"href":"https:\/\/revistaepocadigital.com.ar\/index.php?rest_route=%2Fwp%2Fv2%2Ftags&post=2498"}],"curies":[{"name":"wp","href":"https:\/\/api.w.org\/{rel}","templated":true}]}}