{"id":25001,"date":"2024-05-10T02:36:21","date_gmt":"2024-05-10T05:36:21","guid":{"rendered":"https:\/\/revistaepocadigital.com.ar\/?p=25001"},"modified":"2024-05-11T02:47:26","modified_gmt":"2024-05-11T05:47:26","slug":"anses-paga-hoy-pensiones-jubilaciones-y-asignaciones","status":"publish","type":"post","link":"https:\/\/revistaepocadigital.com.ar\/?p=25001","title":{"rendered":"EL IPS PAGA HABERES DE MAYO"},"content":{"rendered":"<p style=\"text-align: left;\" align=\"center\"><strong>AGENDA.<\/strong><!--more--><\/p>\n<p align=\"center\">El Instituto de Previsi\u00f3n Social (IPS) informa que las personas jubiladas y pensionadas de la provincia de Buenos Aires percibir\u00e1n los haberes del mes de mayo los d\u00edas jueves 30 y viernes 31 del corriente, seg\u00fan cronograma que se detalla a continuaci\u00f3n:<\/p>\n<div dir=\"ltr\">\n<p dir=\"ltr\">\u00a0\u00a0\u00a0\u00a0\u00a0\u00a0Jueves 30 de mayo:<\/p>\n<ul>\n<li dir=\"ltr\">\n<p dir=\"ltr\">Jubilaciones y pensiones con DNI terminados en 0, 1, 2 y 3;<\/p>\n<\/li>\n<li dir=\"ltr\">\n<p dir=\"ltr\">Pensiones sociales &#8211; no contributivas- con DNI terminados en 0, 1 , 2, 3, 4, 5, 6, 7, 8 y 9.<\/p>\n<\/li>\n<\/ul>\n<p dir=\"ltr\">\u00a0\u00a0\u00a0\u00a0\u00a0\u00a0\u00a0Viernes 31 de mayo:<\/p>\n<ul>\n<li dir=\"ltr\">\n<p dir=\"ltr\">jubilaciones y pensiones con DNI terminados en 4, 5, 6 ,7, 8 y 9.<\/p>\n<\/li>\n<\/ul>\n<p dir=\"ltr\">\u00a0El organismo previsional record\u00f3 adem\u00e1s que el vencimiento del pago por ventanilla ser\u00e1 el 24 de junio de 2024.<\/p>\n<p><span id=\"yiv4101971311gmail-docs-internal-guid-a1b6ed56-7fff-de0f-7998-90f115b7754d\"><br \/>\n<\/span><\/div>\n<div dir=\"ltr\" style=\"text-align: center;\"><strong>&#8212;&#8212;&#8212;&#8212;&#8212;&#8212;&#8212;&#8212;&#8212;&#8212;&#8212;&#8212;-<\/strong><\/div>\n<p align=\"center\">\n<p style=\"text-align: left;\" align=\"center\">nota anterior<\/p>\n<p style=\"text-align: left;\" align=\"center\"><strong>VIERNES 10 DE MAYO.<\/strong><!--more--><\/p>\n<p class=\"yiv5374639865MsoNormal\"><strong>Se informa que<\/strong><strong> hoy <\/strong><strong>contin\u00faan los pagos de<\/strong><b>\u00a0<\/b>las Pensiones No Contributivas (PNC), jubilaciones y pensiones m\u00ednimas, Asignaci\u00f3n Universal por Hijo y Asignaci\u00f3n Familiar por Hijo; en tanto, inician los de la Asignaci\u00f3n por Embarazo y las Asignaciones por Prenatal y Maternidad.<\/p>\n<p class=\"yiv5374639865MsoNormal\"><b>\u00a0<\/b><b>Pensiones No Contributivas<\/b><\/p>\n<p class=\"yiv5374639865MsoNormal\">Titulares con documentos concluidos en\u00a0<b>2\u00a0<\/b>y<b>\u00a03<\/b>\u00a0cobrar\u00e1n su haber, que incluye el aumento por movilidad del 11,01 por ciento m\u00e1s el bono de 70 mil pesos.<\/p>\n<p class=\"yiv5374639865MsoNormal\"><b>\u00a0<\/b><b>Jubilaciones y pensiones<\/b><\/p>\n<p class=\"yiv5374639865MsoNormal\">Titulares de jubilaciones y pensiones m\u00ednimas con documentos terminados en\u00a0<b>1<\/b>\u00a0cobrar\u00e1n su haber, que incluye el incremento por movilidad del 11,01 por ciento m\u00e1s el bono de 70 mil pesos.<\/p>\n<p class=\"yiv5374639865MsoNormal\"><b>\u00a0<\/b><b>Asignaci\u00f3n Universal por Hijo y Asignaci\u00f3n Familiar por Hijo<\/b><\/p>\n<p class=\"yiv5374639865MsoNormal\">Titulares con documentos finalizados en\u00a0<b>1<\/b>.<\/p>\n<p class=\"yiv5374639865MsoNormal\"><b>\u00a0<\/b><b>Asignaci\u00f3n por Embarazo<\/b><\/p>\n<p class=\"yiv5374639865MsoNormal\">Titulares con documentos concluidos en\u00a0<b>0<\/b>.<b><\/b><\/p>\n<p class=\"yiv5374639865MsoNormal\"><b>\u00a0<\/b><b>Asignaci\u00f3n por Prenatal y Maternidad<\/b><\/p>\n<p class=\"yiv5374639865MsoNormal\">Titulares con documentos terminados en\u00a0<b>0\u00a0<\/b>y<b>\u00a01<\/b>.<\/p>\n<p class=\"yiv5374639865MsoNormal\"><b>\u00a0<\/b><\/p>\n","protected":false},"excerpt":{"rendered":"<p>AGENDA.<\/p>\n","protected":false},"author":3,"featured_media":25003,"comment_status":"open","ping_status":"open","sticky":false,"template":"","format":"standard","meta":{"footnotes":"","jetpack_publicize_message":"","jetpack_publicize_feature_enabled":true,"jetpack_social_post_already_shared":true,"jetpack_social_options":{"image_generator_settings":{"template":"highway","default_image_id":0,"font":"","enabled":false},"version":2}},"categories":[4],"tags":[21,2700],"class_list":["post-25001","post","type-post","status-publish","format-standard","has-post-thumbnail","hentry","category-aqui-los-cardales","tag-anses","tag-ips"],"jetpack_publicize_connections":[],"jetpack_featured_media_url":"https:\/\/revistaepocadigital.com.ar\/wp-content\/uploads\/2024\/05\/anses-20230914-1653899-1.jpg","jetpack_likes_enabled":true,"_links":{"self":[{"href":"https:\/\/revistaepocadigital.com.ar\/index.php?rest_route=\/wp\/v2\/posts\/25001","targetHints":{"allow":["GET"]}}],"collection":[{"href":"https:\/\/revistaepocadigital.com.ar\/index.php?rest_route=\/wp\/v2\/posts"}],"about":[{"href":"https:\/\/revistaepocadigital.com.ar\/index.php?rest_route=\/wp\/v2\/types\/post"}],"author":[{"embeddable":true,"href":"https:\/\/revistaepocadigital.com.ar\/index.php?rest_route=\/wp\/v2\/users\/3"}],"replies":[{"embeddable":true,"href":"https:\/\/revistaepocadigital.com.ar\/index.php?rest_route=%2Fwp%2Fv2%2Fcomments&post=25001"}],"version-history":[{"count":0,"href":"https:\/\/revistaepocadigital.com.ar\/index.php?rest_route=\/wp\/v2\/posts\/25001\/revisions"}],"wp:featuredmedia":[{"embeddable":true,"href":"https:\/\/revistaepocadigital.com.ar\/index.php?rest_route=\/wp\/v2\/media\/25003"}],"wp:attachment":[{"href":"https:\/\/revistaepocadigital.com.ar\/index.php?rest_route=%2Fwp%2Fv2%2Fmedia&parent=25001"}],"wp:term":[{"taxonomy":"category","embeddable":true,"href":"https:\/\/revistaepocadigital.com.ar\/index.php?rest_route=%2Fwp%2Fv2%2Fcategories&post=25001"},{"taxonomy":"post_tag","embeddable":true,"href":"https:\/\/revistaepocadigital.com.ar\/index.php?rest_route=%2Fwp%2Fv2%2Ftags&post=25001"}],"curies":[{"name":"wp","href":"https:\/\/api.w.org\/{rel}","templated":true}]}}