{"id":2501,"date":"2019-05-29T00:11:25","date_gmt":"2019-05-29T03:11:25","guid":{"rendered":"https:\/\/revistaepocadigital.com.ar\/?p=2501"},"modified":"2019-05-28T17:14:00","modified_gmt":"2019-05-28T20:14:00","slug":"la-clave-de-la-seguridad-social-permite-realizar-tramites-de-anses-desde-la-web","status":"publish","type":"post","link":"https:\/\/revistaepocadigital.com.ar\/?p=2501","title":{"rendered":"La Clave de la Seguridad Social permite realizar tr\u00e1mites de ANSES desde la web"},"content":{"rendered":"<p><strong>LA CLAVE.<\/strong><!--more--><\/p>\n<p>Es una herramienta personal e intransferible que permite efectuar tr\u00e1mites del organismo a trav\u00e9s de su p\u00e1gina web <a href=\"http:\/\/www.anses.gob.ar\">www.anses.gob.ar<\/a> y puede crearse y habilitarse de manera sencilla y r\u00e1pida desde el mismo sitio del organismo previsional.<\/p>\n<p>Dicha clave se necesita para consultar la historia laboral, el lugar de cobro de la jubilaci\u00f3n o la asignaci\u00f3n familiar, solicitar un beneficio jubilatorio o una pensi\u00f3n derivada autom\u00e1tica, entre otros tr\u00e1mites.<\/p>\n<p><strong>\u00a0<\/strong><strong>Grupo de pago para 29 de mayo.<\/strong><\/p>\n<ul>\n<li>Titulares de la Prestaci\u00f3n por Desempleo \u2013PLAN 1\u2013 cuyos documentos terminan en 6 y 7.<\/li>\n<\/ul>\n<p><strong>Los calendarios de pagos de todas las prestaciones pueden consultarse en <u><a href=\"http:\/\/www.anses.gob.ar\">www.anses.gob.ar<\/a><\/u>, opci\u00f3n <em>Accesos R\u00e1pidos<\/em>.<\/strong><\/p>\n<p>&nbsp;<\/p>\n<p>&nbsp;<\/p>\n<p>&nbsp;<\/p>\n","protected":false},"excerpt":{"rendered":"<p>LA CLAVE.<\/p>\n","protected":false},"author":3,"featured_media":2502,"comment_status":"open","ping_status":"open","sticky":false,"template":"","format":"standard","meta":{"footnotes":"","jetpack_publicize_message":"","jetpack_publicize_feature_enabled":true,"jetpack_social_post_already_shared":false,"jetpack_social_options":{"image_generator_settings":{"template":"highway","default_image_id":0,"font":"","enabled":false},"version":2}},"categories":[81],"tags":[351,37],"class_list":["post-2501","post","type-post","status-publish","format-standard","has-post-thumbnail","hentry","category-anses","tag-anses-29-5-19","tag-destacada"],"jetpack_publicize_connections":[],"jetpack_featured_media_url":"https:\/\/revistaepocadigital.com.ar\/wp-content\/uploads\/2019\/05\/logo-anses-720x5761.png","jetpack_likes_enabled":true,"_links":{"self":[{"href":"https:\/\/revistaepocadigital.com.ar\/index.php?rest_route=\/wp\/v2\/posts\/2501","targetHints":{"allow":["GET"]}}],"collection":[{"href":"https:\/\/revistaepocadigital.com.ar\/index.php?rest_route=\/wp\/v2\/posts"}],"about":[{"href":"https:\/\/revistaepocadigital.com.ar\/index.php?rest_route=\/wp\/v2\/types\/post"}],"author":[{"embeddable":true,"href":"https:\/\/revistaepocadigital.com.ar\/index.php?rest_route=\/wp\/v2\/users\/3"}],"replies":[{"embeddable":true,"href":"https:\/\/revistaepocadigital.com.ar\/index.php?rest_route=%2Fwp%2Fv2%2Fcomments&post=2501"}],"version-history":[{"count":0,"href":"https:\/\/revistaepocadigital.com.ar\/index.php?rest_route=\/wp\/v2\/posts\/2501\/revisions"}],"wp:featuredmedia":[{"embeddable":true,"href":"https:\/\/revistaepocadigital.com.ar\/index.php?rest_route=\/wp\/v2\/media\/2502"}],"wp:attachment":[{"href":"https:\/\/revistaepocadigital.com.ar\/index.php?rest_route=%2Fwp%2Fv2%2Fmedia&parent=2501"}],"wp:term":[{"taxonomy":"category","embeddable":true,"href":"https:\/\/revistaepocadigital.com.ar\/index.php?rest_route=%2Fwp%2Fv2%2Fcategories&post=2501"},{"taxonomy":"post_tag","embeddable":true,"href":"https:\/\/revistaepocadigital.com.ar\/index.php?rest_route=%2Fwp%2Fv2%2Ftags&post=2501"}],"curies":[{"name":"wp","href":"https:\/\/api.w.org\/{rel}","templated":true}]}}