{"id":25010,"date":"2024-05-11T01:52:35","date_gmt":"2024-05-11T04:52:35","guid":{"rendered":"https:\/\/revistaepocadigital.com.ar\/?p=25010"},"modified":"2024-05-11T02:11:55","modified_gmt":"2024-05-11T05:11:55","slug":"25010","status":"publish","type":"post","link":"https:\/\/revistaepocadigital.com.ar\/?p=25010","title":{"rendered":"CEPRAL. TARIFAS EL\u00c9CTRICAS UNO DE LOS TEMAS MAS HABLADOS"},"content":{"rendered":"<p>EL INFORME.<!--more--><\/p>\n<p>&nbsp;<\/p>\n<table class=\"yiv4301251799r7-o\" role=\"presentation\" border=\"0\" width=\"100%\" cellspacing=\"0\" cellpadding=\"0\" align=\"center\">\n<tbody>\n<tr>\n<td class=\"yiv4301251799r9-i\">\n<table role=\"presentation\" border=\"0\" width=\"100%\" cellspacing=\"0\" cellpadding=\"0\">\n<tbody>\n<tr>\n<th class=\"yiv4301251799r5-c\" valign=\"top\" width=\"100%\">\n<table class=\"yiv4301251799r10-o\" role=\"presentation\" border=\"0\" width=\"100%\" cellspacing=\"0\" cellpadding=\"0\" align=\"left\">\n<tbody>\n<tr>\n<td class=\"yiv4301251799r11-i yiv4301251799nl2go-default-textstyle\" valign=\"top\">\n<div>\n<p>\u00a1En Contacto!<\/p>\n<p><strong>Estimados vecinos y usuarios:<\/strong><\/p>\n<p>Les compartimos informaci\u00f3n de su inter\u00e9s.<\/p>\n<p>El martes 30 de abril se llev\u00f3 a cabo en nuestra sede, la Asamblea General Ordinaria en la que fue\u00a0<strong>presentado y aprobado por unanimidad el Ejercicio Econ\u00f3mico N\u00b0 55<\/strong>, que se extiende desde el 1\u00b0 de enero al 31 de diciembre de 2023. En el mismo acto se aprob\u00f3 tambi\u00e9n la nueva n\u00f3mina de nuestro Consejo de Administraci\u00f3n.<\/p>\n<p>Una vez finalizada la Red De Fibra \u00d3ptica del Barrio Los Pinos, avanzamos con las migraciones de ADSL y los altas de nuevos usuarios que antes no pod\u00edan acceder al servicio de Internet por falta de pares.<\/p>\n<p>Haciendo un nuevo esfuerzo desde nuestra Cooperativa, continuamos con la ampliaci\u00f3n de \u00a0Red De Fibra \u00d3ptica. \u00a0<strong>Esta semana estamos finalizando la Primera Etapa en el barrio Parque Exaltaci\u00f3n.<\/strong><\/p>\n<p>A su vez, seguimos trabajando en los distintos barrios con el cambio de postes y reacomodamiento de las l\u00edneas de cableado de nuestros Servicios.<\/p>\n<p><strong>\u00a0<\/strong>Quedamos a disposici\u00f3n de nuestros usuarios por todas nuestras v\u00edas de comunicaci\u00f3n, ante cualquier inquietud que pueda surgirles.<\/p>\n<p><strong>Consejo de Administraci\u00f3n\u00a0<\/strong><br \/>\n<strong>Cepral<\/strong><\/p>\n<\/div>\n<\/td>\n<\/tr>\n<\/tbody>\n<\/table>\n<table class=\"yiv4301251799r10-o\" role=\"presentation\" border=\"0\" width=\"100%\" cellspacing=\"0\" cellpadding=\"0\" align=\"left\">\n<tbody>\n<tr>\n<td class=\"yiv4301251799r12-i yiv4301251799nl2go-default-textstyle\" valign=\"top\">\n<div>\n<p>&nbsp;<\/p>\n<p><strong>Es de suma importancia contar con los requisitos t\u00e9cnicos de protecci\u00f3n el\u00e9ctrica dentro de los domicilios.<\/strong><\/p>\n<p><strong>\u00a0<\/strong><\/p>\n<\/div>\n<\/td>\n<\/tr>\n<\/tbody>\n<\/table>\n<table class=\"yiv4301251799r7-o\" role=\"presentation\" border=\"0\" width=\"550\" cellspacing=\"0\" cellpadding=\"0\" align=\"center\">\n<tbody>\n<tr>\n<td class=\"yiv4301251799r13-i\"><img decoding=\"async\" src=\"https:\/\/ecp.yusercontent.com\/mail?url=https%3A%2F%2F41sau.img.sp1-brevo.net%2Fim%2Fsh%2FBt5HvGKc5YJ-.jpg%3Fu%3DWtVElij8PJZGdKGqfz9i99ZhF2tgHvTG&amp;t=1715402039&amp;ymreqid=a1e28384-e738-286e-1c25-ec002e016200&amp;sig=lF8wplQxgqA7VWUX_xXAMA--~D\" width=\"550\" border=\"0\" \/><\/td>\n<\/tr>\n<\/tbody>\n<\/table>\n<table class=\"yiv4301251799r7-o\" role=\"presentation\" border=\"0\" width=\"550\" cellspacing=\"0\" cellpadding=\"0\" align=\"center\">\n<tbody>\n<tr>\n<td class=\"yiv4301251799r13-i\"><img decoding=\"async\" src=\"https:\/\/ecp.yusercontent.com\/mail?url=https%3A%2F%2F41sau.img.sp1-brevo.net%2Fim%2Fsh%2FmGu-mTKCnlgb.jpg%3Fu%3DWtVElij8PJZGdmbYsPY4F4jxIsHVGfBK&amp;t=1715402039&amp;ymreqid=a1e28384-e738-286e-1c25-ec002e016200&amp;sig=dpHmKDrsxRji7gU95kjIuA--~D\" width=\"550\" border=\"0\" \/><\/td>\n<\/tr>\n<\/tbody>\n<\/table>\n<table class=\"yiv4301251799r10-o\" role=\"presentation\" border=\"0\" width=\"100%\" cellspacing=\"0\" cellpadding=\"0\" align=\"left\">\n<tbody>\n<tr>\n<td class=\"yiv4301251799r14-i yiv4301251799nl2go-default-textstyle\" valign=\"top\">\n<div>\n<h4 class=\"yiv4301251799default-heading4\">ASAMBLEA GENERAL ORDINARIA<\/h4>\n<p>El martes 30 de abril se llev\u00f3 a cabo la Asamblea General Ordinaria \u00a0en nuestra sede y tal cual lo inform\u00e1ramos de acuerdo a lo que nos marca el estatuto.<\/p>\n<p>En la misma fueron presentados y aprobados por unanimidad la Memoria y Balance General, Cuenta de Resultados, P\u00e9rdidas y Excedentes, el Informe del S\u00edndico y dictamen del Auditor Externo del Ejercicio Econ\u00f3mico N\u00b0 55, que abarca desde el 1\u00b0 de enero al 31 de diciembre de 2023.<\/p>\n<p>Como as\u00ed tambi\u00e9n se mencionaron las metas y objetivos para las distintas \u00e1reas de la Cooperativa, quedando tambi\u00e9n definida la N\u00f3mina del Consejo de Administraci\u00f3n que trabajar\u00e1 durante 2024.<\/p>\n<p>Agradecemos desde aqu\u00ed a todos los socios que se acercaron y queremos reconocer una vez m\u00e1s la labor de cada uno de nuestros trabajadores y cuerpo de asesores, con cuyo esfuerzo y compromiso podemos seguir avanzando y proyectando Cepral.<\/p>\n<p>Para conocer c\u00f3mo ha quedado conformada nuestra actual N\u00f3mina del Consejo de Administraci\u00f3n los invitamos a ingresar a:<\/p>\n<p><a href=\"https:\/\/41sau.r.sp1-brevo.net\/mk\/cl\/f\/sh\/1t6Af4OiGsDg0dtECwUktAHTAZdnnO\/7J-6ZChfy1AT\" target=\"_blank\" rel=\"nofollow noopener noreferrer\">https:\/\/cepral.coop\/main\/nuestro-consejo-de-administracion\/<\/a><\/p>\n<\/div>\n<\/td>\n<\/tr>\n<\/tbody>\n<\/table>\n<table class=\"yiv4301251799r7-o\" role=\"presentation\" border=\"0\" width=\"550\" cellspacing=\"0\" cellpadding=\"0\" align=\"center\">\n<tbody>\n<tr>\n<td class=\"yiv4301251799r13-i\"><img decoding=\"async\" src=\"https:\/\/ecp.yusercontent.com\/mail?url=https%3A%2F%2F41sau.img.sp1-brevo.net%2Fim%2Fsh%2FLZYumr2jVeoS.jpeg%3Fu%3DWtVElij8PJZGeEwH4pwQKzuDMhfKFOtO&amp;t=1715402039&amp;ymreqid=a1e28384-e738-286e-1c25-ec002e016200&amp;sig=duOWXOka.8zd.QMPkC9quA--~D\" width=\"550\" border=\"0\" \/><\/td>\n<\/tr>\n<\/tbody>\n<\/table>\n<\/th>\n<\/tr>\n<\/tbody>\n<\/table>\n<\/td>\n<\/tr>\n<\/tbody>\n<\/table>\n<table class=\"yiv4301251799r7-o\" role=\"presentation\" border=\"0\" width=\"100%\" cellspacing=\"0\" cellpadding=\"0\" align=\"center\">\n<tbody>\n<tr>\n<td class=\"yiv4301251799r9-i\">\n<table role=\"presentation\" border=\"0\" width=\"100%\" cellspacing=\"0\" cellpadding=\"0\">\n<tbody>\n<tr>\n<th class=\"yiv4301251799r5-c\" valign=\"top\" width=\"100%\">\n<table class=\"yiv4301251799r6-o\" role=\"presentation\" border=\"0\" width=\"100%\" cellspacing=\"0\" cellpadding=\"0\">\n<tbody>\n<tr>\n<td class=\"yiv4301251799r15-i\" valign=\"top\">\n<table role=\"presentation\" border=\"0\" width=\"100%\" cellspacing=\"0\" cellpadding=\"0\">\n<tbody>\n<tr>\n<td class=\"yiv4301251799r16-c yiv4301251799nl2go-default-textstyle\" align=\"left\">\n<div>\n<p>El canal de TV por cable TeleRed, se emiti\u00f3 la entrevista realizada por Marina V\u00e1zquez (programa Nuestro Tiempo) a nuestro presidente, quien respondi\u00f3 a las preguntas relacionadas con el nuevo escenario de las tarifas del Servicio de Electricidad.<\/p>\n<p>Tambi\u00e9n disponible por el canal de YouTube ingresando en:<\/p>\n<p><a href=\"https:\/\/41sau.r.sp1-brevo.net\/mk\/cl\/f\/sh\/1t6Af4OiGsE8LM5ebIag3QLIYOcXVS\/duTkVJxZf-d5\" target=\"_blank\" rel=\"nofollow noopener noreferrer\">https:\/\/www.youtube.com\/results?search_query=Nuestro+tiempo+TV<\/a><\/p>\n<p>&nbsp;<\/p>\n<\/div>\n<\/td>\n<\/tr>\n<\/tbody>\n<\/table>\n<\/td>\n<\/tr>\n<\/tbody>\n<\/table>\n<\/th>\n<\/tr>\n<\/tbody>\n<\/table>\n<\/td>\n<\/tr>\n<\/tbody>\n<\/table>\n<table class=\"yiv4301251799r7-o\" role=\"presentation\" border=\"0\" width=\"100%\" cellspacing=\"0\" cellpadding=\"0\" align=\"center\">\n<tbody>\n<tr>\n<td class=\"yiv4301251799r9-i\">\n<table role=\"presentation\" border=\"0\" width=\"100%\" cellspacing=\"0\" cellpadding=\"0\">\n<tbody>\n<tr>\n<th class=\"yiv4301251799r5-c\" valign=\"top\" width=\"100%\">\n<table class=\"yiv4301251799r6-o\" role=\"presentation\" border=\"0\" width=\"100%\" cellspacing=\"0\" cellpadding=\"0\">\n<tbody>\n<tr>\n<td class=\"yiv4301251799r15-i\" valign=\"top\">\n<table role=\"presentation\" border=\"0\" width=\"100%\" cellspacing=\"0\" cellpadding=\"0\">\n<tbody>\n<tr>\n<td class=\"yiv4301251799r17-c\" align=\"center\"><img decoding=\"async\" src=\"https:\/\/ecp.yusercontent.com\/mail?url=https%3A%2F%2F41sau.img.sp1-brevo.net%2Fim%2Fsh%2FWK6VwSC9koMW.jpg%3Fu%3DWtVElij8PJZGehGzHGKmQv4TQX39E8bS&amp;t=1715402039&amp;ymreqid=a1e28384-e738-286e-1c25-ec002e016200&amp;sig=BPDDHPCvjMU3YGtlMfycxQ--~D\" width=\"560\" border=\"0\" \/><\/td>\n<\/tr>\n<\/tbody>\n<\/table>\n<\/td>\n<\/tr>\n<\/tbody>\n<\/table>\n<\/th>\n<\/tr>\n<\/tbody>\n<\/table>\n<\/td>\n<\/tr>\n<\/tbody>\n<\/table>\n<table class=\"yiv4301251799r7-o\" role=\"presentation\" border=\"0\" width=\"100%\" cellspacing=\"0\" cellpadding=\"0\" align=\"center\">\n<tbody>\n<tr>\n<td class=\"yiv4301251799r9-i\">\n<table role=\"presentation\" border=\"0\" width=\"100%\" cellspacing=\"0\" cellpadding=\"0\">\n<tbody>\n<tr>\n<th class=\"yiv4301251799r5-c\" valign=\"top\" width=\"100%\">\n<table class=\"yiv4301251799r6-o\" role=\"presentation\" border=\"0\" width=\"100%\" cellspacing=\"0\" cellpadding=\"0\">\n<tbody>\n<tr>\n<td class=\"yiv4301251799r15-i\" valign=\"top\">\n<table role=\"presentation\" border=\"0\" width=\"100%\" cellspacing=\"0\" cellpadding=\"0\">\n<tbody>\n<tr>\n<td class=\"yiv4301251799r16-c yiv4301251799nl2go-default-textstyle\" align=\"left\">\n<div>\n<p>El\u00a0<strong>uso responsable de la energ\u00eda el\u00e9ctrica<\/strong>\u00a0apunta a complementar los esfuerzos de la eficiencia energ\u00e9tica mediante el cuidado y uso apropiado de todas las tecnolog\u00edas que nos brindan un servicio energ\u00e9tico (calefacci\u00f3n, luz, etc.).<\/p>\n<p>Es el conjunto de actividades dirigidas a reducir el consumo de energ\u00eda a trav\u00e9s de un uso m\u00e1s eficaz y responsable de la misma. Tiene que ver con los h\u00e1bitos de consumo de cada individuo.<\/p>\n<p>La etiqueta de\u00a0<strong>Eficiencia Energ\u00e9tica<\/strong>\u00a0es una herramienta que brinda informaci\u00f3n sobre cu\u00e1nta energ\u00eda consumen los artefactos, electrodom\u00e9sticos o gasodom\u00e9sticos, y cu\u00e1l es su nivel de eficiencia energ\u00e9tica.<\/p>\n<p>Son muy f\u00e1ciles de ver ya que se encuentran siempre en forma de adhesivo y tienen una barra de colores en escalera con letras en orden alfab\u00e9tico, donde cada escal\u00f3n representa un nivel de eficiencia energ\u00e9tica.<\/p>\n<p><strong>Cumple con dos funciones puntuales:<\/strong><\/p>\n<p>\u2022 Ayuda a ahorrar dinero, como consecuencia de ahorrar energ\u00eda, reduciendo el costo de las facturas de gas y electricidad.<br \/>\n\u2022 Es una herramienta de informaci\u00f3n para realizar una compra inteligente al momento de adquirir artefactos para el hogar, eligiendo los que menos energ\u00eda consumen, es decir, los m\u00e1s eficientes.<\/p>\n<p>Si est\u00e1 por comprar un electrodom\u00e9stico nuevo, tenga en cuenta estas indicaciones y consulte respecto de la eficiencia energ\u00e9tica antes de decidirse.<\/p>\n<\/div>\n<\/td>\n<\/tr>\n<\/tbody>\n<\/table>\n<\/td>\n<\/tr>\n<\/tbody>\n<\/table>\n<\/th>\n<\/tr>\n<\/tbody>\n<\/table>\n<\/td>\n<\/tr>\n<\/tbody>\n<\/table>\n<table class=\"yiv4301251799r7-o\" role=\"presentation\" border=\"0\" width=\"100%\" cellspacing=\"0\" cellpadding=\"0\" align=\"center\">\n<tbody>\n<tr>\n<td class=\"yiv4301251799r9-i\">\n<table role=\"presentation\" border=\"0\" width=\"100%\" cellspacing=\"0\" cellpadding=\"0\">\n<tbody>\n<tr>\n<th class=\"yiv4301251799r5-c\" valign=\"top\" width=\"100%\">\n<table class=\"yiv4301251799r6-o\" role=\"presentation\" border=\"0\" width=\"100%\" cellspacing=\"0\" cellpadding=\"0\">\n<tbody>\n<tr>\n<td class=\"yiv4301251799r15-i\" valign=\"top\">\n<table role=\"presentation\" border=\"0\" width=\"100%\" cellspacing=\"0\" cellpadding=\"0\">\n<tbody>\n<tr>\n<td class=\"yiv4301251799r18-c\" align=\"left\">\n<table class=\"yiv4301251799r10-o\" role=\"presentation\" border=\"0\" width=\"100%\" cellspacing=\"0\" cellpadding=\"0\">\n<tbody>\n<tr>\n<td class=\"yiv4301251799r19-i yiv4301251799nl2go-default-textstyle\" valign=\"top\">&nbsp;<\/p>\n<h4 class=\"yiv4301251799default-heading4\"><strong>TE RESPONDEMOS ALGUNAS PREGUNTAS FRECUENTES ACERCA DE TU CONSUMO EL\u00c9CTRICO<\/strong><\/h4>\n<p><strong>\u00bfC\u00f3mo mide mis consumos Cepral?<\/strong><\/p>\n<p>La lectura de medidores se realiza bimestralmente, la unidad de medida es KWh y comprende 60 d\u00edas<\/p>\n<p><strong>\u00bfQu\u00e9 es lo que estoy pagando?<\/strong><\/p>\n<p>Siempre pag\u00e1s la energ\u00eda que ya consumiste. \u00a0Por ejemplo: los consumos de marzo y abril los pagar\u00e1s en las facturas con vencimiento en mayo y junio.<\/p>\n<p><strong>\u00bfC\u00f3mo veo mi consumo en la factura?<\/strong><\/p>\n<p>En tu factura pod\u00e9s chequear tu consumo, confirmar en que \u201cR\u201d est\u00e1s y cu\u00e1nto vas a pagar el KWh. Tambi\u00e9n encontr\u00e1s toda esta informaci\u00f3n en nuestra Oficina Virtual ingresando a\u00a0<a href=\"https:\/\/41sau.r.sp1-brevo.net\/mk\/cl\/f\/sh\/1t6Af4OiGsEag4I4zegbDgP7wDbHDW\/gctNdCBeayMF\" target=\"_blank\" rel=\"nofollow noopener noreferrer\">www.cepral.coop<\/a><\/p>\n<p><strong>\u00bfDe d\u00f3nde surge el importe que me facturan?<\/strong><\/p>\n<p>Al total de los KWh consumidos que arroj\u00f3 la medici\u00f3n se lo divide en 2 y se lo multiplica por el costo del KWh, de acuerdo al segmento y categor\u00eda en que te encuentres.<\/p>\n<p><strong>Mi consumo es bimestral, pero \u00bfc\u00f3mo impacta en el valor de mi factura?<\/strong><\/p>\n<p>El total de tu consumo se divide en 2 facturas mensuales consecutivas.<\/p>\n<p><strong>\u00bfQu\u00e9 pasa si sube la tarifa?<\/strong><\/p>\n<p>La tarifa se aplica proporcional al per\u00edodo que consumiste (60 d\u00edas).\u00a0 Si hubo ajuste en este per\u00edodo, se aplicar\u00e1 a los d\u00edas correspondientes a partir de la vigencia del nuevo cuadro tarifario.<\/p>\n<p><strong>Importante:<\/strong>\u00a0por esta raz\u00f3n puede ocurrir que dentro de un mismo mes, haya dos precios distintos y el resultado de lo que abonar\u00e1s en tu factura sea el mix del Cuadro Tarifario vigente anterior y del nuevo.<\/p>\n<p>Para consultar los Cuadros Tarifarios correspondientes a nuestra zona (\u00c1rea Norte), ingresar a:<\/p>\n<p><a href=\"https:\/\/41sau.r.sp1-brevo.net\/mk\/cl\/f\/sh\/1t6Af4OiGsF30mUVO0mWNwSxK2a0va\/VUZpP22JDk9B\" target=\"_blank\" rel=\"nofollow noopener noreferrer\">https:\/\/www.oceba.gba.gov.ar\/nueva_web\/s.php?i=17<\/a><\/p>\n<p>&nbsp;<\/p>\n<p>&nbsp;<\/td>\n<\/tr>\n<\/tbody>\n<\/table>\n<\/td>\n<\/tr>\n<tr>\n<td class=\"yiv4301251799r20-c yiv4301251799nl2go-default-textstyle\" align=\"left\">\n<div>\n<p>&nbsp;<\/p>\n<p><strong>Desde nuestra Cooperativa los instamos a seguir haciendo un uso racional del consumo de energ\u00eda el\u00e9ctrica para prevenir un fuerte aumento en las pr\u00f3ximas facturas.<\/strong><\/p>\n<p>&nbsp;<\/p>\n<\/div>\n<\/td>\n<\/tr>\n<tr>\n<td class=\"yiv4301251799r21-c\" align=\"center\">\n<table role=\"presentation\" border=\"0\" width=\"100%\" cellspacing=\"0\" cellpadding=\"0\">\n<tbody>\n<tr>\n<td height=\"0\">\u00ad<\/td>\n<\/tr>\n<\/tbody>\n<\/table>\n<\/td>\n<\/tr>\n<tr>\n<td class=\"yiv4301251799r17-c\" align=\"center\"><img decoding=\"async\" src=\"https:\/\/ecp.yusercontent.com\/mail?url=https%3A%2F%2F41sau.img.sp1-brevo.net%2Fim%2Fsh%2F4P7NTocBfHN0.jpg%3Fu%3DWtVElij8PJZGf9bhTgj8WqEjUMQyCsJW&amp;t=1715402039&amp;ymreqid=a1e28384-e738-286e-1c25-ec002e016200&amp;sig=fUkeAE14YbRXf5PXHcXxkQ--~D\" width=\"560\" border=\"0\" \/><\/td>\n<\/tr>\n<tr>\n<td class=\"yiv4301251799r17-c\" align=\"center\"><img decoding=\"async\" src=\"https:\/\/ecp.yusercontent.com\/mail?url=https%3A%2F%2F41sau.img.sp1-brevo.net%2Fim%2Fsh%2FIVpQWs_lAu-4.jpeg%3Fu%3DWtVElij8PJZGfbwPg77UclOzYBonBc1a&amp;t=1715402039&amp;ymreqid=a1e28384-e738-286e-1c25-ec002e016200&amp;sig=so0CA.6W5zWJafX1E2IYSw--~D\" width=\"560\" border=\"0\" \/><\/td>\n<\/tr>\n<tr>\n<td class=\"yiv4301251799r18-c\" align=\"left\">\n<table class=\"yiv4301251799r10-o\" role=\"presentation\" border=\"0\" width=\"100%\" cellspacing=\"0\" cellpadding=\"0\">\n<tbody>\n<tr>\n<td class=\"yiv4301251799r22-i yiv4301251799nl2go-default-textstyle\" valign=\"top\">\n<div>\n<h4 class=\"yiv4301251799default-heading4\">FIBRA \u00d3PTICA A TU HOGAR 1\u00b0 ETAPA DEL BARRIO PARQUE EXALTACI\u00d3N<\/h4>\n<p>La semana proxima culminamos las tareas del tendido de la red de Fibra \u00d3ptica en el barrio Parque Exaltaci\u00f3n (Primera Etapa).<\/p>\n<p>Estamos trabajando en las calles R\u00edo Limay y R\u00edo Paran\u00e1, realizando las tareas de poda previa a ir instalando los anclajes y la Fibra \u00d3ptica.<\/p>\n<p>En breve estimamos poder contactar a los vecinos de esa zona, que por ahora son los \u00fanicos que podr\u00e1n comenzar a inscribirse, para poder disfrutar de este servicio tan esperado en el barrio.<\/p>\n<p>&nbsp;<\/p>\n<\/div>\n<\/td>\n<\/tr>\n<\/tbody>\n<\/table>\n<\/td>\n<\/tr>\n<tr>\n<td class=\"yiv4301251799r18-c\" align=\"left\">\n<table class=\"yiv4301251799r10-o\" role=\"presentation\" border=\"0\" width=\"100%\" cellspacing=\"0\" cellpadding=\"0\">\n<tbody>\n<tr>\n<td class=\"yiv4301251799r23-i yiv4301251799nl2go-default-textstyle\" valign=\"top\">\n<div>\n<h4 class=\"yiv4301251799default-heading4\">MANTENEMOS LOS ABONOS DE INTERNET CON EL MISMO PRECIO DEL MES DE FEBRERO 2024<\/h4>\n<p>Con un gran esfuerzo desde nuestra Cooperativa logramos mantener los precios del abono de internet desde el mes de febrero. \u00a0Aunque de mantenerse las condiciones econ\u00f3micas del pa\u00eds, nos veremos obligados a realizar un ajuste del mismo a partir del mes de junio 2024.<\/p>\n<p>Recordamos que a trav\u00e9s del D<i>ecreto 302\/2024\u00a0<\/i>publicado en el Bolet\u00edn Oficial el 10 de abril, el Ejecutivo le puso fin al Decreto 690 de 2020, que le daba al ENACOM la facultad de congelar precios y fijar los aumentos tarifarios de los Servicios de\u00a0<strong>internet, telefon\u00eda y televisi\u00f3n por cable<\/strong>.<\/p>\n<p><a title=\"Nota Diario La Naci\u00f3n \" href=\"https:\/\/41sau.r.sp1-brevo.net\/mk\/cl\/f\/sh\/1t6Af4OiGsFVLUgvmMsRYCWmhrYkde\/tOelYla62Ee-\" target=\"_blank\" rel=\"nofollow noopener noreferrer\">https:\/\/www.lanacion.com.ar\/politica\/el-gobierno-derogo-el-dnu-que-controlaba-los-precios-de-los-servicios-de-cable-internet-y-celular-nid10042024\/<\/a><\/p>\n<p>&nbsp;<\/p>\n<\/div>\n<\/td>\n<\/tr>\n<\/tbody>\n<\/table>\n<\/td>\n<\/tr>\n<\/tbody>\n<\/table>\n<\/td>\n<\/tr>\n<\/tbody>\n<\/table>\n<\/th>\n<\/tr>\n<\/tbody>\n<\/table>\n<\/td>\n<\/tr>\n<\/tbody>\n<\/table>\n<table class=\"yiv4301251799r7-o\" role=\"presentation\" border=\"0\" width=\"100%\" cellspacing=\"0\" cellpadding=\"0\" align=\"center\">\n<tbody>\n<tr>\n<td class=\"yiv4301251799r9-i\">\n<table role=\"presentation\" border=\"0\" width=\"100%\" cellspacing=\"0\" cellpadding=\"0\">\n<tbody>\n<tr>\n<th class=\"yiv4301251799r5-c\" valign=\"top\" width=\"100%\">\n<table class=\"yiv4301251799r6-o\" role=\"presentation\" border=\"0\" width=\"100%\" cellspacing=\"0\" cellpadding=\"0\">\n<tbody>\n<tr>\n<td class=\"yiv4301251799r15-i\" valign=\"top\">\n<table role=\"presentation\" border=\"0\" width=\"100%\" cellspacing=\"0\" cellpadding=\"0\">\n<tbody>\n<tr>\n<td class=\"yiv4301251799r17-c\" align=\"center\"><img decoding=\"async\" src=\"https:\/\/ecp.yusercontent.com\/mail?url=https%3A%2F%2F41sau.img.sp1-brevo.net%2Fim%2Fsh%2FuLokHOyVG-LV.jpeg%3Fu%3DWtVElij8PJZGg4H7sXVqigZFc1CcALje&amp;t=1715402039&amp;ymreqid=a1e28384-e738-286e-1c25-ec002e016200&amp;sig=b0op1EyWneVwPCezY2.iSg--~D\" width=\"560\" border=\"0\" \/><\/td>\n<\/tr>\n<tr>\n<td class=\"yiv4301251799r18-c\" align=\"left\">\n<table class=\"yiv4301251799r10-o\" role=\"presentation\" border=\"0\" width=\"100%\" cellspacing=\"0\" cellpadding=\"0\">\n<tbody>\n<tr>\n<td class=\"yiv4301251799r24-i yiv4301251799nl2go-default-textstyle\" valign=\"top\">\n<div>\n<h4 class=\"yiv4301251799default-heading4\"><strong>BARRIO LOS PINOS<\/strong><\/h4>\n<p>FINALIZACI\u00d3N DEL TENDIDO DE LA RED DE FIBRA \u00d3PTICA EN TU HOGAR<\/p>\n<p>Hemos finalizado con el tendido de la red de Fibra \u00d3ptica en Tu Hogar en el barrio Los Pinos, tareas que se vieron demoradas por la gran vegetaci\u00f3n imperante que dificult\u00f3 el final de la obra, debido a que tuvimos realizar gran cantidad de poda para despejar las \u00e1reas por donde va el cableado.<\/p>\n<p>&nbsp;<\/p>\n<p><strong>Continuamos dando de alta a los vecinos del barrio, seg\u00fan el orden de prioridades acordado al momento de la inscripci\u00f3n.<\/strong><\/p>\n<p>&nbsp;<\/p>\n<\/div>\n<\/td>\n<\/tr>\n<\/tbody>\n<\/table>\n<\/td>\n<\/tr>\n<\/tbody>\n<\/table>\n<\/td>\n<\/tr>\n<\/tbody>\n<\/table>\n<\/th>\n<\/tr>\n<\/tbody>\n<\/table>\n<\/td>\n<\/tr>\n<\/tbody>\n<\/table>\n<table class=\"yiv4301251799r7-o\" role=\"presentation\" border=\"0\" width=\"100%\" cellspacing=\"0\" cellpadding=\"0\" align=\"center\">\n<tbody>\n<tr>\n<td class=\"yiv4301251799r25-i\">\n<table role=\"presentation\" border=\"0\" width=\"100%\" cellspacing=\"0\" cellpadding=\"0\">\n<tbody>\n<tr>\n<th class=\"yiv4301251799r5-c\" valign=\"top\" width=\"100%\">\n<table class=\"yiv4301251799r10-o\" role=\"presentation\" border=\"0\" width=\"100%\" cellspacing=\"0\" cellpadding=\"0\" align=\"left\">\n<tbody>\n<tr>\n<td class=\"yiv4301251799r11-i yiv4301251799nl2go-default-textstyle\" valign=\"top\">\n<div>\n<p>El Uso Racional de la Energ\u00eda El\u00e9ctrica nos beneficia a todos.<\/p>\n<\/div>\n<\/td>\n<\/tr>\n<\/tbody>\n<\/table>\n<\/th>\n<\/tr>\n<\/tbody>\n<\/table>\n<\/td>\n<\/tr>\n<\/tbody>\n<\/table>\n","protected":false},"excerpt":{"rendered":"<p>EL INFORME.<\/p>\n","protected":false},"author":3,"featured_media":25012,"comment_status":"open","ping_status":"open","sticky":false,"template":"","format":"standard","meta":{"footnotes":"","jetpack_publicize_message":"","jetpack_publicize_feature_enabled":true,"jetpack_social_post_already_shared":true,"jetpack_social_options":{"image_generator_settings":{"template":"highway","default_image_id":0,"font":"","enabled":false},"version":2}},"categories":[5],"tags":[2719],"class_list":["post-25010","post","type-post","status-publish","format-standard","has-post-thumbnail","hentry","category-aqui-parada-robles","tag-cepral-informe-mayo-2024"],"jetpack_publicize_connections":[],"jetpack_featured_media_url":"https:\/\/revistaepocadigital.com.ar\/wp-content\/uploads\/2024\/05\/cepral-5n.jpg","jetpack_likes_enabled":true,"_links":{"self":[{"href":"https:\/\/revistaepocadigital.com.ar\/index.php?rest_route=\/wp\/v2\/posts\/25010","targetHints":{"allow":["GET"]}}],"collection":[{"href":"https:\/\/revistaepocadigital.com.ar\/index.php?rest_route=\/wp\/v2\/posts"}],"about":[{"href":"https:\/\/revistaepocadigital.com.ar\/index.php?rest_route=\/wp\/v2\/types\/post"}],"author":[{"embeddable":true,"href":"https:\/\/revistaepocadigital.com.ar\/index.php?rest_route=\/wp\/v2\/users\/3"}],"replies":[{"embeddable":true,"href":"https:\/\/revistaepocadigital.com.ar\/index.php?rest_route=%2Fwp%2Fv2%2Fcomments&post=25010"}],"version-history":[{"count":0,"href":"https:\/\/revistaepocadigital.com.ar\/index.php?rest_route=\/wp\/v2\/posts\/25010\/revisions"}],"wp:featuredmedia":[{"embeddable":true,"href":"https:\/\/revistaepocadigital.com.ar\/index.php?rest_route=\/wp\/v2\/media\/25012"}],"wp:attachment":[{"href":"https:\/\/revistaepocadigital.com.ar\/index.php?rest_route=%2Fwp%2Fv2%2Fmedia&parent=25010"}],"wp:term":[{"taxonomy":"category","embeddable":true,"href":"https:\/\/revistaepocadigital.com.ar\/index.php?rest_route=%2Fwp%2Fv2%2Fcategories&post=25010"},{"taxonomy":"post_tag","embeddable":true,"href":"https:\/\/revistaepocadigital.com.ar\/index.php?rest_route=%2Fwp%2Fv2%2Ftags&post=25010"}],"curies":[{"name":"wp","href":"https:\/\/api.w.org\/{rel}","templated":true}]}}