{"id":25016,"date":"2024-05-12T21:41:03","date_gmt":"2024-05-13T00:41:03","guid":{"rendered":"https:\/\/revistaepocadigital.com.ar\/?p=25016"},"modified":"2024-05-25T11:29:53","modified_gmt":"2024-05-25T14:29:53","slug":"traverso-se-fue-un-grande-el-cielo-no-pudo-esperar","status":"publish","type":"post","link":"https:\/\/revistaepocadigital.com.ar\/?p=25016","title":{"rendered":"TRAVERSO. SE FUE UN GRANDE, EL CIELO NO PUDO ESPERAR"},"content":{"rendered":"<div id=\"microsite\">\n<div class=\"overflowhidden\">\n<div class=\"titulo-seccion\">\n<p><strong>LA SALUD RESQUEBRAJADA, SU FALLECIMIENTO.<\/strong><\/p>\n<\/div>\n<\/div>\n<\/div>\n<p><!--more--><\/p>\n<p>En los \u00faltimos tiempos, sobrellev\u00f3 con dignidad una dolencia en el es\u00f3fago y pulmones, que a\u00fan con los deseos fervientes que mejorase, hab\u00eda tornado muy preocupante su estado de salud. Falleci\u00f3 en su lugar, en Ramallo, all\u00ed lo velaban de 13 a 18 horas, en la Parroquia Cristo Salvador, Rivadavia 69, Villa Ramallo; su lugar en el mundo.<\/p>\n<div>Aunque cueste creerlo, el Flaco, el piloto m\u00e1s trascendente, m\u00e1s idolatrado, el hombre que m\u00e1s trascendi\u00f3 las fronteras del automovilismo, se fue para siempre.<\/div>\n<div><\/div>\n<div>A la conmoci\u00f3n provocada por su muerte a los 73 a\u00f1os, se suma el dolor, la pesadumbre, la amargura para miles de seguidores, hinchas y para gran parte del ambiente ferrero.<\/div>\n<div><\/div>\n<div>Para hablar de Traverso no son necesarios los apelativos.<\/div>\n<div><\/div>\n<div>\u00bfComo insinuar una semblanza del tipo m\u00e1s renombrado, m\u00e1s idolatrado y a la vez pol\u00e9mico. Como ninguno, el Flaco &#8220;movi\u00f3 el amper\u00edmetro&#8221;, monopolizo el inter\u00e9s, pese a que se hab\u00eda retirado hac\u00eda casi 20 a\u00f1os, aquel fr\u00edo domingo en Olavarr\u00eda cuando antes de largar la primera serie de TC, arriba de su casa rodante termin\u00f3 de madurar el retiro. En el box, su inconfundible Torino violeta qued\u00f3 en silencio. M\u00faltiple campe\u00f3n, signo distintivo del automovilismo y del deporte en la Argentina.<\/div>\n<div><\/div>\n<div>\u00a0<i class=\"fab fa-twitter\" title=\"Twitter\"><\/i><\/div>\n<div id=\"async-content\" class=\"contenedor-general\">\n<div id=\"\" class=\"nota-ampliada\">\n<div class=\"fecha-compartir\">\n<div class=\"icono-compartir\">\n<div class=\"iconos-redes\"><\/div>\n<\/div>\n<\/div>\n<div class=\"overflowhidden\">\n<div class=\"columna-principal\">\n<div class=\"owl-carousel-imagenes-nota-ampliada owl-theme owl-loaded owl-drag\">\n<div class=\"owl-stage-outer owl-height\">\n<div class=\"owl-stage\">\n<div class=\"owl-item active\">\n<div class=\"item\">\n<div class=\"img\"><img decoding=\"async\" src=\"https:\/\/www.cadena3.com\/admin\/playerswf\/fotos\/ARCHI_1107612.jpg\" alt=\"FOTO: Juan Mar\u00eda Traverso falleci\u00f3 a sus 73 a\u00f1os. (Foto: archivo)\" \/><\/div>\n<\/div>\n<\/div>\n<\/div>\n<\/div>\n<div class=\"owl-dots disabled\">Campe\u00f3n de Turismo Carretera, de TC2000, de Top Race; inigualable a la hora de sentarse frente al volante de un auto de carrera. Un ganador nato, un piloto distinto, de esos que rompen el molde y con una personalidad inconfundible.<\/div>\n<\/div>\n<\/div>\n<\/div>\n<\/div>\n<\/div>\n<div><\/div>\n<div><strong>UN CURRICULUM SUPERLATIVO.<\/strong><\/div>\n<div>Nombre: Juan Mar\u00eda Traverso<br \/>\nApodo: Flaco<br \/>\nNacionalidad:Argentino<br \/>\nNacimiento y lugar: 28-12-50 en Ramallo<br \/>\nRetiro del automovilismo: TC, Olavarr\u00eda 2005<br \/>\nCarrera deportiva: Corri\u00f3 entre 1971-2005<br \/>\nDebut: 1971 con Torino en Turismo Carretera<br \/>\nTitulo: TC 6 (1977, 1978, 1995, 1996, 1997, 1999)<br \/>\nTC2000 7 (1986, 1988, 1990, 1991, 1992, 1993, 1995)<br \/>\nTop Race 3 (1998, 1999, 2003)<br \/>\nOtras categor\u00edas: Corri\u00f3 en F-2 Nacional y F-2<br \/>\nEuropea, en Rally Nacional, Rally de Argentina<br \/>\npor el Mundial (1988 gan\u00f3 su clase con un<\/div>\n<div>Renault 18), Turismo Italiano, Desaf\u00edo de<br \/>\nlos Valientes, Club Argentino de Pilotos<\/div>\n<div id=\"async-content\" class=\"contenedor-general\">\n<div id=\"\" class=\"nota-ampliada\">\n<div class=\"overflowhidden\">\n<div class=\"columna-principal\">\n<div class=\"owl-carousel-imagenes-nota-ampliada owl-theme owl-loaded owl-drag\">\n<div><\/div>\n<\/div>\n<div id=\"cuerpo-nota\">\n<p><strong>Un \u00edcono del automovilismo, una leyenda.<\/strong><\/p>\n<p><strong>TRAVERSO.<\/strong><\/p>\n<\/div>\n<\/div>\n<\/div>\n<\/div>\n<\/div>\n","protected":false},"excerpt":{"rendered":"<p>LA SALUD RESQUEBRAJADA, SU FALLECIMIENTO.<\/p>\n","protected":false},"author":4,"featured_media":25017,"comment_status":"open","ping_status":"open","sticky":false,"template":"","format":"standard","meta":{"footnotes":"","jetpack_publicize_message":"","jetpack_publicize_feature_enabled":true,"jetpack_social_post_already_shared":true,"jetpack_social_options":{"image_generator_settings":{"template":"highway","default_image_id":0,"font":"","enabled":false},"version":2}},"categories":[15],"tags":[2720],"class_list":["post-25016","post","type-post","status-publish","format-standard","has-post-thumbnail","hentry","category-lo-que-tenes-que-saber","tag-traverso-fallecimiento-2024"],"jetpack_publicize_connections":[],"jetpack_featured_media_url":"https:\/\/revistaepocadigital.com.ar\/wp-content\/uploads\/2024\/05\/juan-maria-traverso_862x485.webp","jetpack_likes_enabled":true,"_links":{"self":[{"href":"https:\/\/revistaepocadigital.com.ar\/index.php?rest_route=\/wp\/v2\/posts\/25016","targetHints":{"allow":["GET"]}}],"collection":[{"href":"https:\/\/revistaepocadigital.com.ar\/index.php?rest_route=\/wp\/v2\/posts"}],"about":[{"href":"https:\/\/revistaepocadigital.com.ar\/index.php?rest_route=\/wp\/v2\/types\/post"}],"author":[{"embeddable":true,"href":"https:\/\/revistaepocadigital.com.ar\/index.php?rest_route=\/wp\/v2\/users\/4"}],"replies":[{"embeddable":true,"href":"https:\/\/revistaepocadigital.com.ar\/index.php?rest_route=%2Fwp%2Fv2%2Fcomments&post=25016"}],"version-history":[{"count":0,"href":"https:\/\/revistaepocadigital.com.ar\/index.php?rest_route=\/wp\/v2\/posts\/25016\/revisions"}],"wp:featuredmedia":[{"embeddable":true,"href":"https:\/\/revistaepocadigital.com.ar\/index.php?rest_route=\/wp\/v2\/media\/25017"}],"wp:attachment":[{"href":"https:\/\/revistaepocadigital.com.ar\/index.php?rest_route=%2Fwp%2Fv2%2Fmedia&parent=25016"}],"wp:term":[{"taxonomy":"category","embeddable":true,"href":"https:\/\/revistaepocadigital.com.ar\/index.php?rest_route=%2Fwp%2Fv2%2Fcategories&post=25016"},{"taxonomy":"post_tag","embeddable":true,"href":"https:\/\/revistaepocadigital.com.ar\/index.php?rest_route=%2Fwp%2Fv2%2Ftags&post=25016"}],"curies":[{"name":"wp","href":"https:\/\/api.w.org\/{rel}","templated":true}]}}