{"id":2504,"date":"2019-05-30T00:14:05","date_gmt":"2019-05-30T03:14:05","guid":{"rendered":"https:\/\/revistaepocadigital.com.ar\/?p=2504"},"modified":"2019-05-28T17:16:23","modified_gmt":"2019-05-28T20:16:23","slug":"la-acreditacion-de-datos-personales-es-necesaria-para-realizar-tramites-2","status":"publish","type":"post","link":"https:\/\/revistaepocadigital.com.ar\/?p=2504","title":{"rendered":"La acreditaci\u00f3n de datos personales es necesaria para realizar tr\u00e1mites"},"content":{"rendered":"<p><strong>ANSES RECUERDA.<br \/>\n<\/strong><!--more--><\/p>\n<p>Para realizar cualquier tipo de tr\u00e1mite ante el organismo, el interesado debe tener actualizados sus datos personales y familiares en las bases correspondientes. Para acreditar esa informaci\u00f3n, deber\u00e1 acercarse a cualquier delegaci\u00f3n sin turno previo.<\/p>\n<p>Si se trata de datos personales, tendr\u00e1 que presentar el Documento Nacional de Identidad. Para acreditar v\u00ednculos familiares, deber\u00e1 adjuntar, en el caso de matrimonio, el certificado correspondiente y de los hijos el certificado de nacimiento de cada uno, tenencia o guarda.<\/p>\n<p>En todos los casos, debe a\u00f1adirse copia a la documentaci\u00f3n.<\/p>\n<p><strong>Grupo de pago para 30 de mayo.<\/strong><\/p>\n<ul>\n<li>Titulares de la Prestaci\u00f3n por Desempleo \u2013PLAN 1\u2013 cuyos documentos terminan en 8 y 9.<\/li>\n<\/ul>\n<p><strong>Los calendarios de pagos de todas las prestaciones pueden consultarse en <u><a href=\"http:\/\/www.anses.gob.ar\">www.anses.gob.ar<\/a><\/u>, opci\u00f3n <em>Accesos R\u00e1pidos<\/em>.<\/strong><\/p>\n","protected":false},"excerpt":{"rendered":"<p>ANSES RECUERDA.<\/p>\n","protected":false},"author":3,"featured_media":2505,"comment_status":"open","ping_status":"open","sticky":false,"template":"","format":"standard","meta":{"footnotes":"","jetpack_publicize_message":"","jetpack_publicize_feature_enabled":true,"jetpack_social_post_already_shared":false,"jetpack_social_options":{"image_generator_settings":{"template":"highway","default_image_id":0,"font":"","enabled":false},"version":2}},"categories":[81],"tags":[352,37],"class_list":["post-2504","post","type-post","status-publish","format-standard","has-post-thumbnail","hentry","category-anses","tag-anses-30-5-19","tag-destacada"],"jetpack_publicize_connections":[],"jetpack_featured_media_url":"https:\/\/revistaepocadigital.com.ar\/wp-content\/uploads\/2019\/05\/ANSES1-1-1.jpg","jetpack_likes_enabled":true,"_links":{"self":[{"href":"https:\/\/revistaepocadigital.com.ar\/index.php?rest_route=\/wp\/v2\/posts\/2504","targetHints":{"allow":["GET"]}}],"collection":[{"href":"https:\/\/revistaepocadigital.com.ar\/index.php?rest_route=\/wp\/v2\/posts"}],"about":[{"href":"https:\/\/revistaepocadigital.com.ar\/index.php?rest_route=\/wp\/v2\/types\/post"}],"author":[{"embeddable":true,"href":"https:\/\/revistaepocadigital.com.ar\/index.php?rest_route=\/wp\/v2\/users\/3"}],"replies":[{"embeddable":true,"href":"https:\/\/revistaepocadigital.com.ar\/index.php?rest_route=%2Fwp%2Fv2%2Fcomments&post=2504"}],"version-history":[{"count":0,"href":"https:\/\/revistaepocadigital.com.ar\/index.php?rest_route=\/wp\/v2\/posts\/2504\/revisions"}],"wp:featuredmedia":[{"embeddable":true,"href":"https:\/\/revistaepocadigital.com.ar\/index.php?rest_route=\/wp\/v2\/media\/2505"}],"wp:attachment":[{"href":"https:\/\/revistaepocadigital.com.ar\/index.php?rest_route=%2Fwp%2Fv2%2Fmedia&parent=2504"}],"wp:term":[{"taxonomy":"category","embeddable":true,"href":"https:\/\/revistaepocadigital.com.ar\/index.php?rest_route=%2Fwp%2Fv2%2Fcategories&post=2504"},{"taxonomy":"post_tag","embeddable":true,"href":"https:\/\/revistaepocadigital.com.ar\/index.php?rest_route=%2Fwp%2Fv2%2Ftags&post=2504"}],"curies":[{"name":"wp","href":"https:\/\/api.w.org\/{rel}","templated":true}]}}