{"id":2507,"date":"2019-05-31T00:16:29","date_gmt":"2019-05-31T03:16:29","guid":{"rendered":"https:\/\/revistaepocadigital.com.ar\/?p=2507"},"modified":"2019-05-28T17:20:13","modified_gmt":"2019-05-28T20:20:13","slug":"aumentan-jubilaciones-pensiones-y-asignaciones-familiares","status":"publish","type":"post","link":"https:\/\/revistaepocadigital.com.ar\/?p=2507","title":{"rendered":"AUMENTAN JUBILACIONES, PENSIONES Y ASIGNACIONES FAMILIARES"},"content":{"rendered":"<p><strong>EL INCREMENTO ES DEL <\/strong><strong>10,74%.<\/strong><!--more--><\/p>\n<p>ANSES informa que, a partir del 1 de junio, m\u00e1s de 13,2 millones de personas recibir\u00e1n un aumento del 10,74% en sus haberes. De ese total, m\u00e1s de 6,9 millones corresponden a jubilaciones y pensiones; m\u00e1s de 1,5 millones a Pensiones No Contributivas (PNC) y Pensiones Universales para el Adulto Mayor (PUAM), m\u00e1s de 4,8 millones a Asignaciones Familiares (AAFF).<\/p>\n<p>Con este segundo aumento anual, la jubilaci\u00f3n m\u00ednima pasar\u00e1 de $10.410,37 a $11.528,44 y la PUAM ascender\u00e1 de $8328,29 a $9222,75.<\/p>\n<p>Tambi\u00e9n aumentar\u00e1 la Ayuda Escolar Anual a $1884 por hijo, que el Estado paga a los trabajadores formales, a quienes cobran la PUAM, la Prestaci\u00f3n por Desempleo y la Asignaci\u00f3n Universal. Asimismo, la Asignaci\u00f3n Familiar por Hijo con Discapacidad ascender\u00e1 a $7331.<\/p>\n<p><strong>\u00a0<\/strong><strong>Los calendarios de pagos de todas las prestaciones pueden consultarse en <u><a href=\"http:\/\/www.anses.gob.ar\">www.anses.gob.ar<\/a><\/u>, opci\u00f3n <em>Accesos R\u00e1pidos<\/em>.<\/strong><\/p>\n","protected":false},"excerpt":{"rendered":"<p>EL INCREMENTO ES DEL 10,74%.<\/p>\n","protected":false},"author":3,"featured_media":2510,"comment_status":"open","ping_status":"open","sticky":false,"template":"","format":"standard","meta":{"footnotes":"","jetpack_publicize_message":"","jetpack_publicize_feature_enabled":true,"jetpack_social_post_already_shared":false,"jetpack_social_options":{"image_generator_settings":{"template":"highway","default_image_id":0,"font":"","enabled":false},"version":2}},"categories":[81],"tags":[353,37],"class_list":["post-2507","post","type-post","status-publish","format-standard","has-post-thumbnail","hentry","category-anses","tag-anses-31-5-19","tag-destacada"],"jetpack_publicize_connections":[],"jetpack_featured_media_url":"https:\/\/revistaepocadigital.com.ar\/wp-content\/uploads\/2019\/05\/logo-anses-720x5761-1.png","jetpack_likes_enabled":true,"_links":{"self":[{"href":"https:\/\/revistaepocadigital.com.ar\/index.php?rest_route=\/wp\/v2\/posts\/2507","targetHints":{"allow":["GET"]}}],"collection":[{"href":"https:\/\/revistaepocadigital.com.ar\/index.php?rest_route=\/wp\/v2\/posts"}],"about":[{"href":"https:\/\/revistaepocadigital.com.ar\/index.php?rest_route=\/wp\/v2\/types\/post"}],"author":[{"embeddable":true,"href":"https:\/\/revistaepocadigital.com.ar\/index.php?rest_route=\/wp\/v2\/users\/3"}],"replies":[{"embeddable":true,"href":"https:\/\/revistaepocadigital.com.ar\/index.php?rest_route=%2Fwp%2Fv2%2Fcomments&post=2507"}],"version-history":[{"count":0,"href":"https:\/\/revistaepocadigital.com.ar\/index.php?rest_route=\/wp\/v2\/posts\/2507\/revisions"}],"wp:featuredmedia":[{"embeddable":true,"href":"https:\/\/revistaepocadigital.com.ar\/index.php?rest_route=\/wp\/v2\/media\/2510"}],"wp:attachment":[{"href":"https:\/\/revistaepocadigital.com.ar\/index.php?rest_route=%2Fwp%2Fv2%2Fmedia&parent=2507"}],"wp:term":[{"taxonomy":"category","embeddable":true,"href":"https:\/\/revistaepocadigital.com.ar\/index.php?rest_route=%2Fwp%2Fv2%2Fcategories&post=2507"},{"taxonomy":"post_tag","embeddable":true,"href":"https:\/\/revistaepocadigital.com.ar\/index.php?rest_route=%2Fwp%2Fv2%2Ftags&post=2507"}],"curies":[{"name":"wp","href":"https:\/\/api.w.org\/{rel}","templated":true}]}}