{"id":25072,"date":"2024-06-03T01:24:09","date_gmt":"2024-06-03T04:24:09","guid":{"rendered":"https:\/\/revistaepocadigital.com.ar\/?p=25072"},"modified":"2024-06-04T02:06:48","modified_gmt":"2024-06-04T05:06:48","slug":"safyb-advierte-que-la-vacuna-para-el-dengue-no-termine-siendo-como-la-de-covid","status":"publish","type":"post","link":"https:\/\/revistaepocadigital.com.ar\/?p=25072","title":{"rendered":"SAFYB ADVIERTE: \u201cQUE LA VACUNA PARA EL DENGUE NO TERMINE SIENDO COMO LA DE COVID"},"content":{"rendered":"<p><strong>ATENCI\u00d3N.<\/strong><\/p>\n<p>y primera demanda contra el Estado argentino y el laboratorio AstraZeneca<\/p>\n<p><!--more--><\/p>\n<p>&nbsp;<\/p>\n<p>&#8220;<em>Antes de aprobar una vacuna, hay que estudiarla lo suficiente para confirmar su efectividad y seguridad. Las autoridades deben evitar que la inyecci\u00f3n contra el dengue produzca co\u00e1gulos, inflamaci\u00f3n del coraz\u00f3n, par\u00e1lisis muscular y los dem\u00e1s efectos adversos graves que tuvieron las vacunas covid\u201d<\/em>, afirm\u00f3 el doctor en farmacia y bioqu\u00edmica de la Universidad de Buenos Aires y titular del Sindicato Argentino de Farmac\u00e9uticos y Bioqu\u00edmicos (SAFYB), Marcelo Peretta.<\/p>\n<p>Una damnificada cordobesa present\u00f3 la primera demanda contra el Estado argentino y el laboratorio AstraZeneca, por 90 millones de pesos, ya que asegura padecer el S\u00edndrome de Guillain Barr\u00e9 (par\u00e1lisis del cuerpo) tras haber recibido la vacuna contra el Covid de esa empresa. Esto sucede a d\u00edas de conocerse la decisi\u00f3n del laboratorio ingl\u00e9s de sacar del mercado europeo la venta de su vacuna para Covid, <strong>Vaxzervria, tras la demanda colectiva que recibiera por 51 muertes por trombosis (co\u00e1gulos) y miocarditis en el Reino Unido. El laboratorio asegura que el retiro se debi\u00f3 a motivos netamente comerciales, pero las dudas crecen.<\/strong><\/p>\n<p><em>\u201cQue se aplicaran millones de dosis, y se denunciaran pocos efectos adversos, no significa que las vacunas contra el Covid fueran efectivas, porque no sabemos si la protecci\u00f3n fue de la vacuna o de la inmunidad natural o adquirida (con la circulaci\u00f3n y el paso del tiempo) propia de los pacientes; pero al verificarse secundarismos graves como trombosis o miocarditis, se confirm\u00f3 que eran inseguras y debieron estudiarse m\u00e1s antes de aprobarlas\u201d<\/em>, sostuvo Peretta.<\/p>\n<p>\u201cL<em>a seguridad de una vacuna, como la de todo medicamento, se certifica por la ausencia de da\u00f1os o efectos adversos, no por la presencia de beneficios. Hay cientos de medicamentos para la diabetes, artrosis u obesidad que aparecieron como la \u201cgran\u201d soluci\u00f3n a problemas de salud y terminaron retirados del mercado por su peligrosidad, debiendo indemnizar a las v\u00edctimas.\u201d<\/em><\/p>\n<p><em>\u201cLos sanitaristas y farmac\u00f3logos sabemos del balance riesgo \/ beneficio que debe regir a todo nuevo f\u00e1rmaco: tiene que curar sin hacer da\u00f1o y si da\u00f1a no puede aprobarse por m\u00e1s que cure\u201d<\/em>, manifest\u00f3 Peretta, que adem\u00e1s es autor de los libros \u201cReingenier\u00eda Farmac\u00e9utica\u201d 1 y 2 edici\u00f3n, publicados por Editorial M\u00e9dica Panamericana.<\/p>\n<p>El experto y representante de los farmac\u00e9uticos y bioqu\u00edmicos del pa\u00eds, considera que <em>\u201cla demanda cordobesa es la punta del iceberg, habr\u00e1 m\u00e1s acciones legales contra los funcionarios que aprobaron las vacunas sin los requisitos de seguridad suficientes y contra los laboratorios que hicieron un brutal negocio con una desgracia mundial\u201d<\/em><\/p>\n<p>En este sentido, desde SAFYB recomiendan a los voceros que \u201cantes de salir en televisi\u00f3n recomendando un determinado medicamento o una determinada vacuna, que no fueron suficientemente estudiados, deben comprender que adem\u00e1s de incurrir en una falta \u00e9tica, cargar\u00e1n con la responsabilidad que impliquen sus apresurados consejos en l\u00ednea con los perjuicios ocasionados por los f\u00e1rmacos que recomiendan.\u201d<\/p>\n<p>El SAFYB advierte que con la vacuna para el Dengue puede suceder lo mismo que con las vacunas para Covid, ya que aplicarlas masivamente, sin contar con los estudios y pruebas suficientes que garanticen su total seguridad, traer\u00e1 consecuencias. <strong>La Comisi\u00f3n Nacional de Inmunizaciones (CONAIN) confirm\u00f3 que no hay datos disponibles sobre campa\u00f1as reactivas para frenar brotes epid\u00e9micos con la vacuna contra el dengue y que, esta estrategia, debe acompa\u00f1arse con una vigilancia intensificada de la seguridad de la vacuna; adem\u00e1s de recomendar \u201cavanzar con los estudios econ\u00f3micos y de efectividad\u201d.<\/strong><\/p>\n<p>\u201cAl Dengue primero hay que atacarlo con higiene, fumigaci\u00f3n, descacharreo, agua potable, buena alimentaci\u00f3n y, si hace falta, paracetamol, pero no con una vacuna insegura por el solo hecho de apurar los tiempos y aprovechar una oportunidad de negocio\u201d, finaliz\u00f3 el SAFYB.<\/p>\n<p>&nbsp;<\/p>\n<p>Para m\u00e1s informaci\u00f3n: <a href=\"https:\/\/www.safyb.org.ar\/#!\/-home2\/\">https:\/\/www.safyb.org.ar\/#!\/-home2\/<\/a><\/p>\n","protected":false},"excerpt":{"rendered":"<p>ATENCI\u00d3N. y primera demanda contra el Estado argentino y el laboratorio AstraZeneca<\/p>\n","protected":false},"author":3,"featured_media":25074,"comment_status":"open","ping_status":"open","sticky":false,"template":"","format":"standard","meta":{"footnotes":"","jetpack_publicize_message":"","jetpack_publicize_feature_enabled":true,"jetpack_social_post_already_shared":true,"jetpack_social_options":{"image_generator_settings":{"template":"highway","default_image_id":0,"font":"","enabled":false},"version":2}},"categories":[11],"tags":[2728,2727],"class_list":["post-25072","post","type-post","status-publish","format-standard","has-post-thumbnail","hentry","category-entidades","tag-demanda-a-astrazeneca","tag-vacuna-dengue"],"jetpack_publicize_connections":[],"jetpack_featured_media_url":"https:\/\/revistaepocadigital.com.ar\/wp-content\/uploads\/2024\/05\/qdenga.jpg","jetpack_likes_enabled":true,"_links":{"self":[{"href":"https:\/\/revistaepocadigital.com.ar\/index.php?rest_route=\/wp\/v2\/posts\/25072","targetHints":{"allow":["GET"]}}],"collection":[{"href":"https:\/\/revistaepocadigital.com.ar\/index.php?rest_route=\/wp\/v2\/posts"}],"about":[{"href":"https:\/\/revistaepocadigital.com.ar\/index.php?rest_route=\/wp\/v2\/types\/post"}],"author":[{"embeddable":true,"href":"https:\/\/revistaepocadigital.com.ar\/index.php?rest_route=\/wp\/v2\/users\/3"}],"replies":[{"embeddable":true,"href":"https:\/\/revistaepocadigital.com.ar\/index.php?rest_route=%2Fwp%2Fv2%2Fcomments&post=25072"}],"version-history":[{"count":0,"href":"https:\/\/revistaepocadigital.com.ar\/index.php?rest_route=\/wp\/v2\/posts\/25072\/revisions"}],"wp:featuredmedia":[{"embeddable":true,"href":"https:\/\/revistaepocadigital.com.ar\/index.php?rest_route=\/wp\/v2\/media\/25074"}],"wp:attachment":[{"href":"https:\/\/revistaepocadigital.com.ar\/index.php?rest_route=%2Fwp%2Fv2%2Fmedia&parent=25072"}],"wp:term":[{"taxonomy":"category","embeddable":true,"href":"https:\/\/revistaepocadigital.com.ar\/index.php?rest_route=%2Fwp%2Fv2%2Fcategories&post=25072"},{"taxonomy":"post_tag","embeddable":true,"href":"https:\/\/revistaepocadigital.com.ar\/index.php?rest_route=%2Fwp%2Fv2%2Ftags&post=25072"}],"curies":[{"name":"wp","href":"https:\/\/api.w.org\/{rel}","templated":true}]}}