{"id":25194,"date":"2024-06-07T18:40:34","date_gmt":"2024-06-07T21:40:34","guid":{"rendered":"https:\/\/revistaepocadigital.com.ar\/?p=25194"},"modified":"2024-06-10T23:15:07","modified_gmt":"2024-06-11T02:15:07","slug":"peaje-larena-los-reclamos-por-la-falta-de-colectoras-se-acentuan","status":"publish","type":"post","link":"https:\/\/revistaepocadigital.com.ar\/?p=25194","title":{"rendered":"PEAJE LARENA. LOS RECLAMOS POR LA FALTA DE COLECTORAS"},"content":{"rendered":"<p><strong>LOS VECINOS DE EXALTACI\u00d3N DE LA CRUZ Y LA ZONA, PERJUDICADOS DESDE LOS COMIENZOS DE LA ESTACI\u00d3N DE PEAJE, HACE 20 A\u00d1OS.<\/strong><!--more--><\/p>\n<p>Una imperiosa necesidad, justificada, desde aquellos inicios del establecimiento de la Estaci\u00f3n de Peaje Larena. Los vecinos no cuentan con la reglamentada calle colectora, constru\u00edda en un sector sin haberse finalizado en el tramo m\u00e1s importante, que les permita transitar sin abonar la tarifa de peaje, como deber\u00eda ocurrir.<\/p>\n<p>Las quejas y planteamientos datan de hace muchos a\u00f1os, sin que en momento alguno la empresa diera respuestas y por ende, la soluci\u00f3n no llegara. Vecinos cada vez m\u00e1s numerosos contin\u00faan con medidas para que sean constru\u00eddas lasa calles colectoras, instancias acentuadas en los \u00faltimos tiempos, ante el fastidio muy marcado de la gente m\u00e1s a\u00fan luego de haberse aplicado un aumento del 200% a las tarifas en el peaje, autorizado por el gobierno nacional, como ocurriera en todas las rutas concesionadas, sin que pese a semejantes ingresos, se hayan notado mejoras sustanciales a modo de mejorar fundamentalmente, la seguridad de los automovilistas, sabidos son la cantidad de accidentes luctuosos que saben producirse en muchos casos por el estado malo de las rutas.<\/p>\n<p>Ante el aumento de las tarifas en Larena, el valor pas\u00f3 de 300 a 900 pesos, sum\u00e1ndose que la empresa concesionaria, Corredores Viales S.A., hizo saber que el pago es obligatorio para todas las personas, acrecentando el malestar de vecinos de la zona que circulaban como \u201cno pagantes\u201d.<\/p>\n<p>La tirantez de la situaci\u00f3n llev\u00f3 a otras asambleas y movilizaciones de vecinos, a modo de deliberar en relaci\u00f3n a los pasos a dar, entre se cont\u00f3 -como public\u00f3 el peri\u00f3dico El Lugare\u00f1o- el banderazo llevado a cabo d\u00edas atr\u00e1s. Manifestantes se ubicaron a metros de las cabinas y comenzaron a protestar en forma pac\u00edfica pero firme, escuch\u00e1ndose cantos como &#8220;sin colectora, no hay peaje\u201d, ratificando el reclamo que se extiende desde hace unos 20 a\u00f1os, sin que surgieran soluciones.<\/p>\n<p>Vale recordar -cit\u00f3 el peri\u00f3dico mencionado- que el reclamo vecinal est\u00e1 sujeto a las obras de colectoras que deber\u00eda haberse construido cuando se iniciaron las obras de la Autopista Pilar-Pergamino, pero nunca se concretaron. De esta manera, sin la existencia de una v\u00eda alterna y la presencia de tres cabinas de peaje en una distancia de 60 kil\u00f3metros dentro de la traza de la Ruta 8 (Acceso Norte, Larena y Sol\u00eds), se apunta a la inconstitucionalidad por incumplir con la premisa del libre tr\u00e1nsito.<\/p>\n<p>Luego de lo que fue la m\u00e1s reciente manifestaci\u00f3n, que para resaltar no depar\u00f3 en mayores inconvenientes para los automovilistas que transitaban, los vecinos resolvieron ir por un segundo banderazo el s\u00e1bado 1 de junio a partir de las 16 con la convocatoria para reunirse en la entrada del Barrio Parque Sakura.<\/p>\n<p>A la vez que los reclamos no cesan, seg\u00fan lo publicado por El Lugare\u00f1o, vecinos solicitaron a otros pobladores del distrito y la zona a \u201cno tener miedo\u201d al negarse a pagar la tarifa, ya que \u201cno hay multa\u201d. A su vez, m\u00e1s a all\u00e1 de algunos casos de automovilistas a quienes se los hizo esperar un lapso de tiempo prolongado o fueron amenazados con aplicarseles una infracci\u00f3n, quienes circulan por el lugar contin\u00faan sin pagar peaje.<\/p>\n<p>En tanto, \u00bfque rol juega la Municipalidad de Exaltaci\u00f3n de la Cruz en el conflicto?. El\u00a0 mismo peri\u00f3dico mencion\u00f3 que el municipio ha apoyado las manifestaciones de vecinos, adem\u00e1s de elevar un pedido a la empresa concesionaria para que suspenda el cobro del peaje a todos los vecinos de Exaltaci\u00f3n de la Cruz. La nota mostr\u00f3 argumentos en tal sentido, entre otros el hecho de que dos pasadas diarias para los vecinos implican para vecinos un gasto por\u00a0 mes de nada menos que 44 mil pesos, record\u00e1ndose el \u201cestado calamitoso de la cinta asf\u00e1ltica, con pozos, falta de banquinas, iluminaci\u00f3n, demarcaci\u00f3n, formaci\u00f3n de espejos de agua e inundaciones en los d\u00edas de lluvia y falta de puentes peatonales\u201d.<\/p>\n<p>&nbsp;<\/p>\n","protected":false},"excerpt":{"rendered":"<p>LOS VECINOS DE EXALTACI\u00d3N DE LA CRUZ Y LA ZONA, PERJUDICADOS DESDE LOS COMIENZOS DE LA ESTACI\u00d3N DE PEAJE, HACE 20 A\u00d1OS.<\/p>\n","protected":false},"author":3,"featured_media":25207,"comment_status":"open","ping_status":"open","sticky":false,"template":"","format":"standard","meta":{"footnotes":"","jetpack_publicize_message":"","jetpack_publicize_feature_enabled":true,"jetpack_social_post_already_shared":true,"jetpack_social_options":{"image_generator_settings":{"template":"highway","default_image_id":0,"font":"","enabled":false},"version":2}},"categories":[11],"tags":[1962,37,2189],"class_list":["post-25194","post","type-post","status-publish","format-standard","has-post-thumbnail","hentry","category-entidades","tag-colectora","tag-destacada","tag-peaje-larena"],"jetpack_publicize_connections":[],"jetpack_featured_media_url":"https:\/\/revistaepocadigital.com.ar\/wp-content\/uploads\/2024\/05\/banderazo-peaje-larena-2jpg-PILAR-DIARIO.webp","jetpack_likes_enabled":true,"_links":{"self":[{"href":"https:\/\/revistaepocadigital.com.ar\/index.php?rest_route=\/wp\/v2\/posts\/25194","targetHints":{"allow":["GET"]}}],"collection":[{"href":"https:\/\/revistaepocadigital.com.ar\/index.php?rest_route=\/wp\/v2\/posts"}],"about":[{"href":"https:\/\/revistaepocadigital.com.ar\/index.php?rest_route=\/wp\/v2\/types\/post"}],"author":[{"embeddable":true,"href":"https:\/\/revistaepocadigital.com.ar\/index.php?rest_route=\/wp\/v2\/users\/3"}],"replies":[{"embeddable":true,"href":"https:\/\/revistaepocadigital.com.ar\/index.php?rest_route=%2Fwp%2Fv2%2Fcomments&post=25194"}],"version-history":[{"count":0,"href":"https:\/\/revistaepocadigital.com.ar\/index.php?rest_route=\/wp\/v2\/posts\/25194\/revisions"}],"wp:featuredmedia":[{"embeddable":true,"href":"https:\/\/revistaepocadigital.com.ar\/index.php?rest_route=\/wp\/v2\/media\/25207"}],"wp:attachment":[{"href":"https:\/\/revistaepocadigital.com.ar\/index.php?rest_route=%2Fwp%2Fv2%2Fmedia&parent=25194"}],"wp:term":[{"taxonomy":"category","embeddable":true,"href":"https:\/\/revistaepocadigital.com.ar\/index.php?rest_route=%2Fwp%2Fv2%2Fcategories&post=25194"},{"taxonomy":"post_tag","embeddable":true,"href":"https:\/\/revistaepocadigital.com.ar\/index.php?rest_route=%2Fwp%2Fv2%2Ftags&post=25194"}],"curies":[{"name":"wp","href":"https:\/\/api.w.org\/{rel}","templated":true}]}}