{"id":25212,"date":"2024-05-27T23:49:13","date_gmt":"2024-05-28T02:49:13","guid":{"rendered":"https:\/\/revistaepocadigital.com.ar\/?p=25212"},"modified":"2024-05-27T23:52:07","modified_gmt":"2024-05-28T02:52:07","slug":"25212","status":"publish","type":"post","link":"https:\/\/revistaepocadigital.com.ar\/?p=25212","title":{"rendered":"Santiago Davio, de jugador a t\u00e9cnico, el f\u00fatbol una pasi\u00f3n irrenunciable"},"content":{"rendered":"<p><strong>EL F\u00daTBOL LO ACOMPA\u00d1A DESDE CHICO.<\/strong><!--more--><\/p>\n<p><strong>Santiago Davio<\/strong>, uno de los hijos de Domingo Davio, entre los tres mejores jugadores del distrito y la zona de todos los tiempos, hered\u00f3 la misma pasi\u00f3n, el mismo amor incondicional por la pelota de f\u00fatbol. Santiago empez\u00f3 a jugar desde su ni\u00f1ez y una vez adolescente y luego juvenil y como jugador profesional, tuvo una valiosa trayectoria por clubes argentinos y de Sudam\u00e9rica.<\/p>\n<p>Hasta que un d\u00eda resolvi\u00f3 decir &#8220;no va m\u00e1s&#8221; y se retir\u00f3 como jugador. Fue el momento en que empez\u00f3 a abocarse de lleno a la direcci\u00f3n t\u00e9cnica, y en el club <strong>Defensores Unidos de Z\u00e1rate (CADU)<\/strong> donde tambi\u00e9n pas\u00f3 como jugador, dio sus primeros pasos como entrenador. As\u00ed, de divisiones juveniles, pas\u00f3 a trabajar a\u00f1os m\u00e1s tarde como asistente de &#8220;Mostaza&#8221; Merlo, el recordado jugador de River en los a\u00f1os \u00b470, cuyo mayor momento de glor\u00eda como entrenador fue cuando condujo a Racing al campeonato y luego vino\u00a0 la estatua en su honor.<\/p>\n<p><strong>Davio<\/strong> de 39 a\u00f1os, dej\u00f3 de jugar en 2018, su \u00faltimo club entre los varios por los que pas\u00f3 fue<strong> Leandro Alem<\/strong> en la Primera C. Sus comienzos como DT &#8220;<em>fue con los juveniles del CADU, en 5ta divisi\u00f3n entre 2028 y 2019; cuarta desde 2019 a 2020, la reserva en 2021&#8243;,<\/em> hasta sumarse como asistente de Merlo en 2022.<\/p>\n<p>&nbsp;<\/p>\n<figure id=\"attachment_25219\" aria-describedby=\"caption-attachment-25219\" style=\"width: 276px\" class=\"wp-caption alignright\"><img loading=\"lazy\" decoding=\"async\" class=\"size-full wp-image-25219\" src=\"https:\/\/revistaepocadigital.com.ar\/wp-content\/uploads\/2024\/05\/daviooo.jpg\" alt=\"\" width=\"276\" height=\"401\" srcset=\"https:\/\/revistaepocadigital.com.ar\/wp-content\/uploads\/2024\/05\/daviooo.jpg 276w, https:\/\/revistaepocadigital.com.ar\/wp-content\/uploads\/2024\/05\/daviooo-206x300.jpg 206w\" sizes=\"auto, (max-width: 276px) 100vw, 276px\" \/><figcaption id=\"caption-attachment-25219\" class=\"wp-caption-text\">Santiago Davio.<\/figcaption><\/figure>\n<p>En 2022, con Mostaza con el buzo de t\u00e9cnico en Defensores Unidos, Davio como asistente\u00a0 hizo una buena experiencia durante seis meses, para una vez que m\u00e1s adelante cuando Merlo dej\u00f3 el CADU y Santiago fue designado como t\u00e9cnico. Y desde los inicios, su trabajo en la conducci\u00f3n del plantel del club zarate\u00f1o, gan\u00f3 espacio y consideraci\u00f3n acompa\u00f1ado por su cuerpo t\u00e9cnico compuesto por cinco colaboradores.<\/p>\n<p>El primer gran logro de Davio como entrenador del CADU, surgi\u00f3 cuando en mayo de 2022 lo condujo en el ascenso a Primera B, un objetivo in\u00e9dito alcanzado por la entidad, para coronar a finales de ese a\u00f1o, alcanzar el ascenso al Nacional B, divisi\u00f3n en la que Defensores ha mostrado un estilo de juego y buenos resultados, y lo hizo con Davio como entrenador hasta hace poco quien dej\u00f3 al club en la mitad de la tabla de posiciones y con chances de nuevo de meterse en el Reducido por un lugar en Primera, cuando se produjo su desvinculaci\u00f3n de la instituci\u00f3n.<\/p>\n<p><strong><em>&#8220;\u00bfQue pas\u00f3?&#8221;,<\/em> <\/strong>se pregunt\u00f3 Davio ante la consulta de EPOCA.<strong><em> &#8220;Mir\u00e1, ocurri\u00f3 que la dirigencia del club pretend\u00eda que el equipo jugara de una manera que yo no compart\u00eda, es decir la raz\u00f3n de mi alejamiento fue futbol\u00edstica&#8221;,<\/em> <\/strong>sostuvo el capillense. &#8220;<strong><em>Yo me fu\u00ed muy conforme con lo alcanzado, hay que fijarse nom\u00e1s que en la primera temporada que jugamos en el Nacional B, terminamos segundos en la primera ronda y en la segunda quedamos a s\u00f3lo tres puntos para entrar al Reducido para el ascenso a Primera&#8221;.<\/em><\/strong><\/p>\n<p>&nbsp;<\/p>\n<p><img loading=\"lazy\" decoding=\"async\" class=\"alignleft size-full wp-image-25217\" src=\"https:\/\/revistaepocadigital.com.ar\/wp-content\/uploads\/2024\/05\/davio-a.jpg\" alt=\"\" width=\"553\" height=\"737\" srcset=\"https:\/\/revistaepocadigital.com.ar\/wp-content\/uploads\/2024\/05\/davio-a.jpg 553w, https:\/\/revistaepocadigital.com.ar\/wp-content\/uploads\/2024\/05\/davio-a-225x300.jpg 225w, https:\/\/revistaepocadigital.com.ar\/wp-content\/uploads\/2024\/05\/davio-a-315x420.jpg 315w\" sizes=\"auto, (max-width: 553px) 100vw, 553px\" \/><\/p>\n<p><em><strong>&#8220;Como dije mi desvinculaci\u00f3n de Defensores<\/strong><\/em> (Dar\u00edo Lema el nuevo entrenador)<strong><em> fue por diferencias con los dirigentes por la l\u00ednea de juego del equipo. Eso gener\u00f3 que tuvi\u00e9ramos muchos chispazos, los dirigentes creen que Defensores es Boca o River y pretenden pelear todos los campeonatos y no tienen presupuesto para nada de eso; tuvimos muchos roces con la dirigencia, quer\u00edan manejar al plantel y todo se puso muy inc\u00f3modo, tirante. Entonces despu\u00e9s de ganarle a Defensores sde Belgrano me fu\u00ed de la mejor manera, sin peder como local&#8221;<\/em><\/strong>. <strong><em>&#8220;En definitiva<\/em> <\/strong>-apunt\u00f3- n<strong><em>o se puede pretender que vayamos a ganar a Rafaela cuando jugamos contra Atl\u00e9tico, en una cancha chica y dif\u00edcil. Ellos<\/em><\/strong> (la directiva del club<strong><em>), dec\u00edan que no ganabamos de visitantes, sin darse cuenta de todo el contexto&#8221;<\/em><\/strong>.<\/p>\n<p><strong><em>&#8220;Eso s\u00ed<\/em> <\/strong>-aclar\u00f3 Davio- <strong><em>con el plantel tuve una relaci\u00f3n de diez; cuando tuve mi primera discusi\u00f3n con los dirigentes, los jugadores me bancaron y por eso segu\u00ed como entrenador por ellos, hasta que tres fechas despu\u00e9s buscaron alguna excusa para echarme<\/em><\/strong>&#8220;.<\/p>\n<p>Despu\u00e9s insisti\u00f3, <strong><em>&#8220;me fu\u00ed satisfecho por mi trabajo como entrenador, alcanc\u00e9 el 76% de efectividad jugando como local en el Nacional B, enfrentando a equipos muy importantes; el a\u00f1o pasado quedamos a dos puntos de entrar al Reducido. En dos a\u00f1os al frente del plantel en el Nacional B, perd\u00ed s\u00f3lo tres veces, con Almirante Brown, Estudiantes de R\u00edo Cuarto y Colegiales&#8221;.<\/em><\/strong><\/p>\n<p>Con la experiencia acumulada en Defensores Unidos, <strong>Davio<\/strong> apuesta confiado en su futuro\u00a0 como t\u00e9cnico, <strong><em>&#8220;ahora espero el recambio de entrenadores que suele darse en el Nacional B, mientras tanto me re\u00fano con t\u00e9cnicos, con gente del f\u00fatbol, para seguir aprendiendo; hace poco charl\u00e9 con Lucas Pusineri, el actual t\u00e9cnico de Barracas Central, hablamos de metodolog\u00edas de trabajos y otros temas importantes&#8221;.<\/em><\/strong> Santiago Davio y sus convicciones.<\/p>\n","protected":false},"excerpt":{"rendered":"<p>EL F\u00daTBOL LO ACOMPA\u00d1A DESDE CHICO.<\/p>\n","protected":false},"author":4,"featured_media":25216,"comment_status":"open","ping_status":"open","sticky":false,"template":"","format":"standard","meta":{"footnotes":"","jetpack_publicize_message":"","jetpack_publicize_feature_enabled":true,"jetpack_social_post_already_shared":true,"jetpack_social_options":{"image_generator_settings":{"template":"highway","default_image_id":0,"font":"","enabled":false},"version":2}},"categories":[9],"tags":[2738,512],"class_list":["post-25212","post","type-post","status-publish","format-standard","has-post-thumbnail","hentry","category-deportes","tag-dt","tag-santiago-davio"],"jetpack_publicize_connections":[],"jetpack_featured_media_url":"https:\/\/revistaepocadigital.com.ar\/wp-content\/uploads\/2024\/05\/davio-b-1.jpg","jetpack_likes_enabled":true,"_links":{"self":[{"href":"https:\/\/revistaepocadigital.com.ar\/index.php?rest_route=\/wp\/v2\/posts\/25212","targetHints":{"allow":["GET"]}}],"collection":[{"href":"https:\/\/revistaepocadigital.com.ar\/index.php?rest_route=\/wp\/v2\/posts"}],"about":[{"href":"https:\/\/revistaepocadigital.com.ar\/index.php?rest_route=\/wp\/v2\/types\/post"}],"author":[{"embeddable":true,"href":"https:\/\/revistaepocadigital.com.ar\/index.php?rest_route=\/wp\/v2\/users\/4"}],"replies":[{"embeddable":true,"href":"https:\/\/revistaepocadigital.com.ar\/index.php?rest_route=%2Fwp%2Fv2%2Fcomments&post=25212"}],"version-history":[{"count":0,"href":"https:\/\/revistaepocadigital.com.ar\/index.php?rest_route=\/wp\/v2\/posts\/25212\/revisions"}],"wp:featuredmedia":[{"embeddable":true,"href":"https:\/\/revistaepocadigital.com.ar\/index.php?rest_route=\/wp\/v2\/media\/25216"}],"wp:attachment":[{"href":"https:\/\/revistaepocadigital.com.ar\/index.php?rest_route=%2Fwp%2Fv2%2Fmedia&parent=25212"}],"wp:term":[{"taxonomy":"category","embeddable":true,"href":"https:\/\/revistaepocadigital.com.ar\/index.php?rest_route=%2Fwp%2Fv2%2Fcategories&post=25212"},{"taxonomy":"post_tag","embeddable":true,"href":"https:\/\/revistaepocadigital.com.ar\/index.php?rest_route=%2Fwp%2Fv2%2Ftags&post=25212"}],"curies":[{"name":"wp","href":"https:\/\/api.w.org\/{rel}","templated":true}]}}