{"id":2525,"date":"2019-05-26T16:04:19","date_gmt":"2019-05-26T19:04:19","guid":{"rendered":"https:\/\/revistaepocadigital.com.ar\/?p=2525"},"modified":"2019-07-25T15:13:14","modified_gmt":"2019-07-25T18:13:14","slug":"club-honor-y-patria-convocatoria-a-asamblea-general-ordinaria","status":"publish","type":"post","link":"https:\/\/revistaepocadigital.com.ar\/?p=2525","title":{"rendered":"Club Honor y Patria. Convocatoria a Asamblea General Ordinaria"},"content":{"rendered":"<p><strong><em><u>CONVOCATORIA<\/u><\/em><\/strong><!--more--><\/p>\n<p><strong><em><img loading=\"lazy\" decoding=\"async\" class=\"aligncenter size-full wp-image-2529\" src=\"https:\/\/revistaepocadigital.com.ar\/wp-content\/uploads\/2019\/05\/logo-hyp.jpg\" alt=\"\" width=\"616\" height=\"697\" srcset=\"https:\/\/revistaepocadigital.com.ar\/wp-content\/uploads\/2019\/05\/logo-hyp.jpg 616w, https:\/\/revistaepocadigital.com.ar\/wp-content\/uploads\/2019\/05\/logo-hyp-265x300.jpg 265w, https:\/\/revistaepocadigital.com.ar\/wp-content\/uploads\/2019\/05\/logo-hyp-371x420.jpg 371w\" sizes=\"auto, (max-width: 616px) 100vw, 616px\" \/>Capilla del Se\u00f1or,\u00a0 Mayo 20 de 2019<\/em><\/strong><\/p>\n<p>&nbsp;<\/p>\n<p><strong><em>Estimado Socio\/a:<\/em><\/strong><\/p>\n<p><strong><em>\u00a0<\/em><\/strong><\/p>\n<p><strong><em>\u00a0\u00a0\u00a0\u00a0\u00a0\u00a0\u00a0\u00a0\u00a0\u00a0\u00a0\u00a0\u00a0\u00a0\u00a0\u00a0\u00a0\u00a0\u00a0\u00a0\u00a0\u00a0\u00a0\u00a0\u00a0\u00a0\u00a0\u00a0\u00a0 En cumplimiento a lo prescripto en los art\u00edculos 28\u00b0 (inc. a.),<\/em><\/strong><strong><em>30\u00b0 y 31\u00b0, T\u00edtulo VII del Estatuto Social vigente, la Comisi\u00f3n Directiva se complace en invitar a los se\u00f1ores asociados con derecho a voto a la Asamblea General Ordinaria que se llevar\u00e1 a cabo el d\u00eda 25 de junio de 2019 a las 19:30 hs.\u00a0 en nuestra sede social sita en Rivadavia 469 de esta localidad para tratar el siguiente:<\/em><\/strong><\/p>\n<p><strong><em>\u00a0<\/em><\/strong><strong><em>\u00a0<\/em><\/strong><\/p>\n<p><strong><em><u>ORDEN DEL DIA<\/u><\/em><\/strong><\/p>\n<p><strong><em>1\u00b0.- Designaci\u00f3n de 2 (dos) socios asamble\u00edstas para refrendar el acta.<\/em><\/strong><\/p>\n<p><strong><em>2\u00b0.- Consideraci\u00f3n de la Memoria, Balance General, Inventario, Cuadro de\u00a0\u00a0\u00a0\u00a0\u00a0\u00a0\u00a0\u00a0\u00a0\u00a0\u00a0\u00a0\u00a0\u00a0\u00a0\u00a0\u00a0 Gastos y Recursos e Informe de la Comisi\u00f3n Revisora de Cuentas\u00a0 del ejercicio fenecido al 31 de marzo de 2019.<\/em><\/strong><\/p>\n<p><strong><em>3\u00ba Incremento de la Cuotas Social.<\/em><\/strong><\/p>\n<p>&nbsp;<\/p>\n<p><strong><em>\u00a0<\/em><\/strong><strong><em><u>NOTA:<\/u><\/em><\/strong><strong><em>\u00a0 2da. CONVOCATORIA: 20:00 hs.<\/em><\/strong><\/p>\n<p><strong><em>\u00a0<\/em><\/strong><\/p>\n<p><strong><em>\u00a0<\/em><\/strong><strong><em>JOS\u00c9 MARIA PINO\u00a0\u00a0\u00a0\u00a0\u00a0\u00a0\u00a0\u00a0\u00a0\u00a0\u00a0\u00a0\u00a0\u00a0\u00a0\u00a0\u00a0\u00a0\u00a0\u00a0\u00a0\u00a0\u00a0\u00a0\u00a0\u00a0\u00a0 \u00a0\u00a0\u00a0\u00a0\u00a0\u00a0\u00a0\u00a0\u00a0\u00a0\u00a0\u00a0\u00a0\u00a0\u00a0\u00a0\u00a0\u00a0\u00a0\u00a0\u00a0\u00a0\u00a0\u00a0\u00a0\u00a0\u00a0GUSTAVO MATAITIS<\/em><\/strong><\/p>\n<p><strong><em>\u00a0\u00a0\u00a0\u00a0\u00a0\u00a0 \u00a0Presidente\u00a0\u00a0\u00a0\u00a0\u00a0\u00a0\u00a0\u00a0\u00a0\u00a0\u00a0\u00a0\u00a0\u00a0\u00a0\u00a0\u00a0\u00a0\u00a0\u00a0\u00a0\u00a0\u00a0\u00a0\u00a0\u00a0\u00a0\u00a0\u00a0\u00a0\u00a0\u00a0\u00a0\u00a0\u00a0\u00a0\u00a0\u00a0\u00a0\u00a0\u00a0\u00a0\u00a0\u00a0\u00a0\u00a0\u00a0\u00a0\u00a0\u00a0\u00a0\u00a0\u00a0\u00a0\u00a0\u00a0 \u00a0\u00a0\u00a0\u00a0\u00a0\u00a0\u00a0\u00a0\u00a0\u00a0\u00a0\u00a0Secretario General<\/em><\/strong><\/p>\n<p>&nbsp;<\/p>\n<p>&nbsp;<\/p>\n","protected":false},"excerpt":{"rendered":"<p>CONVOCATORIA<\/p>\n","protected":false},"author":3,"featured_media":2532,"comment_status":"open","ping_status":"open","sticky":false,"template":"","format":"standard","meta":{"footnotes":"","jetpack_publicize_message":"","jetpack_publicize_feature_enabled":true,"jetpack_social_post_already_shared":false,"jetpack_social_options":{"image_generator_settings":{"template":"highway","default_image_id":0,"font":"","enabled":false},"version":2}},"categories":[13],"tags":[354],"class_list":["post-2525","post","type-post","status-publish","format-standard","has-post-thumbnail","hentry","category-interes-general","tag-convocatoria-asamblea-honor-y-patria"],"jetpack_publicize_connections":[],"jetpack_featured_media_url":"https:\/\/revistaepocadigital.com.ar\/wp-content\/uploads\/2019\/05\/logo-hyp-1.jpg","jetpack_likes_enabled":true,"_links":{"self":[{"href":"https:\/\/revistaepocadigital.com.ar\/index.php?rest_route=\/wp\/v2\/posts\/2525","targetHints":{"allow":["GET"]}}],"collection":[{"href":"https:\/\/revistaepocadigital.com.ar\/index.php?rest_route=\/wp\/v2\/posts"}],"about":[{"href":"https:\/\/revistaepocadigital.com.ar\/index.php?rest_route=\/wp\/v2\/types\/post"}],"author":[{"embeddable":true,"href":"https:\/\/revistaepocadigital.com.ar\/index.php?rest_route=\/wp\/v2\/users\/3"}],"replies":[{"embeddable":true,"href":"https:\/\/revistaepocadigital.com.ar\/index.php?rest_route=%2Fwp%2Fv2%2Fcomments&post=2525"}],"version-history":[{"count":0,"href":"https:\/\/revistaepocadigital.com.ar\/index.php?rest_route=\/wp\/v2\/posts\/2525\/revisions"}],"wp:featuredmedia":[{"embeddable":true,"href":"https:\/\/revistaepocadigital.com.ar\/index.php?rest_route=\/wp\/v2\/media\/2532"}],"wp:attachment":[{"href":"https:\/\/revistaepocadigital.com.ar\/index.php?rest_route=%2Fwp%2Fv2%2Fmedia&parent=2525"}],"wp:term":[{"taxonomy":"category","embeddable":true,"href":"https:\/\/revistaepocadigital.com.ar\/index.php?rest_route=%2Fwp%2Fv2%2Fcategories&post=2525"},{"taxonomy":"post_tag","embeddable":true,"href":"https:\/\/revistaepocadigital.com.ar\/index.php?rest_route=%2Fwp%2Fv2%2Ftags&post=2525"}],"curies":[{"name":"wp","href":"https:\/\/api.w.org\/{rel}","templated":true}]}}