{"id":25271,"date":"2024-06-02T11:40:08","date_gmt":"2024-06-02T14:40:08","guid":{"rendered":"https:\/\/revistaepocadigital.com.ar\/?p=25271"},"modified":"2024-06-02T13:11:55","modified_gmt":"2024-06-02T16:11:55","slug":"esfuerzo-valor-compromiso-grande-bomberos-voluntarios","status":"publish","type":"post","link":"https:\/\/revistaepocadigital.com.ar\/?p=25271","title":{"rendered":"ESFUERZO, VALOR, COMPROMISO. \u00a1GRANDE BOMBEROS VOLUNTARIOS!"},"content":{"rendered":"<p><strong>HOMBRES, MUJERES, DEDICADOS A BRINDAR LO MEJOR DE CADA UNO PARA LAS COMUNIDADES.<\/strong><!--more--><\/p>\n<p>&nbsp;<\/p>\n<p>Ante cada situaci\u00f3n ocurrida, que encuentre en riesgo a personas o instalaciones, los Bomberos Voluntarios acuden con premura, el objetivo esencial es salvaguardar vidas. Ese objetivo mismo, ponen en pr\u00e1ctica los Bomberos Voluntarios de Exaltaci\u00f3n de la Cruz con base en Capilla del Se\u00f1or (instituci\u00f3n fundada en 1957, en la actualidad su comisi\u00f3n directiva presidida por Angel S\u00e1nchez), m\u00e1s el destacamento que depende en Parada Robles, as\u00ed como los Bomberos Voluntarios de Los Cardales.<\/p>\n<p>Vecinos del distrito, ya sea el personal como los directivos de cada entidad que, bien merecen festejar su d\u00eda.<\/p>\n<p>Saludos Bomberos Voluntarios, y <strong>en especial a los del distrito.<\/strong><\/p>\n<p><!--more--><\/p>\n<p>EPOCA TAMBI\u00c9N COMPARTE EL SALUDO A LOS BOMBEROS VOLUNTARIOS DEL PA\u00cdS, COMO CADA 2 DE JUNIO, DIFUNDIDO POR EL SINDICATOS DE EMPLEADOS DE COMERCIO Z\u00c1RATE<\/p>\n<p><img loading=\"lazy\" decoding=\"async\" class=\"aligncenter size-medium wp-image-25272\" src=\"https:\/\/revistaepocadigital.com.ar\/wp-content\/uploads\/2024\/06\/bombe-300x300.jpg\" alt=\"\" width=\"300\" height=\"300\" srcset=\"https:\/\/revistaepocadigital.com.ar\/wp-content\/uploads\/2024\/06\/bombe-300x300.jpg 300w, https:\/\/revistaepocadigital.com.ar\/wp-content\/uploads\/2024\/06\/bombe-150x150.jpg 150w, https:\/\/revistaepocadigital.com.ar\/wp-content\/uploads\/2024\/06\/bombe-696x696.jpg 696w, https:\/\/revistaepocadigital.com.ar\/wp-content\/uploads\/2024\/06\/bombe-420x420.jpg 420w, https:\/\/revistaepocadigital.com.ar\/wp-content\/uploads\/2024\/06\/bombe.jpg 756w\" sizes=\"auto, (max-width: 300px) 100vw, 300px\" \/><\/p>\n","protected":false},"excerpt":{"rendered":"<p>HOMBRES, MUJERES, DEDICADOS A BRINDAR LO MEJOR DE CADA UNO PARA LAS COMUNIDADES.<\/p>\n","protected":false},"author":4,"featured_media":25287,"comment_status":"open","ping_status":"open","sticky":false,"template":"","format":"standard","meta":{"footnotes":"","jetpack_publicize_message":"","jetpack_publicize_feature_enabled":true,"jetpack_social_post_already_shared":true,"jetpack_social_options":{"image_generator_settings":{"template":"highway","default_image_id":0,"font":"","enabled":false},"version":2}},"categories":[151,13],"tags":[],"class_list":["post-25271","post","type-post","status-publish","format-standard","has-post-thumbnail","hentry","category-empleados-de-comercio","category-interes-general"],"jetpack_publicize_connections":[],"jetpack_featured_media_url":"https:\/\/revistaepocadigital.com.ar\/wp-content\/uploads\/2024\/06\/447568438_3634785733462312_8953389070062244567_n.jpg","jetpack_likes_enabled":true,"_links":{"self":[{"href":"https:\/\/revistaepocadigital.com.ar\/index.php?rest_route=\/wp\/v2\/posts\/25271","targetHints":{"allow":["GET"]}}],"collection":[{"href":"https:\/\/revistaepocadigital.com.ar\/index.php?rest_route=\/wp\/v2\/posts"}],"about":[{"href":"https:\/\/revistaepocadigital.com.ar\/index.php?rest_route=\/wp\/v2\/types\/post"}],"author":[{"embeddable":true,"href":"https:\/\/revistaepocadigital.com.ar\/index.php?rest_route=\/wp\/v2\/users\/4"}],"replies":[{"embeddable":true,"href":"https:\/\/revistaepocadigital.com.ar\/index.php?rest_route=%2Fwp%2Fv2%2Fcomments&post=25271"}],"version-history":[{"count":0,"href":"https:\/\/revistaepocadigital.com.ar\/index.php?rest_route=\/wp\/v2\/posts\/25271\/revisions"}],"wp:featuredmedia":[{"embeddable":true,"href":"https:\/\/revistaepocadigital.com.ar\/index.php?rest_route=\/wp\/v2\/media\/25287"}],"wp:attachment":[{"href":"https:\/\/revistaepocadigital.com.ar\/index.php?rest_route=%2Fwp%2Fv2%2Fmedia&parent=25271"}],"wp:term":[{"taxonomy":"category","embeddable":true,"href":"https:\/\/revistaepocadigital.com.ar\/index.php?rest_route=%2Fwp%2Fv2%2Fcategories&post=25271"},{"taxonomy":"post_tag","embeddable":true,"href":"https:\/\/revistaepocadigital.com.ar\/index.php?rest_route=%2Fwp%2Fv2%2Ftags&post=25271"}],"curies":[{"name":"wp","href":"https:\/\/api.w.org\/{rel}","templated":true}]}}