{"id":25275,"date":"2024-06-02T12:34:39","date_gmt":"2024-06-02T15:34:39","guid":{"rendered":"https:\/\/revistaepocadigital.com.ar\/?p=25275"},"modified":"2024-06-02T12:35:49","modified_gmt":"2024-06-02T15:35:49","slug":"la-trama-oculta-del-escandalo-en-capital-humano-por-los-alimentos","status":"publish","type":"post","link":"https:\/\/revistaepocadigital.com.ar\/?p=25275","title":{"rendered":"LA TRAMA OCULTA DEL ESC\u00c1NDALO EN CAPITAL HUMANO POR LOS ALIMENTOS"},"content":{"rendered":"<p><strong>REVELADORES POSTEOS DEL PERIODISTA SEBASTI\u00c1N DUMONT EN LA RED SOCIAL X <\/strong>(ANTES TWITTER)<strong>, ACERCA DEL ESC\u00c1NDALO POR LOS ALIMENTOS. PARA TENER EN CUENTA.<\/strong><br \/>\n<!--more--><\/p>\n<p><img loading=\"lazy\" decoding=\"async\" class=\"alignleft size-full wp-image-25281\" src=\"https:\/\/revistaepocadigital.com.ar\/wp-content\/uploads\/2024\/06\/sebas.jpg\" alt=\"\" width=\"300\" height=\"100\" \/><\/p>\n<section class=\"css-175oi2r\" role=\"region\" aria-labelledby=\"accessible-list-6\">\n<div class=\"css-175oi2r\" aria-label=\"Cronolog\u00eda: Conversaci\u00f3n\">\n<div class=\"css-175oi2r\" data-testid=\"cellInnerDiv\">\n<div class=\"css-175oi2r r-j5o65s r-qklmqi r-1adg3ll r-1ny4l3l\">\n<div class=\"css-175oi2r\">\n<article class=\"css-175oi2r r-18u37iz r-1udh08x r-xq0kzp r-d5kc8e r-1ny4l3l\" tabindex=\"-1\" role=\"article\" aria-labelledby=\"id__uy7vyxzsk6 id__oeal5c5i9dp id__i46feb9zw39 id__qtxy12wyoy id__e8a52msi8pi id__7442m91zsq8 id__m6mld8ieqx id__d2142z4r4ga id__unhmuvyv6ij id__74b0wiegc42 id__rb70oorejr id__x5los2x5l7 id__wi3j25tqms id__j9lmvb2wubh id__z1evk6wklni id__ouijs35ci28 id__r2pue4jmd7o id__cuuh6u0juo id__x22bewj15uq\" data-testid=\"tweet\">\n<div class=\"css-175oi2r r-eqz5dr r-16y2uox r-1wbh5a2\">\n<div class=\"css-175oi2r r-16y2uox r-1wbh5a2 r-1ny4l3l\">\n<div class=\"css-175oi2r r-18u37iz\">\n<div class=\"css-175oi2r r-18kxxzh r-1v0rba1 r-rrjxiv r-1awozwy\">\n<div class=\"css-175oi2r\" data-testid=\"Tweet-User-Avatar\">\n<div class=\"css-175oi2r r-18kxxzh r-1wbh5a2 r-13qz1uu\">\n<div class=\"css-175oi2r r-1wbh5a2 r-dnmrzs\">\n<div class=\"css-175oi2r r-bztko3 r-1adg3ll\" data-testid=\"UserAvatar-Container-tomy2430\">\n<div class=\"r-1p0dtai r-1pi2tsx r-1d2f490 r-u8s1d r-ipm5af r-13qz1uu\">\n<div class=\"css-175oi2r r-1adg3ll r-1pi2tsx r-13qz1uu r-45ll9u r-u8s1d r-1v2oles r-176fswd r-bztko3\">\n<div class=\"r-1p0dtai r-1pi2tsx r-1d2f490 r-u8s1d r-ipm5af r-13qz1uu\">\n<div class=\"css-175oi2r r-sdzlij r-1udh08x r-5f1w11 r-u8s1d r-8jfcpp\">\n<div class=\"css-175oi2r r-sdzlij r-1udh08x r-45ll9u r-u8s1d r-1v2oles r-176fswd\">Sebastian Dumont @tomy2430.\u00a0 <span class=\"css-1jxf684 r-bcqeeo r-1ttztb7 r-qvutc0 r-poiln3\">Periodista. Canal 26. L-V 20 a 22hs y Domingos 22hs. Escribe en el diario La Prensa y en <\/span><a class=\"css-1jxf684 r-bcqeeo r-1ttztb7 r-qvutc0 r-poiln3 r-1loqt21\" dir=\"ltr\" role=\"link\" href=\"https:\/\/t.co\/f1NEEmXuF0\" target=\"_blank\" rel=\"noopener noreferrer nofollow\"><span class=\"css-1jxf684 r-bcqeeo r-1ttztb7 r-qvutc0 r-poiln3 r-qlhcfr r-qvk6io\" aria-hidden=\"true\">http:\/\/<\/span>Urgente24.com<\/a><\/div>\n<\/div>\n<\/div>\n<\/div>\n<div class=\"css-175oi2r r-1ig6vrg\">\n<div class=\"css-175oi2r r-1awozwy r-18u37iz r-1y00bll r-1wtj0ep\">\n<div class=\"css-175oi2r r-1awozwy r-6koalj r-18u37iz\">\n<div class=\"css-175oi2r\">\n<div class=\"css-175oi2r r-18u37iz r-1h0z5md\">\n<div class=\"css-146c3p1 r-bcqeeo r-1ttztb7 r-qvutc0 r-1qd0xha r-1inkyih r-hbpseb r-16dba41 r-1awozwy r-6koalj r-1h0z5md r-o7ynqc r-clp7b1 r-3s2u2q\" dir=\"ltr\">\n<div class=\"css-175oi2r r-xoduu5\">\n<div class=\"&quot;css-175oi2r\"><\/div>\n<\/div>\n<\/div>\n<\/div>\n<\/div>\n<\/div>\n<div class=\"css-175oi2r\">\n<div class=\"css-175oi2r\">\n<div class=\"css-175oi2r r-rpnbwx\">\n<div id=\"id__rb70oorejr\" class=\"css-146c3p1 r-bcqeeo r-1ttztb7 r-qvutc0 r-1qd0xha r-1b6yd1w r-16dba41 r-bnwqim r-eaezby\" dir=\"auto\" lang=\"es\" data-testid=\"tweetText\">\n<p>&nbsp;<\/p>\n<p><em><span class=\"css-1jxf684 r-bcqeeo r-1ttztb7 r-qvutc0 r-poiln3\">La trama oculta del esc\u00e1ndalo en Capital Humano y por qu\u00e9\u00a0<\/span><span class=\"r-18u37iz\"><a class=\"css-1jxf684 r-bcqeeo r-1ttztb7 r-qvutc0 r-poiln3 r-1loqt21\" dir=\"ltr\" role=\"link\" href=\"https:\/\/x.com\/dlTorrePablo\">@dlTorrePablo<\/a><\/span>dice que hay una operaci\u00f3n de infiltraci\u00f3n K. Hay un nombre clave en esta historia y es Leila Gianni, pareja de Alberto Ignacio de Maio que fue Director Administrativo durante la administraci\u00f3n de Victoria Tolosa Paz. Tuvieron una hija, Eva del Rosario de Maio<\/em> Gi<em>anni. <strong>Leila Gianni (foto)<\/strong> es una reconocida militante K, que habr\u00eda organizado la operaci\u00f3n contra Sandra Pettovello y Pablo de la Torre para recuperar el manejo de los alimentos.<\/em><\/p>\n<p><img loading=\"lazy\" decoding=\"async\" class=\"aligncenter size-medium wp-image-25278\" src=\"https:\/\/revistaepocadigital.com.ar\/wp-content\/uploads\/2024\/06\/ALIMENTOS-300x300.jpg\" alt=\"\" width=\"300\" height=\"300\" srcset=\"https:\/\/revistaepocadigital.com.ar\/wp-content\/uploads\/2024\/06\/ALIMENTOS-300x300.jpg 300w, https:\/\/revistaepocadigital.com.ar\/wp-content\/uploads\/2024\/06\/ALIMENTOS-150x150.jpg 150w, https:\/\/revistaepocadigital.com.ar\/wp-content\/uploads\/2024\/06\/ALIMENTOS-420x420.jpg 420w, https:\/\/revistaepocadigital.com.ar\/wp-content\/uploads\/2024\/06\/ALIMENTOS.jpg 680w\" sizes=\"auto, (max-width: 300px) 100vw, 300px\" \/><\/p>\n<p><em>Seg\u00fan afirman fuentes del ministerio, habr\u00eda sido ella la que fren\u00f3 la entrega de alimentos de los dep\u00f3sitos, para luego echarle la culpa a de la Torre. Leila quer\u00eda quedarse con el lugar de Pablo De La Torre, para volver a entregarle la comida a las organizaciones sociales. Ella le habr\u00eda dado los datos para que Grabois haga la denuncia. Para lograrlo, necesitaba romper la confianza de Pablo de la Torre con Petovello, entonces quiso hacer que un funcionario de Pablo de la Torre lo incrimine. Aqu\u00ed viene la parte m\u00e1s grave. Se trata de Federico Fern\u00e1ndez, a quien habr\u00edan apretado, incluso con armas, para que firmara una declaraci\u00f3n contra De la Torre, pero Fern\u00e1ndez se neg\u00f3. Lo encerraron en una oficina con presencia de polic\u00edas de civil y lo presionaron para que firmara. Fern\u00e1ndez se neg\u00f3 a firmar. Entonces, filtraron a los medios una lista de gente contratada por el Ministerio por medio de la OEI. Algunos de los contratados cuestionados eran justamente aquellos que se dedicaban, entre otras tareas, a hacer las auditor\u00edas de los comedores fantasma. Todo se enmarca en una acci\u00f3n mafiosa. Y no termina ac\u00e1. Vamos a ampliar.<\/em><\/p>\n<\/div>\n<div class=\"css-175oi2r r-zl2h9q\">\n<div class=\"css-175oi2r r-k4xj1c r-18u37iz r-1wtj0ep\">\n<div class=\"css-175oi2r r-1d09ksm r-18u37iz r-1wbh5a2\">\n<div class=\"css-175oi2r r-1wbh5a2 r-dnmrzs r-1ny4l3l\">\n<div id=\"id__w4di2l318uc\" class=\"css-175oi2r r-1wbh5a2 r-dnmrzs r-1ny4l3l r-1awozwy r-18u37iz\" data-testid=\"User-Name\">\n<div class=\"css-175oi2r r-1awozwy r-18u37iz r-1wbh5a2 r-dnmrzs\">\n<div class=\"css-175oi2r r-1wbh5a2 r-dnmrzs\">\n<div class=\"css-175oi2r r-1awozwy r-18u37iz r-1wbh5a2 r-dnmrzs\">\n<div class=\"css-146c3p1 r-bcqeeo r-1ttztb7 r-qvutc0 r-1qd0xha r-1inkyih r-hbpseb r-b88u0q r-1awozwy r-6koalj r-1udh08x r-3s2u2q\" dir=\"ltr\"><span class=\"css-1jxf684 r-dnmrzs r-1udh08x r-3s2u2q r-bcqeeo r-1ttztb7 r-qvutc0 r-poiln3\"><span class=\"css-1jxf684 r-bcqeeo r-1ttztb7 r-qvutc0 r-poiln3\">Sebastian Dumont <\/span><\/span>@tomy2430<\/div>\n<\/div>\n<\/div>\n<\/div>\n<div class=\"css-175oi2r r-18u37iz r-1wbh5a2 r-1ez5h0i\">\n<div class=\"css-175oi2r r-1d09ksm r-18u37iz r-1wbh5a2\">\n<div class=\"css-175oi2r r-18u37iz r-1q142lx\"><\/div>\n<\/div>\n<\/div>\n<\/div>\n<\/div>\n<\/div>\n<\/div>\n<\/div>\n<div class=\"css-175oi2r\">\n<div id=\"id__gnkt00oznz\" class=\"css-146c3p1 r-8akbws r-krxsd3 r-dnmrzs r-1udh08x r-bcqeeo r-1ttztb7 r-qvutc0 r-1qd0xha r-1inkyih r-hbpseb r-16dba41 r-bnwqim\" dir=\"auto\" lang=\"es\" data-testid=\"tweetText\"><em><span class=\"css-1jxf684 r-bcqeeo r-1ttztb7 r-qvutc0 r-poiln3\">Las dudas surgen, adem\u00e1s porque, sabiendo Petovello que Di Gianni tiene v\u00ednculos con las organizaciones K la empoder\u00f3 hasta convertirla en la vocera de las denuncias contra las organizaciones sociales. \u00bfLa Fe del converso? Raro.<\/span><\/em><\/div>\n<\/div>\n<\/div>\n<\/div>\n<\/div>\n<\/div>\n<\/div>\n<\/div>\n<\/div>\n<\/div>\n<\/div>\n<\/div>\n<\/div>\n<\/div>\n<\/div>\n<div dir=\"auto\" lang=\"es\" data-testid=\"tweetText\"><\/div>\n<\/div>\n<\/article>\n<\/div>\n<\/div>\n<\/div>\n<\/div>\n<\/section>\n<p><!--more--><\/p>\n<header class=\"news-headline\">\n<h4 class=\"news-headline__title\">Pablo de la Torre, el funcionario despedido del Ministerio de Capital Humano: <em>&#8220;Tengo las manos limpias&#8221;<\/em><\/h4>\n<div class=\"news-headline__author-and-share-wrapper\">\n<ul class=\"share-buttons\">\n<li class=\"share-buttons__button share-buttons--telegram\"><\/li>\n<\/ul>\n<\/div>\n<p class=\"ignore-parser\">Despu\u00e9s de su despido, Pablo de la Torre defendi\u00f3 a la ministra Sandra Pettovello, a pesar de la denuncia que le hizo &#8220;por falta de transparencia&#8221;.<\/p>\n<\/header>\n<div class=\"detail-highlighted-multimedia content-protected-false\">\n<figure class=\"detail-highlighted-multimedia__figure\"><img loading=\"lazy\" decoding=\"async\" class=\"detail-highlighted-multimedia__figure-img img-fluid\" src=\"https:\/\/media.ambito.com\/p\/ef3ad9de6d94ee48baaacfaa97a091f6\/adjuntos\/239\/imagenes\/041\/554\/0041554542\/imagepng.png\" alt=\"Pablo de la Torre y Sandra Pettovello.\" width=\"655\" height=\"368\" data-td-src-property=\"https:\/\/media.ambito.com\/p\/ef3ad9de6d94ee48baaacfaa97a091f6\/adjuntos\/239\/imagenes\/041\/554\/0041554542\/imagepng.png\" \/><figcaption class=\"detail-highlighted-multimedia__figcaption\">\n<div class=\"detail-highlighted-multimedia__caption\">\n<p>El despedido Pablo de la Torre y la ministra Sandra Pettovello. (Foto @dlTorrePablo)<\/p>\n<\/div>\n<\/figcaption><\/figure>\n<\/div>\n<article class=\"article-body article-body--first-paragraph content-protected-false\" data-td-script-src=\"https:\/\/www.ambito.com\/td\/modulos\/encuestas\/js\/function-embeds-min-version-1717301221.js\">El\u00a0<a href=\"https:\/\/www.ambito.com\/politica\/sandra-pettovello-denuncio-pablo-la-torre-falta-transparencia-la-distribucion-alimentos-n6007843\" target=\"_blank\" rel=\"follow noopener\">esc\u00e1ndalo de los alimentos<\/a>\u00a0no repartidos por el\u00a0<strong>Ministerio de Capital Humano<\/strong>\u00a0contin\u00faa. El exsecretario de Ni\u00f1ez y Familia,\u00a0<strong>Pablo de la Torre<\/strong>, despedido y denunciado &#8220;por falta de transparencia&#8221; por\u00a0<strong>Sandra Pettovello<\/strong>, se defendi\u00f3 en su cuenta de X: &#8220;<strong>Tengo la conciencia y las manos limpias<\/strong>&#8220;.<\/article>\n<div class=\"banner banner--free-banner\">\n<div class=\"banner__content-wrapper\">\n<div id=\"ad-slot-outstream\" class=\"ad-slot-outstream ad-slot\" data-lazyload=\"1\" data-adtype=\"outstream\" data-google-query-id=\"CMjy7sCcvYYDFd6ylQIdyB8Gvg\">\n<div id=\"google_ads_iframe_\/78858960\/Ambito\/Not-outstream_0__container__\">Un d\u00eda despu\u00e9s de su despido, <strong>De la Torre ratific\u00f3 su inocencia y le ech\u00f3 la culpa a supuestos &#8220;kirchneristas infiltrados\u00a0<\/strong>en el gobierno&#8221;. A pesar de la denuncia que le hizo Sandra Pettovello,\u00a0<strong>mantuvo su fidelidad a la ministra de Capital Humano.<\/strong><\/div>\n<\/div>\n<\/div>\n<\/div>\n<section class=\"related-news\"><\/section>\n<article class=\"article-body article-body--third-paragraph content-protected-false\">&#8220;Tengo la conciencia y las manos limpias.\u00a0<strong>Me enorgullece haber dado junto a la ministra Petovello la batalla contra los gerentes de la pobreza.<\/strong>\u00a0No me voy a dejar amedrentar por los kirchneristas infiltrados en el gobierno. Muerto antes que sucio&#8221;, public\u00f3 en su cuenta de X.<\/article>\n<article class=\"article-body article-body--fourth-paragraph content-protected-false\">\n<div id=\"embed1284_wrap\" class=\"embed_cont type_freetext\" contenteditable=\"false\" data-provider=\"Twitter\">\n<div id=\"embed1284_content\" class=\"embed_content\">\n<div id=\"embed1284_embed\">\n<div class=\"twitter-tweet twitter-tweet-rendered\"><iframe id=\"twitter-widget-0\" class=\"\" title=\"X Post\" src=\"https:\/\/platform.twitter.com\/embed\/Tweet.html?creatorScreenName=Ambitocom&amp;dnt=false&amp;embedId=twitter-widget-0&amp;features=eyJ0ZndfdGltZWxpbmVfbGlzdCI6eyJidWNrZXQiOltdLCJ2ZXJzaW9uIjpudWxsfSwidGZ3X2ZvbGxvd2VyX2NvdW50X3N1bnNldCI6eyJidWNrZXQiOnRydWUsInZlcnNpb24iOm51bGx9LCJ0ZndfdHdlZXRfZWRpdF9iYWNrZW5kIjp7ImJ1Y2tldCI6Im9uIiwidmVyc2lvbiI6bnVsbH0sInRmd19yZWZzcmNfc2Vzc2lvbiI6eyJidWNrZXQiOiJvbiIsInZlcnNpb24iOm51bGx9LCJ0ZndfZm9zbnJfc29mdF9pbnRlcnZlbnRpb25zX2VuYWJsZWQiOnsiYnVja2V0Ijoib24iLCJ2ZXJzaW9uIjpudWxsfSwidGZ3X21peGVkX21lZGlhXzE1ODk3Ijp7ImJ1Y2tldCI6InRyZWF0bWVudCIsInZlcnNpb24iOm51bGx9LCJ0ZndfZXhwZXJpbWVudHNfY29va2llX2V4cGlyYXRpb24iOnsiYnVja2V0IjoxMjA5NjAwLCJ2ZXJzaW9uIjpudWxsfSwidGZ3X3Nob3dfYmlyZHdhdGNoX3Bpdm90c19lbmFibGVkIjp7ImJ1Y2tldCI6Im9uIiwidmVyc2lvbiI6bnVsbH0sInRmd19kdXBsaWNhdGVfc2NyaWJlc190b19zZXR0aW5ncyI6eyJidWNrZXQiOiJvbiIsInZlcnNpb24iOm51bGx9LCJ0ZndfdXNlX3Byb2ZpbGVfaW1hZ2Vfc2hhcGVfZW5hYmxlZCI6eyJidWNrZXQiOiJvbiIsInZlcnNpb24iOm51bGx9LCJ0ZndfdmlkZW9faGxzX2R5bmFtaWNfbWFuaWZlc3RzXzE1MDgyIjp7ImJ1Y2tldCI6InRydWVfYml0cmF0ZSIsInZlcnNpb24iOm51bGx9LCJ0ZndfbGVnYWN5X3RpbWVsaW5lX3N1bnNldCI6eyJidWNrZXQiOnRydWUsInZlcnNpb24iOm51bGx9LCJ0ZndfdHdlZXRfZWRpdF9mcm9udGVuZCI6eyJidWNrZXQiOiJvbiIsInZlcnNpb24iOm51bGx9fQ%3D%3D&amp;frame=false&amp;hideCard=false&amp;hideThread=false&amp;id=1796975682813153508&amp;lang=es&amp;origin=https%3A%2F%2Fwww.ambito.com%2Fpolitica%2Fpablo-la-torre-el-funcionario-despedido-del-ministerio-capital-humano-tengo-las-manos-limpias-n6008366&amp;sessionId=3d33d577816a688ac99be7f001df58061b98648b&amp;siteScreenName=Ambitocom&amp;theme=light&amp;widgetsVersion=2615f7e52b7e0%3A1702314776716&amp;width=550px\" frameborder=\"0\" scrolling=\"no\" allowfullscreen=\"allowfullscreen\" data-tweet-id=\"1796975682813153508\" data-mce-fragment=\"1\"><\/iframe><\/div>\n<\/div>\n<\/div>\n<\/div>\n<h2><\/h2>\n<p>La\u00a0<a href=\"https:\/\/www.ambito.com\/polemica-los-alimentos-pablo-la-torre-renuncio-al-ministerio-capital-humano-n6007522\" target=\"_blank\" rel=\"follow noopener\">ministra de\u00a0<strong>Capital Humano, Sandra Pettovello,<\/strong>\u00a0denunci\u00f3 al ex\u00a0<strong>secretario de Ni\u00f1ez y Familia<\/strong>,\u00a0<strong>Pablo de la Torre<\/strong><\/a>, ante la Oficina Anticorrupci\u00f3n por<a href=\"https:\/\/www.ambito.com\/pettovello-ordeno-un-protocolo-la-entrega-inmediata-los-alimentos-proximo-vencimiento-n6007516\" target=\"_blank\" rel=\"follow noopener\">\u00a0&#8220;falta de transparencia&#8221; en el cuidado y distribuci\u00f3n de los\u00a0<strong>alimentos<\/strong><\/a>\u00a0que permanec\u00edan en galpones: &#8220;No trabajamos con gente que no tengamos el 100% de confianza&#8221;.<\/p>\n<\/article>\n<article class=\"article-body article-body--remaining-paragraph content-protected-false\">La titular de la cartera orden\u00f3 la entrega inmediata de los alimentos de pr\u00f3ximo vencimiento y, adem\u00e1s, <strong>dispuso el despido de De la Torre por no informar al respecto de la situaci\u00f3n de esta mercader\u00eda.\u00a0<\/strong>El ahora exsecretario de\u00a0<strong>Ni\u00f1ez y Familia\u00a0<\/strong>era uno de los pocos funcionarios que se manten\u00eda desde el organigrama original del\u00a0<strong>Ministerio de Capital Humano<\/strong>, que se encuentra erosionado por las renuncias y movimientos de direcciones.El vocero presidencial, Manuel Adorni, dio los motivos oficiales que llevaron al despido de De la Torre: &#8220;Con de la Torre surgieron dos temas: hay un tema que implica efectivamente problemas en la gesti\u00f3n y\u00a0<strong>la informaci\u00f3n que requer\u00eda la ministra Petovello sobre algunas cuestiones<\/strong>, entre ellas alg\u00fan detalle adicional que hab\u00eda requerido la ministra en relaci\u00f3n a temas de alimentos que no estaba obteniendo&#8221;.<\/p>\n<h4>Sindicatos apuntan contra Pettovello<\/h4>\n<div id=\"7938549-Libre-1201232584_wrap\" class=\"embed_cont type_imagen\" contenteditable=\"false\">\n<div id=\"7938549-Libre-1201232584_content\" class=\"embed_content\"><img loading=\"lazy\" decoding=\"async\" id=\"7938549-Libre-1201232584_embed\" title=\"Actualmente, el gobierno tiene 6 millones de kilos de alimentos sin repartir, muchos a punto de vencer.\" src=\"https:\/\/media.ambito.com\/p\/92b7db3ed53dd5e7db75220bf883f29c\/adjuntos\/239\/imagenes\/041\/539\/0041539890\/galpon-alimentos-1jpg.jpg\" alt=\"Actualmente, el gobierno tiene 6 millones de kilos de alimentos sin repartir, muchos a punto de vencer.\" width=\"648\" height=\"460\" \/><\/div>\n<div id=\"7938549-Libre-1201232584_epigrafe\" class=\"embed_epigrafe\">\n<p>Actualmente, el gobierno tiene 6 millones de kilos de alimentos sin repartir, muchos a punto de vencer.<\/p>\n<\/div>\n<\/div>\n<p>Los dos principales gremios estatales,\u00a0<strong>UPCN\u00a0<\/strong>y\u00a0<strong>ATE<\/strong>,\u00a0<strong>criticaron a la ministra de Capital Humano, Sandra Pettovello, por el esc\u00e1ndalo de los alimentos no entregados\u00a0 <\/strong><em>(depositados en lugares de Villa Martelli y Tucum\u00e1n capital)<\/em> y denunciaron las pol\u00edticas de este Gobierno que est\u00e1n generando una &#8220;<strong>cat\u00e1strofe social<\/strong>&#8220;.<\/p>\n<p>&#8220;Hola la\u00a0<strong>Secretar\u00eda de Ni\u00f1ez y Familia<\/strong>\u00a0(exMinisterio de Desarrollo Social) no s\u00f3lo est\u00e1 ac\u00e9fala, sino que es objeto del\u00a0<strong>desgobierno organizado por la actual gesti\u00f3n<\/strong>&#8220;, denunci\u00f3 la Asociaci\u00f3n de Trabajadores del Estado (<strong>ATE<\/strong>).<\/p>\n<p>&#8220;El Ministerio de Capital Humano informa ahora mediante un comunicado, que los\u00a0<strong>alimentos\u00a0<\/strong>(que est\u00e1n en dep\u00f3sito de Villa Martelli) ser\u00e1n\u00a0<strong>repartidos\u00a0<\/strong>por las\u00a0<strong>fuerzas armadas<\/strong>. Esta tarea<strong>\u00a0no se puede realizar sin acompa\u00f1amiento y experiencia de los trabajadorxs\u00a0<\/strong>formados y con conocimiento de las realidades en cada territorio&#8221;, se\u00f1al\u00f3 ATE.<\/p>\n<p>Por su parte, la\u00a0<strong>Uni\u00f3n del Personal Civil de la Naci\u00f3n<\/strong>\u00a0(UPCN) sali\u00f3 a defender el trabajo que hist\u00f3ricamente llevaron adelante los empleados del exMinisterio de Desarrollo Social. &#8220;Que nadie se confunda:<strong>\u00a0la inoperancia, desidia y miseria planificada por parte de un gobierno no debe manchar el buen nombre de lxs trabajadorxs<\/strong>\u00a0ni el hist\u00f3rico compromiso de nuestro pueblo. Al pueblo nos debemos&#8221;, afirm\u00f3 el sindicato conducido por Andr\u00e9s Rodr\u00edguez.<\/p>\n<p>El t\u00edtulo del comunicado de UPCN resume su critica al Gobierno de Javier Milei: &#8220;<strong>Los \u00fanicos responsables son los funcionarios<\/strong>. Con el hambre del pueblo, \u00a1no!<\/p>\n<p><em>nota publicada en el diario \u00c1mbito Financiero digital<\/em><\/p>\n<\/article>\n","protected":false},"excerpt":{"rendered":"<p>REVELADORES POSTEOS DEL PERIODISTA SEBASTI\u00c1N DUMONT EN LA RED SOCIAL X (ANTES TWITTER), ACERCA DEL ESC\u00c1NDALO POR LOS ALIMENTOS. PARA TENER EN CUENTA.<\/p>\n","protected":false},"author":3,"featured_media":25283,"comment_status":"open","ping_status":"open","sticky":false,"template":"","format":"standard","meta":{"footnotes":"","jetpack_publicize_message":"","jetpack_publicize_feature_enabled":true,"jetpack_social_post_already_shared":true,"jetpack_social_options":{"image_generator_settings":{"template":"highway","default_image_id":0,"font":"","enabled":false},"version":2}},"categories":[17],"tags":[575,924],"class_list":["post-25275","post","type-post","status-publish","format-standard","has-post-thumbnail","hentry","category-politica","tag-alimentos","tag-escandalo"],"jetpack_publicize_connections":[],"jetpack_featured_media_url":"https:\/\/revistaepocadigital.com.ar\/wp-content\/uploads\/2024\/06\/galpon-alimentos-1jpg.webp","jetpack_likes_enabled":true,"_links":{"self":[{"href":"https:\/\/revistaepocadigital.com.ar\/index.php?rest_route=\/wp\/v2\/posts\/25275","targetHints":{"allow":["GET"]}}],"collection":[{"href":"https:\/\/revistaepocadigital.com.ar\/index.php?rest_route=\/wp\/v2\/posts"}],"about":[{"href":"https:\/\/revistaepocadigital.com.ar\/index.php?rest_route=\/wp\/v2\/types\/post"}],"author":[{"embeddable":true,"href":"https:\/\/revistaepocadigital.com.ar\/index.php?rest_route=\/wp\/v2\/users\/3"}],"replies":[{"embeddable":true,"href":"https:\/\/revistaepocadigital.com.ar\/index.php?rest_route=%2Fwp%2Fv2%2Fcomments&post=25275"}],"version-history":[{"count":0,"href":"https:\/\/revistaepocadigital.com.ar\/index.php?rest_route=\/wp\/v2\/posts\/25275\/revisions"}],"wp:featuredmedia":[{"embeddable":true,"href":"https:\/\/revistaepocadigital.com.ar\/index.php?rest_route=\/wp\/v2\/media\/25283"}],"wp:attachment":[{"href":"https:\/\/revistaepocadigital.com.ar\/index.php?rest_route=%2Fwp%2Fv2%2Fmedia&parent=25275"}],"wp:term":[{"taxonomy":"category","embeddable":true,"href":"https:\/\/revistaepocadigital.com.ar\/index.php?rest_route=%2Fwp%2Fv2%2Fcategories&post=25275"},{"taxonomy":"post_tag","embeddable":true,"href":"https:\/\/revistaepocadigital.com.ar\/index.php?rest_route=%2Fwp%2Fv2%2Ftags&post=25275"}],"curies":[{"name":"wp","href":"https:\/\/api.w.org\/{rel}","templated":true}]}}