{"id":25297,"date":"2024-06-01T01:37:00","date_gmt":"2024-06-01T04:37:00","guid":{"rendered":"https:\/\/revistaepocadigital.com.ar\/?p=25297"},"modified":"2024-06-05T12:25:41","modified_gmt":"2024-06-05T15:25:41","slug":"corte-de-luz-programado-hoy-4-de-junio","status":"publish","type":"post","link":"https:\/\/revistaepocadigital.com.ar\/?p=25297","title":{"rendered":"Corte de luz programado. Hoy 4 de junio."},"content":{"rendered":"<div><strong>LO HIZO SABER CEPRAL.<\/strong><\/div>\n<div>\n<table border=\"0\" width=\"100%\" cellspacing=\"0\" cellpadding=\"0\">\n<tbody>\n<tr>\n<td class=\"ydp581f55a0yiv5899481976r8-c\" align=\"left\"><\/td>\n<\/tr>\n<\/tbody>\n<\/table>\n<p>&nbsp;<\/p>\n<table class=\"ydp581f55a0yiv5899481976r3-o\" border=\"0\" width=\"100%\" cellspacing=\"0\" cellpadding=\"0\" align=\"center\">\n<tbody>\n<tr>\n<td class=\"ydp581f55a0yiv5899481976r15-i\">\n<table border=\"0\" width=\"100%\" cellspacing=\"0\" cellpadding=\"0\">\n<tbody>\n<tr>\n<th class=\"ydp581f55a0yiv5899481976r5-c\" valign=\"top\" width=\"100%\">\n<table class=\"ydp581f55a0yiv5899481976r6-o\" border=\"0\" width=\"100%\" cellspacing=\"0\" cellpadding=\"0\">\n<tbody>\n<tr>\n<td class=\"ydp581f55a0yiv5899481976r7-i\" valign=\"top\">\n<table border=\"0\" width=\"100%\" cellspacing=\"0\" cellpadding=\"0\">\n<tbody>\n<tr>\n<td class=\"ydp581f55a0yiv5899481976r8-c\" align=\"left\">\n<table class=\"ydp581f55a0yiv5899481976r9-o\" border=\"0\" width=\"100%\" cellspacing=\"0\" cellpadding=\"0\">\n<tbody>\n<tr>\n<td class=\"ydp581f55a0yiv5899481976r10-i ydp581f55a0yiv5899481976nl2go-default-textstyle\" align=\"center\" valign=\"top\">&nbsp;<\/p>\n<p>&nbsp;<\/td>\n<\/tr>\n<tr>\n<td class=\"ydp581f55a0yiv5899481976r16-i ydp581f55a0yiv5899481976nl2go-default-textstyle\" align=\"center\" valign=\"top\">&nbsp;<\/p>\n<p><strong>Estimados Usuarios:\u00a0<\/strong><\/p>\n<p><strong>Barrio Comarca del Sol<\/strong><\/p>\n<p>Comunicamos que el m<strong>artes 04\/06\/24<\/strong> \u00a0se realiza un corte de energ\u00eda, por mantenimiento sobre la Red en Media Tensi\u00f3n en el tramo Remanso-Comarca del Sol, afectar\u00e1 al Barrio <strong>Comarca del Sol\u00a0<\/strong>en su totalidad.<\/p>\n<p>El mencionado\u00a0<strong>corte se lleva a cabo<\/strong>\u00a0en el tramo horario de\u00a0<strong>14:30 a 17:30 hs<\/strong>. aproximadamente y afecta a 400 usuarios.<br \/>\nSi el tiempo se torna inestable, se re-programar\u00e1n las tareas para otro d\u00eda.<\/p>\n<p>\u00a1Muchas Gracias!<\/p>\n<p><strong>Consejo de Administraci\u00f3n<\/strong><\/p>\n<p><strong>CEPRAL<\/strong><\/td>\n<\/tr>\n<\/tbody>\n<\/table>\n<\/td>\n<\/tr>\n<\/tbody>\n<\/table>\n<\/td>\n<\/tr>\n<\/tbody>\n<\/table>\n<\/th>\n<\/tr>\n<\/tbody>\n<\/table>\n<\/td>\n<\/tr>\n<\/tbody>\n<\/table>\n<\/div>\n","protected":false},"excerpt":{"rendered":"<p>LO HIZO SABER CEPRAL. &nbsp; &nbsp; &nbsp; &nbsp; Estimados Usuarios:\u00a0 Barrio Comarca del Sol Comunicamos que el martes 04\/06\/24 \u00a0se realiza un corte de energ\u00eda, por mantenimiento sobre la Red en Media Tensi\u00f3n en el tramo Remanso-Comarca del Sol, afectar\u00e1 al Barrio Comarca del Sol\u00a0en su totalidad. El mencionado\u00a0corte se lleva a cabo\u00a0en el tramo [&hellip;]<\/p>\n","protected":false},"author":3,"featured_media":25299,"comment_status":"open","ping_status":"open","sticky":false,"template":"","format":"standard","meta":{"footnotes":"","jetpack_publicize_message":"","jetpack_publicize_feature_enabled":true,"jetpack_social_post_already_shared":true,"jetpack_social_options":{"image_generator_settings":{"template":"highway","default_image_id":0,"font":"","enabled":false},"version":2}},"categories":[5],"tags":[1795],"class_list":["post-25297","post","type-post","status-publish","format-standard","has-post-thumbnail","hentry","category-aqui-parada-robles","tag-corte-luz"],"jetpack_publicize_connections":[],"jetpack_featured_media_url":"https:\/\/revistaepocadigital.com.ar\/wp-content\/uploads\/2024\/06\/mail-1.jpeg","jetpack_likes_enabled":true,"_links":{"self":[{"href":"https:\/\/revistaepocadigital.com.ar\/index.php?rest_route=\/wp\/v2\/posts\/25297","targetHints":{"allow":["GET"]}}],"collection":[{"href":"https:\/\/revistaepocadigital.com.ar\/index.php?rest_route=\/wp\/v2\/posts"}],"about":[{"href":"https:\/\/revistaepocadigital.com.ar\/index.php?rest_route=\/wp\/v2\/types\/post"}],"author":[{"embeddable":true,"href":"https:\/\/revistaepocadigital.com.ar\/index.php?rest_route=\/wp\/v2\/users\/3"}],"replies":[{"embeddable":true,"href":"https:\/\/revistaepocadigital.com.ar\/index.php?rest_route=%2Fwp%2Fv2%2Fcomments&post=25297"}],"version-history":[{"count":0,"href":"https:\/\/revistaepocadigital.com.ar\/index.php?rest_route=\/wp\/v2\/posts\/25297\/revisions"}],"wp:featuredmedia":[{"embeddable":true,"href":"https:\/\/revistaepocadigital.com.ar\/index.php?rest_route=\/wp\/v2\/media\/25299"}],"wp:attachment":[{"href":"https:\/\/revistaepocadigital.com.ar\/index.php?rest_route=%2Fwp%2Fv2%2Fmedia&parent=25297"}],"wp:term":[{"taxonomy":"category","embeddable":true,"href":"https:\/\/revistaepocadigital.com.ar\/index.php?rest_route=%2Fwp%2Fv2%2Fcategories&post=25297"},{"taxonomy":"post_tag","embeddable":true,"href":"https:\/\/revistaepocadigital.com.ar\/index.php?rest_route=%2Fwp%2Fv2%2Ftags&post=25297"}],"curies":[{"name":"wp","href":"https:\/\/api.w.org\/{rel}","templated":true}]}}