{"id":25322,"date":"2024-06-07T11:44:26","date_gmt":"2024-06-07T14:44:26","guid":{"rendered":"https:\/\/revistaepocadigital.com.ar\/?p=25322"},"modified":"2024-06-07T11:44:26","modified_gmt":"2024-06-07T14:44:26","slug":"el-dia-del-periodista-al-pueblo-que-quiere-saber-y-debe-saber","status":"publish","type":"post","link":"https:\/\/revistaepocadigital.com.ar\/?p=25322","title":{"rendered":"EL DIA DEL PERIODISTA.  AL PUEBLO QUE QUIERE SABER, Y DEBE SABER"},"content":{"rendered":"<div dir=\"ltr\"><strong>Mostrar hechos no es insultar.<\/strong><\/div>\n<div dir=\"ltr\"><strong>Criticar no es agredir<\/strong><strong>. <\/strong><\/div>\n<div dir=\"ltr\"><strong>Cuestionar no es atacar.<\/strong><\/div>\n<div dir=\"ltr\"><strong>Discutir no es hostigar.<\/strong><\/div>\n<div dir=\"ltr\"><strong> Informar y opinar no convierten a nadie en enemigo ni mercenario.<\/strong><\/div>\n<div dir=\"ltr\"><\/div>\n<div dir=\"ltr\"><strong>M\u00e1s que nunca.<\/strong><\/div>\n<div dir=\"ltr\"><strong>Un servicio a la Rep\u00fablica. Un servicio a nuestra gente.<\/strong><\/div>\n<div dir=\"ltr\"><strong>Al pueblo que quiere saber y que debe saber.<\/strong><\/div>\n<div dir=\"ltr\"><\/div>\n<div dir=\"ltr\"><strong>EL D\u00eda del Periodista, para los periodistas de verdad, es todos los d\u00edas.<\/strong><\/div>\n<div dir=\"ltr\"><\/div>\n<div dir=\"ltr\"><\/div>\n","protected":false},"excerpt":{"rendered":"<p>Mostrar hechos no es insultar. Criticar no es agredir. Cuestionar no es atacar. Discutir no es hostigar. Informar y opinar no convierten a nadie en enemigo ni mercenario. M\u00e1s que nunca. Un servicio a la Rep\u00fablica. Un servicio a nuestra gente. Al pueblo que quiere saber y que debe saber. EL D\u00eda del Periodista, para [&hellip;]<\/p>\n","protected":false},"author":4,"featured_media":25327,"comment_status":"open","ping_status":"open","sticky":false,"template":"","format":"standard","meta":{"footnotes":"","jetpack_publicize_message":"","jetpack_publicize_feature_enabled":true,"jetpack_social_post_already_shared":true,"jetpack_social_options":{"image_generator_settings":{"template":"highway","default_image_id":0,"font":"","enabled":false},"version":2}},"categories":[13],"tags":[369],"class_list":["post-25322","post","type-post","status-publish","format-standard","has-post-thumbnail","hentry","category-interes-general","tag-dia-del-periodista"],"jetpack_publicize_connections":[],"jetpack_featured_media_url":"https:\/\/revistaepocadigital.com.ar\/wp-content\/uploads\/2024\/06\/77.jpg","jetpack_likes_enabled":true,"_links":{"self":[{"href":"https:\/\/revistaepocadigital.com.ar\/index.php?rest_route=\/wp\/v2\/posts\/25322","targetHints":{"allow":["GET"]}}],"collection":[{"href":"https:\/\/revistaepocadigital.com.ar\/index.php?rest_route=\/wp\/v2\/posts"}],"about":[{"href":"https:\/\/revistaepocadigital.com.ar\/index.php?rest_route=\/wp\/v2\/types\/post"}],"author":[{"embeddable":true,"href":"https:\/\/revistaepocadigital.com.ar\/index.php?rest_route=\/wp\/v2\/users\/4"}],"replies":[{"embeddable":true,"href":"https:\/\/revistaepocadigital.com.ar\/index.php?rest_route=%2Fwp%2Fv2%2Fcomments&post=25322"}],"version-history":[{"count":0,"href":"https:\/\/revistaepocadigital.com.ar\/index.php?rest_route=\/wp\/v2\/posts\/25322\/revisions"}],"wp:featuredmedia":[{"embeddable":true,"href":"https:\/\/revistaepocadigital.com.ar\/index.php?rest_route=\/wp\/v2\/media\/25327"}],"wp:attachment":[{"href":"https:\/\/revistaepocadigital.com.ar\/index.php?rest_route=%2Fwp%2Fv2%2Fmedia&parent=25322"}],"wp:term":[{"taxonomy":"category","embeddable":true,"href":"https:\/\/revistaepocadigital.com.ar\/index.php?rest_route=%2Fwp%2Fv2%2Fcategories&post=25322"},{"taxonomy":"post_tag","embeddable":true,"href":"https:\/\/revistaepocadigital.com.ar\/index.php?rest_route=%2Fwp%2Fv2%2Ftags&post=25322"}],"curies":[{"name":"wp","href":"https:\/\/api.w.org\/{rel}","templated":true}]}}