{"id":25328,"date":"2024-06-10T17:25:58","date_gmt":"2024-06-10T20:25:58","guid":{"rendered":"https:\/\/revistaepocadigital.com.ar\/?p=25328"},"modified":"2024-06-10T17:28:16","modified_gmt":"2024-06-10T20:28:16","slug":"cancer-de-prostata-se-diagnostican-13-mil-nuevos-casos-por-ano-en-argentina","status":"publish","type":"post","link":"https:\/\/revistaepocadigital.com.ar\/?p=25328","title":{"rendered":"C\u00e1ncer de pr\u00f3stata: se diagnostican 13 mil nuevos casos por a\u00f1o en Argentina"},"content":{"rendered":"<h5 class=\"detail-header\" data-form=\"headerDetail\"><strong>El c\u00e1ncer de pr\u00f3stata es el tumor maligno m\u00e1s frecuente en los hombres seg\u00fan la Organizaci\u00f3n Mundial de la Salud (OMS<\/strong>).<\/h5>\n<p>&nbsp;<\/p>\n<p><em><strong>D\u00eda Mundial del C\u00e1ncer de Pr\u00f3stata, el 11 de junio<\/strong><\/em><\/p>\n<p><!--more--><\/p>\n<h5 class=\"detail-header\" data-form=\"headerDetail\">En Am\u00e9rica Latina se diagnostican m\u00e1s de 225.000 casos al a\u00f1o, mientras que la Argentina registra casi 13.000 nuevos casos por a\u00f1o.<\/h5>\n<div class=\"detail-scroll\">\n<p class=\"wire-detail\" data-form=\"wire-detail\">En el marco del D\u00eda Mundial del C\u00e1ncer de Pr\u00f3stata, el 11 de junio, la Liga Argentina de Lucha contra el C\u00e1ncer (LALCEC) invit\u00f3 a la comunidad a tomar conciencia sobre la importancia de la prevenci\u00f3n, la visita regular al m\u00e9dico y la realizaci\u00f3n de estudios de rutina.<br \/>\n&#8220;No se puede hacer prevenci\u00f3n primaria, pero s\u00ed prevenci\u00f3n secundaria, es decir diagn\u00f3stico precoz, aunque en esto no hay acuerdo sobre su utilidad&#8221;, coment\u00f3 el Dr. Carlos Silva, Director M\u00e9dico y Coordinador del Programa de Acompa\u00f1amiento al Paciente de LALCEC y a\u00f1adi\u00f3: &#8220;Si bien inicialmente se trata de una patolog\u00eda asintom\u00e1tica, existen algunos s\u00edntomas que s\u00ed aparecen cuando el tumor ya se encuentra en estado m\u00e1s avanzado. Algunos de estos s\u00edntomas son: orinar con sangre (hematuria), eyaculaci\u00f3n con sangre, dificultades para orinar y dolores \u00f3seos&#8221;.<\/p>\n<p class=\"wire-detail\" data-form=\"wire-detail\">A nivel local, con datos de 2021 del Instituto Nacional del C\u00e1ncer, se registraron 3.578 muertes, lo que representa una tasa bruta de 15,9 fallecimientos cada 100.000 varones. La mortalidad por este c\u00e1ncer aumenta con la edad, principalmente a partir de los 60 a\u00f1os, alcanzando valores de 361 muertes cada 100.000 varones de 80 y m\u00e1s a\u00f1os.<\/p>\n<p class=\"wire-detail\" data-form=\"wire-detail\">En este sentido, la mayor mortalidad se registr\u00f3 en las provincias de San Luis, Neuqu\u00e9n y Tierra del Fuego quienes presentaron una TAE de 14,6\/100.000 varones. Presentaron menores tasas ajustadas de mortalidad, Catamarca (6,2\/100.000), seguido de La Rioja (7,0\/100.000) y La Pampa con una tasa de 7,4\/100.000 varones. .<\/p>\n<p class=\"wire-detail\" data-form=\"wire-detail\"><strong>Los factores de riesgo y los controles<\/strong>.<br \/>\n<em>Los factores de riesgo de esta enfermedad son:<\/em><br \/>\n<em>&#8211; La edad avanzada: en general es m\u00e1s frecuentes a partir de los 50 a\u00f1os (el 81% de los pacientes son mayores de 65 a\u00f1os)<\/em><br \/>\n<em>&#8211; Es m\u00e1s frecuente en los afroamericanos.<\/em><br \/>\n<em>&#8211; Antecedentes familiares cercanos (padre, hermano, hijo) o antecedentes familiares de genes que aumentan el riesgo para c\u00e1ncer de mama (BRCA1 y BRCA2) o antecedentes familiares significativos de c\u00e1ncer de mama.<\/em><br \/>\n<em>&#8211; Obesidad.<\/em><\/p>\n<p class=\"wire-detail\" data-form=\"wire-detail\"><strong>El Dr. Silva explic\u00f3: &#8220;Los controles de screening ser\u00edan el examen digital rectal y el dosaje en sangre del PSA (ant\u00edgeno prost\u00e1tico espec\u00edfico). Si bien el PSA puede ser m\u00e1s sensible, solo un 30% con valores anormales tienen c\u00e1ncer de pr\u00f3stata, habiendo un 20% de falsos negativos y un 40% de falsos positivos&#8221;.<\/strong><br \/>\n<strong>&#8220;En general, los hombres son menos proclives que las mujeres a realizarse estudios de rutina, pero es fundamental que a partir de los 50 a\u00f1os se realicen los controles se\u00f1alados, ya que, de diagnosticarse tempranamente esta patolog\u00eda, puede curarse&#8221;, finaliz\u00f3 el especialista.<\/strong><\/p>\n<p class=\"wire-detail\" data-form=\"wire-detail\">Durante el mes de junio, desde la Liga Argentina de Lucha contra el C\u00e1ncer (LALCEC), bajo el lema &#8220;Cuidemos nuestra salud c\u00f3mo cuidamos nuestras pasiones&#8221; buscaron promover que la salud sea considerada como una pasi\u00f3n m\u00e1s, que merece ser atendida y cuidada con la misma dedicaci\u00f3n y entusiasmo que despiertan otros temas populares como el f\u00fatbol, el asado o el <span class=\"highlightWire\">automovilismo<\/span>.<\/p>\n<p class=\"wire-detail\" data-form=\"wire-detail\">En muchos casos, el c\u00e1ncer de pr\u00f3stata no causa ning\u00fan s\u00edntoma, por eso es fundamental que los hombres de 50 a\u00f1os o m\u00e1s realicen la visita anual al ur\u00f3logo y lleven a cabo los ex\u00e1menes correspondientes.<\/p>\n<\/div>\n","protected":false},"excerpt":{"rendered":"<p>El c\u00e1ncer de pr\u00f3stata es el tumor maligno m\u00e1s frecuente en los hombres seg\u00fan la Organizaci\u00f3n Mundial de la Salud (OMS). &nbsp; D\u00eda Mundial del C\u00e1ncer de Pr\u00f3stata, el 11 de junio<\/p>\n","protected":false},"author":3,"featured_media":25336,"comment_status":"open","ping_status":"open","sticky":false,"template":"","format":"standard","meta":{"footnotes":"","jetpack_publicize_message":"","jetpack_publicize_feature_enabled":true,"jetpack_social_post_already_shared":true,"jetpack_social_options":{"image_generator_settings":{"template":"highway","default_image_id":0,"font":"","enabled":false},"version":2}},"categories":[13],"tags":[2746],"class_list":["post-25328","post","type-post","status-publish","format-standard","has-post-thumbnail","hentry","category-interes-general","tag-cancer-prostata"],"jetpack_publicize_connections":[],"jetpack_featured_media_url":"https:\/\/revistaepocadigital.com.ar\/wp-content\/uploads\/2024\/06\/images.jpg","jetpack_likes_enabled":true,"_links":{"self":[{"href":"https:\/\/revistaepocadigital.com.ar\/index.php?rest_route=\/wp\/v2\/posts\/25328","targetHints":{"allow":["GET"]}}],"collection":[{"href":"https:\/\/revistaepocadigital.com.ar\/index.php?rest_route=\/wp\/v2\/posts"}],"about":[{"href":"https:\/\/revistaepocadigital.com.ar\/index.php?rest_route=\/wp\/v2\/types\/post"}],"author":[{"embeddable":true,"href":"https:\/\/revistaepocadigital.com.ar\/index.php?rest_route=\/wp\/v2\/users\/3"}],"replies":[{"embeddable":true,"href":"https:\/\/revistaepocadigital.com.ar\/index.php?rest_route=%2Fwp%2Fv2%2Fcomments&post=25328"}],"version-history":[{"count":0,"href":"https:\/\/revistaepocadigital.com.ar\/index.php?rest_route=\/wp\/v2\/posts\/25328\/revisions"}],"wp:featuredmedia":[{"embeddable":true,"href":"https:\/\/revistaepocadigital.com.ar\/index.php?rest_route=\/wp\/v2\/media\/25336"}],"wp:attachment":[{"href":"https:\/\/revistaepocadigital.com.ar\/index.php?rest_route=%2Fwp%2Fv2%2Fmedia&parent=25328"}],"wp:term":[{"taxonomy":"category","embeddable":true,"href":"https:\/\/revistaepocadigital.com.ar\/index.php?rest_route=%2Fwp%2Fv2%2Fcategories&post=25328"},{"taxonomy":"post_tag","embeddable":true,"href":"https:\/\/revistaepocadigital.com.ar\/index.php?rest_route=%2Fwp%2Fv2%2Ftags&post=25328"}],"curies":[{"name":"wp","href":"https:\/\/api.w.org\/{rel}","templated":true}]}}