{"id":25351,"date":"2024-06-13T17:34:59","date_gmt":"2024-06-13T20:34:59","guid":{"rendered":"https:\/\/revistaepocadigital.com.ar\/?p=25351"},"modified":"2024-06-13T18:05:58","modified_gmt":"2024-06-13T21:05:58","slug":"querias-feriados-largos-ahi-tenes","status":"publish","type":"post","link":"https:\/\/revistaepocadigital.com.ar\/?p=25351","title":{"rendered":"\u00bfQUER\u00cdAS FERIADOS LARGOS?, AH\u00cd TEN\u00c9S!"},"content":{"rendered":"<p><strong>CU\u00c1NDO Y HASTA CU\u00c1NDO.<!--more--><\/strong><br \/>\nSeg\u00fan el calendario oficial, la tercera semana de junio tiene solo dos d\u00edas h\u00e1biles.<br \/>\nEl lunes 17 es feriado en honor al Paso a la Inmortalidad del General Don Mart\u00edn Miguel de G\u00fcemes.<\/p>\n<p>Le siguen dos d\u00edas laborables, martes 18 y mi\u00e9rcoles 19, y luego, jueves 20 cuando es conmemorado el fallecimiento de Manuel Belgrano, creador de la bandera nacional.<\/p>\n<p>Finalmente, el viernes 21 se suma como feriado puente, prolongando as\u00ed el fin de semana hasta el domingo 23.<\/p>\n<p>&nbsp;<\/p>\n","protected":false},"excerpt":{"rendered":"<p>CU\u00c1NDO Y HASTA CU\u00c1NDO.<\/p>\n","protected":false},"author":3,"featured_media":25353,"comment_status":"open","ping_status":"open","sticky":false,"template":"","format":"standard","meta":{"footnotes":"","jetpack_publicize_message":"","jetpack_publicize_feature_enabled":true,"jetpack_social_post_already_shared":true,"jetpack_social_options":{"image_generator_settings":{"template":"highway","default_image_id":0,"font":"","enabled":false},"version":2}},"categories":[13],"tags":[1673,2757,2758],"class_list":["post-25351","post","type-post","status-publish","format-standard","has-post-thumbnail","hentry","category-interes-general","tag-feriados","tag-feriados-largos","tag-junio-2024"],"jetpack_publicize_connections":[],"jetpack_featured_media_url":"https:\/\/revistaepocadigital.com.ar\/wp-content\/uploads\/2024\/06\/448177611_916889640451168_8152191621723911002_n.jpg","jetpack_likes_enabled":true,"_links":{"self":[{"href":"https:\/\/revistaepocadigital.com.ar\/index.php?rest_route=\/wp\/v2\/posts\/25351","targetHints":{"allow":["GET"]}}],"collection":[{"href":"https:\/\/revistaepocadigital.com.ar\/index.php?rest_route=\/wp\/v2\/posts"}],"about":[{"href":"https:\/\/revistaepocadigital.com.ar\/index.php?rest_route=\/wp\/v2\/types\/post"}],"author":[{"embeddable":true,"href":"https:\/\/revistaepocadigital.com.ar\/index.php?rest_route=\/wp\/v2\/users\/3"}],"replies":[{"embeddable":true,"href":"https:\/\/revistaepocadigital.com.ar\/index.php?rest_route=%2Fwp%2Fv2%2Fcomments&post=25351"}],"version-history":[{"count":0,"href":"https:\/\/revistaepocadigital.com.ar\/index.php?rest_route=\/wp\/v2\/posts\/25351\/revisions"}],"wp:featuredmedia":[{"embeddable":true,"href":"https:\/\/revistaepocadigital.com.ar\/index.php?rest_route=\/wp\/v2\/media\/25353"}],"wp:attachment":[{"href":"https:\/\/revistaepocadigital.com.ar\/index.php?rest_route=%2Fwp%2Fv2%2Fmedia&parent=25351"}],"wp:term":[{"taxonomy":"category","embeddable":true,"href":"https:\/\/revistaepocadigital.com.ar\/index.php?rest_route=%2Fwp%2Fv2%2Fcategories&post=25351"},{"taxonomy":"post_tag","embeddable":true,"href":"https:\/\/revistaepocadigital.com.ar\/index.php?rest_route=%2Fwp%2Fv2%2Ftags&post=25351"}],"curies":[{"name":"wp","href":"https:\/\/api.w.org\/{rel}","templated":true}]}}