{"id":25359,"date":"2024-06-11T02:18:43","date_gmt":"2024-06-11T05:18:43","guid":{"rendered":"https:\/\/revistaepocadigital.com.ar\/?p=25359"},"modified":"2024-06-13T23:41:25","modified_gmt":"2024-06-14T02:41:25","slug":"las-ferias-pueblo-exaltacion-para-la-comunidad-y-como-una-fuente-de-trabajo-mas","status":"publish","type":"post","link":"https:\/\/revistaepocadigital.com.ar\/?p=25359","title":{"rendered":"Las Ferias Pueblo Exaltaci\u00f3n para la comunidad y como una fuente de trabajo m\u00e1s"},"content":{"rendered":"<div><\/div>\n<div><strong>SE REALIZAN LOS DOMINGOS EN EL PASEO ARCO IRIS DE CAPILLA DEL SE\u00d1OR<\/strong>.<\/div>\n<p><!--more--><\/p>\n<div><\/div>\n<div>Tienen lugar entre las 11 a 17.30 horas, ahora en \u00e9poca invernal. En verano habitualmente se extienden desde las 11 a 21 horas.<\/div>\n<div><\/div>\n<div>De las Ferias Pueblo Exaltaci\u00f3n, declarada de inter\u00e9s Municipal por el Concejo Deliberante de Exaltaci\u00f3n de la Cruz, participan emprendedores, productores, artesanos. Y llegan a congregarse hasta m\u00e1s de 70 feriantes vecinos con sus espacios, donde pueden encontrarse una variedad de artesan\u00edas, productos, comidas, indumentaria y hasta show musicales, sum\u00e1ndose algunos feriantes m\u00e1s de otros distritos, hace saber la referente y coordinadora Raquel Galarza y enseguida ampl\u00eda, &#8220;el \u00fanico domingo que no llevamos adelante nuestra Feria, es el segundo de cada mes, dado que en esos d\u00edas tiene lugar la Feria Capilla del Se\u00f1or, donde participan artesanos de nuestro distrito&#8221;. En esos d\u00edas entonces -agreg\u00f3 la vecina- nos trasladamos a la Plaza del Encuentro en Parada Robles, donde justamente estuvimos con nuestro emprendimiento el s\u00e1bado 8 de junio pasado.<\/div>\n<div><\/div>\n<div>&#8220;La realidad es que con las Ferias Pueblo Exaltaci\u00f3n, siempre buscamos ofrecer lo mejor de cada uno de nosotros, para nuestra comunidad y tambi\u00e9n para los visitantes que llegan los fines de semana a Capilla, y desde ya, que sean una fuente de trabajo e ingresos para ayudarnos a pasar los momentos dif\u00edciles que enfrentamos como tantos en nuestro pa\u00eds&#8221;, detall\u00f3 Galarza. Las Ferias Pueblo Exaltaci\u00f3n son habilitadas por el municipio en los fines de semana mencionados.<\/div>\n<div><img loading=\"lazy\" decoding=\"async\" class=\"aligncenter size-full wp-image-25371\" src=\"https:\/\/revistaepocadigital.com.ar\/wp-content\/uploads\/2024\/06\/feria5.jpg\" alt=\"\" width=\"485\" height=\"236\" srcset=\"https:\/\/revistaepocadigital.com.ar\/wp-content\/uploads\/2024\/06\/feria5.jpg 485w, https:\/\/revistaepocadigital.com.ar\/wp-content\/uploads\/2024\/06\/feria5-300x146.jpg 300w\" sizes=\"auto, (max-width: 485px) 100vw, 485px\" \/><\/div>\n<div><\/div>\n<div>&#8220;Somos hasta m\u00e1s de 70 feriantes, la gran mayor\u00eda del partido de Exaltaci\u00f3n de la Cruz&#8221; reitera la vecina. &#8220;A su vez, como organizadores disponemos de gazebos y los alquilamos a aquellos que no tienen, aunque hay quienes llevan su mesa y si exponen en forma prolija, participan tranquilamente, sin problemas&#8221;.<\/div>\n<div><\/div>\n<div>Las Ferias Pueblo Exaltaci\u00f3n, tambi\u00e9n tienen un fin solidario. &#8220;Con lo que se recauda, se hacen unas 100 viandas de comidas y los d\u00edas martes y jueves son entregadas a vecinos en el local que tenemos en la calle Balcarce 257 de Capilla del Se\u00f1or, local que tambi\u00e9n se costea con los ingresos de la feria&#8221;, detalla Galarza y apunta enseguida, &#8220;ah\u00ed en el local, hacemos el roperito solidario todos los d\u00edas y la vianda como dije, los martes y jueves y, por supuesto guardamos todo lo que no se usa para las ferias, en definitiva ser\u00eda como un espacio para usos m\u00faltiples&#8221;.<\/div>\n<div><\/div>\n<div>La municipalidad efect\u00faa controles muy frecuentes sobre el emprendimiento que coment\u00f3 la coordinadora, &#8220;nosotros nos autogestionamos, en todo, todo; sean gazebos, puestos, mesas, local, insumos para la vianda, ba\u00f1os, etc. Todo lo pagamos con lo recibido por los alquileres de los gazebos, mesas, puestos, entre otras cosas necesarias. Por este motivo es que nos resulta imprescindible hacer la Feria todos los fin de semanas y por lo menos un d\u00eda completo&#8221;.<\/div>\n<div><\/div>\n<div>Acerca de los que participan, son emprendedores, artesanos y productores. Con los tiempos que corren, se ha incrementado mucho la demanda de un espacio para poder feriar.\u00a0 Y en las ferias que se llevan a cabo, se encuentran entre otros a trabajadores en relaci\u00f3n de dependencia as\u00ed como los independientes o autogestionados. &#8220;Hoy m\u00e1s que nunca buscamos un plus, un ingreso que ayude a llegar a fin de mes, y ni hablar de los que viven exclusivamente de la Feria&#8221;, remarca Galarza, referente como se ha dicho, de Ferias Pueblo Exaltaci\u00f3n, &#8220;una agrupaci\u00f3n que hace varios a\u00f1os venimos trabajando en Exaltaci\u00f3n de la Cruz, con el apoyo y formando parte del Frente Barrial CTA T, que siempre nos ayudan con mercader\u00eda, \u00a0juguetes y sobretodo nos brindan apoyo general en lo pol\u00edtico social&#8221;.<\/div>\n","protected":false},"excerpt":{"rendered":"<p>SE REALIZAN LOS DOMINGOS EN EL PASEO ARCO IRIS DE CAPILLA DEL SE\u00d1OR.<\/p>\n","protected":false},"author":3,"featured_media":25370,"comment_status":"open","ping_status":"open","sticky":false,"template":"","format":"standard","meta":{"footnotes":"","jetpack_publicize_message":"","jetpack_publicize_feature_enabled":true,"jetpack_social_post_already_shared":true,"jetpack_social_options":{"image_generator_settings":{"template":"highway","default_image_id":0,"font":"","enabled":false},"version":2}},"categories":[14],"tags":[2748],"class_list":["post-25359","post","type-post","status-publish","format-standard","has-post-thumbnail","hentry","category-la-gente","tag-ferias-pueblo-exaltacion"],"jetpack_publicize_connections":[],"jetpack_featured_media_url":"https:\/\/revistaepocadigital.com.ar\/wp-content\/uploads\/2024\/06\/feria.jpg","jetpack_likes_enabled":true,"_links":{"self":[{"href":"https:\/\/revistaepocadigital.com.ar\/index.php?rest_route=\/wp\/v2\/posts\/25359","targetHints":{"allow":["GET"]}}],"collection":[{"href":"https:\/\/revistaepocadigital.com.ar\/index.php?rest_route=\/wp\/v2\/posts"}],"about":[{"href":"https:\/\/revistaepocadigital.com.ar\/index.php?rest_route=\/wp\/v2\/types\/post"}],"author":[{"embeddable":true,"href":"https:\/\/revistaepocadigital.com.ar\/index.php?rest_route=\/wp\/v2\/users\/3"}],"replies":[{"embeddable":true,"href":"https:\/\/revistaepocadigital.com.ar\/index.php?rest_route=%2Fwp%2Fv2%2Fcomments&post=25359"}],"version-history":[{"count":0,"href":"https:\/\/revistaepocadigital.com.ar\/index.php?rest_route=\/wp\/v2\/posts\/25359\/revisions"}],"wp:featuredmedia":[{"embeddable":true,"href":"https:\/\/revistaepocadigital.com.ar\/index.php?rest_route=\/wp\/v2\/media\/25370"}],"wp:attachment":[{"href":"https:\/\/revistaepocadigital.com.ar\/index.php?rest_route=%2Fwp%2Fv2%2Fmedia&parent=25359"}],"wp:term":[{"taxonomy":"category","embeddable":true,"href":"https:\/\/revistaepocadigital.com.ar\/index.php?rest_route=%2Fwp%2Fv2%2Fcategories&post=25359"},{"taxonomy":"post_tag","embeddable":true,"href":"https:\/\/revistaepocadigital.com.ar\/index.php?rest_route=%2Fwp%2Fv2%2Ftags&post=25359"}],"curies":[{"name":"wp","href":"https:\/\/api.w.org\/{rel}","templated":true}]}}