{"id":25387,"date":"2024-06-13T10:25:20","date_gmt":"2024-06-13T13:25:20","guid":{"rendered":"https:\/\/revistaepocadigital.com.ar\/?p=25387"},"modified":"2024-06-13T10:40:50","modified_gmt":"2024-06-13T13:40:50","slug":"cuidado-la-niebla-merece-respeto","status":"publish","type":"post","link":"https:\/\/revistaepocadigital.com.ar\/?p=25387","title":{"rendered":"CUIDADO. LA NIEBLA MERECE RESPETO"},"content":{"rendered":"<p><strong>EL MENSAJE DEL CESVI.<\/strong><!--more--><\/p>\n<p>El organismo integrado por nueve de las m\u00e1s importantes compa\u00f1\u00edas de seguro del pa\u00eds, cuyas instalaciones se encuentran en el parque industrial de Pilar.<\/p>\n<p>&nbsp;<\/p>\n<p><img loading=\"lazy\" decoding=\"async\" class=\"aligncenter size-large wp-image-25388\" src=\"https:\/\/revistaepocadigital.com.ar\/wp-content\/uploads\/2024\/06\/cess-746x1200.jpeg\" alt=\"\" width=\"696\" height=\"1120\" srcset=\"https:\/\/revistaepocadigital.com.ar\/wp-content\/uploads\/2024\/06\/cess-746x1200.jpeg 746w, https:\/\/revistaepocadigital.com.ar\/wp-content\/uploads\/2024\/06\/cess-187x300.jpeg 187w, https:\/\/revistaepocadigital.com.ar\/wp-content\/uploads\/2024\/06\/cess-768x1235.jpeg 768w, https:\/\/revistaepocadigital.com.ar\/wp-content\/uploads\/2024\/06\/cess-955x1536.jpeg 955w, https:\/\/revistaepocadigital.com.ar\/wp-content\/uploads\/2024\/06\/cess-696x1119.jpeg 696w, https:\/\/revistaepocadigital.com.ar\/wp-content\/uploads\/2024\/06\/cess-261x420.jpeg 261w, https:\/\/revistaepocadigital.com.ar\/wp-content\/uploads\/2024\/06\/cess-522x840.jpeg 522w, https:\/\/revistaepocadigital.com.ar\/wp-content\/uploads\/2024\/06\/cess.jpeg 1044w\" sizes=\"auto, (max-width: 696px) 100vw, 696px\" \/><\/p>\n","protected":false},"excerpt":{"rendered":"<p>EL MENSAJE DEL CESVI.<\/p>\n","protected":false},"author":4,"featured_media":25388,"comment_status":"open","ping_status":"open","sticky":false,"template":"","format":"standard","meta":{"footnotes":"","jetpack_publicize_message":"","jetpack_publicize_feature_enabled":true,"jetpack_social_post_already_shared":true,"jetpack_social_options":{"image_generator_settings":{"template":"highway","default_image_id":0,"font":"","enabled":false},"version":2}},"categories":[6],"tags":[2753,2754],"class_list":["post-25387","post","type-post","status-publish","format-standard","has-post-thumbnail","hentry","category-barrios","tag-cesvi","tag-niebla"],"jetpack_publicize_connections":[],"jetpack_featured_media_url":"https:\/\/revistaepocadigital.com.ar\/wp-content\/uploads\/2024\/06\/cess.jpeg","jetpack_likes_enabled":true,"_links":{"self":[{"href":"https:\/\/revistaepocadigital.com.ar\/index.php?rest_route=\/wp\/v2\/posts\/25387","targetHints":{"allow":["GET"]}}],"collection":[{"href":"https:\/\/revistaepocadigital.com.ar\/index.php?rest_route=\/wp\/v2\/posts"}],"about":[{"href":"https:\/\/revistaepocadigital.com.ar\/index.php?rest_route=\/wp\/v2\/types\/post"}],"author":[{"embeddable":true,"href":"https:\/\/revistaepocadigital.com.ar\/index.php?rest_route=\/wp\/v2\/users\/4"}],"replies":[{"embeddable":true,"href":"https:\/\/revistaepocadigital.com.ar\/index.php?rest_route=%2Fwp%2Fv2%2Fcomments&post=25387"}],"version-history":[{"count":0,"href":"https:\/\/revistaepocadigital.com.ar\/index.php?rest_route=\/wp\/v2\/posts\/25387\/revisions"}],"wp:featuredmedia":[{"embeddable":true,"href":"https:\/\/revistaepocadigital.com.ar\/index.php?rest_route=\/wp\/v2\/media\/25388"}],"wp:attachment":[{"href":"https:\/\/revistaepocadigital.com.ar\/index.php?rest_route=%2Fwp%2Fv2%2Fmedia&parent=25387"}],"wp:term":[{"taxonomy":"category","embeddable":true,"href":"https:\/\/revistaepocadigital.com.ar\/index.php?rest_route=%2Fwp%2Fv2%2Fcategories&post=25387"},{"taxonomy":"post_tag","embeddable":true,"href":"https:\/\/revistaepocadigital.com.ar\/index.php?rest_route=%2Fwp%2Fv2%2Ftags&post=25387"}],"curies":[{"name":"wp","href":"https:\/\/api.w.org\/{rel}","templated":true}]}}