{"id":25390,"date":"2024-06-13T10:42:37","date_gmt":"2024-06-13T13:42:37","guid":{"rendered":"https:\/\/revistaepocadigital.com.ar\/?p=25390"},"modified":"2024-06-13T10:53:45","modified_gmt":"2024-06-13T13:53:45","slug":"juni-pera-la-marca-de-cosmetica-sostenible-realizo-un-beauty-day","status":"publish","type":"post","link":"https:\/\/revistaepocadigital.com.ar\/?p=25390","title":{"rendered":"Jun\u00ed Per\u00e1, la marca de cosm\u00e9tica\u00a0sostenible, realiz\u00f3 un Beauty Day"},"content":{"rendered":"<p class=\"yiv8158100237MsoNormal\" align=\"center\"><strong>El objetivo del encuentro fue dar a conocer sus productos naturales y sostenibles.<\/strong><!--more--><\/p>\n<p class=\"yiv8158100237MsoNormal\">El evento se realiz\u00f3 en Paran\u00e1 y cont\u00f3 con la presencia y exposiciones de la bioqu\u00edmica Carolina Kranewitter, Directora Cient\u00edfica de la marca y la Dra Sharon Seiref dermat\u00f3loga y consultora asociada de Jun\u00ed Per\u00e1. Participaron Dermo consultoras, influencers y l\u00edderes de opini\u00f3n.<\/p>\n<p class=\"yiv8158100237MsoNormal\">Se realizaron pruebas de los cosm\u00e9ticos para nutrir, hidratar y mejorar la piel; tambi\u00e9n hubo sorteos y regalos.<\/p>\n<p class=\"yiv8158100237MsoNormal\">Es importante recordar que su creadora, Carolina Kranewitter, logr\u00f3 triplicar su n\u00famero de Dermo Consultoras y aument\u00f3 un 400% la venta de cosm\u00e9ticos, desde su primer a\u00f1o en el mercado.<\/p>\n<p class=\"yiv8158100237MsoNormal\">La exposici\u00f3n de la Dra Sharon Seiref aport\u00f3 contenidos cl\u00ednicos relacionados con los productos Jun\u00ed Per\u00e1, que resultaron de alto inter\u00e9s para los asistentes.<\/p>\n<p class=\"yiv8158100237MsoNormal\">Eventos como \u00e9ste, ser\u00e1n realizados en distintas ciudades de Argentina, en fechas a confirmar.<\/p>\n<p class=\"yiv8158100237MsoNormal\">La l\u00ednea de productos puede conseguirse en\u00a0todo el\u00a0pa\u00eds, a trav\u00e9s de sus Dermo Consultoras y revendedoras o en su p\u00e1gina web:\u00a0<a href=\"https:\/\/www.junipera.com.ar\/\" target=\"_blank\" rel=\"nofollow noopener noreferrer\">https:\/\/www.junipera.com.ar\/<\/a>.<\/p>\n<p class=\"yiv8158100237MsoNormal\">Sus cosm\u00e9ticos son multifuncionales, no s\u00f3lo contribuyen a mejorar el cuidado diario de la piel o el cabello, sino que adem\u00e1s sirven para el cuidado de pieles con patolog\u00edas.<\/p>\n<p class=\"yiv8158100237MsoNormal\"><b>\u00a0<\/b><\/p>\n<p class=\"yiv8158100237MsoNormal\"><b>Para m\u00e1s informaci\u00f3n:<\/b><\/p>\n<p class=\"yiv8158100237MsoNormal\"><a href=\"https:\/\/www.junipera.com.ar\/\" target=\"_blank\" rel=\"nofollow noopener noreferrer\">https:\/\/www.junipera.com.ar\/<\/a><\/p>\n<p class=\"yiv8158100237MsoNormal\"><a href=\"https:\/\/www.instagram.com\/juni.pera\/\" target=\"_blank\" rel=\"nofollow noopener noreferrer\">https:\/\/www.instagram.com\/juni.pera\/<\/a><\/p>\n<p class=\"yiv8158100237MsoNormal\" align=\"right\">\n","protected":false},"excerpt":{"rendered":"<p>El objetivo del encuentro fue dar a conocer sus productos naturales y sostenibles.<\/p>\n","protected":false},"author":3,"featured_media":25400,"comment_status":"open","ping_status":"open","sticky":false,"template":"","format":"standard","meta":{"footnotes":"","jetpack_publicize_message":"","jetpack_publicize_feature_enabled":true,"jetpack_social_post_already_shared":true,"jetpack_social_options":{"image_generator_settings":{"template":"highway","default_image_id":0,"font":"","enabled":false},"version":2}},"categories":[11],"tags":[2755],"class_list":["post-25390","post","type-post","status-publish","format-standard","has-post-thumbnail","hentry","category-entidades","tag-cosmeticos"],"jetpack_publicize_connections":[],"jetpack_featured_media_url":"https:\/\/revistaepocadigital.com.ar\/wp-content\/uploads\/2024\/06\/1-EVENTO.jpg","jetpack_likes_enabled":true,"_links":{"self":[{"href":"https:\/\/revistaepocadigital.com.ar\/index.php?rest_route=\/wp\/v2\/posts\/25390","targetHints":{"allow":["GET"]}}],"collection":[{"href":"https:\/\/revistaepocadigital.com.ar\/index.php?rest_route=\/wp\/v2\/posts"}],"about":[{"href":"https:\/\/revistaepocadigital.com.ar\/index.php?rest_route=\/wp\/v2\/types\/post"}],"author":[{"embeddable":true,"href":"https:\/\/revistaepocadigital.com.ar\/index.php?rest_route=\/wp\/v2\/users\/3"}],"replies":[{"embeddable":true,"href":"https:\/\/revistaepocadigital.com.ar\/index.php?rest_route=%2Fwp%2Fv2%2Fcomments&post=25390"}],"version-history":[{"count":0,"href":"https:\/\/revistaepocadigital.com.ar\/index.php?rest_route=\/wp\/v2\/posts\/25390\/revisions"}],"wp:featuredmedia":[{"embeddable":true,"href":"https:\/\/revistaepocadigital.com.ar\/index.php?rest_route=\/wp\/v2\/media\/25400"}],"wp:attachment":[{"href":"https:\/\/revistaepocadigital.com.ar\/index.php?rest_route=%2Fwp%2Fv2%2Fmedia&parent=25390"}],"wp:term":[{"taxonomy":"category","embeddable":true,"href":"https:\/\/revistaepocadigital.com.ar\/index.php?rest_route=%2Fwp%2Fv2%2Fcategories&post=25390"},{"taxonomy":"post_tag","embeddable":true,"href":"https:\/\/revistaepocadigital.com.ar\/index.php?rest_route=%2Fwp%2Fv2%2Ftags&post=25390"}],"curies":[{"name":"wp","href":"https:\/\/api.w.org\/{rel}","templated":true}]}}