{"id":25433,"date":"2024-06-15T17:42:08","date_gmt":"2024-06-15T20:42:08","guid":{"rendered":"https:\/\/revistaepocadigital.com.ar\/?p=25433"},"modified":"2024-06-15T17:44:20","modified_gmt":"2024-06-15T20:44:20","slug":"como-impacta-el-cambio-de-condiciones-en-la-factura-de-luz","status":"publish","type":"post","link":"https:\/\/revistaepocadigital.com.ar\/?p=25433","title":{"rendered":"\u00bfC\u00d3MO IMPACTA EL CAMBIO DE CONDICIONES EN LA FACTURA DE LUZ?"},"content":{"rendered":"<p><strong>EL INFORME DE CEPRAL. NOTA SERVICIO.<\/strong><!--more--><\/p>\n<table class=\"yiv8519371978r7-o\" role=\"presentation\" border=\"0\" width=\"100%\" cellspacing=\"0\" cellpadding=\"0\" align=\"center\">\n<tbody>\n<tr>\n<td class=\"yiv8519371978r9-i\">\n<table role=\"presentation\" border=\"0\" width=\"100%\" cellspacing=\"0\" cellpadding=\"0\">\n<tbody>\n<tr>\n<th class=\"yiv8519371978r5-c\" valign=\"top\" width=\"100%\">\n<table class=\"yiv8519371978r10-o\" role=\"presentation\" border=\"0\" width=\"100%\" cellspacing=\"0\" cellpadding=\"0\" align=\"left\">\n<tbody>\n<tr>\n<td class=\"yiv8519371978r11-i yiv8519371978nl2go-default-textstyle\" valign=\"top\">\n<div>\n<p>\u00a1En Contacto!<\/p>\n<p><strong>Estimados vecinos y usuarios:<\/strong><\/p>\n<p>Fieles a los principios cooperativos que dieron origen a la entidad, a\u00fan en estos tiempos inciertos, pero con el convencimiento de que ponemos todo para acompa\u00f1ar el crecimiento de nuestra localidad, asegurarron que contin\u00faan<strong> invirtiendo para brindar mejores servicios.\u00a0<\/strong><\/p>\n<p><strong>Agradecemos el respaldo y el reconocimiento de nuestros vecinos, que son nuestra raz\u00f3n de ser.<\/strong><\/p>\n<p><em>&#8220;Estamos efectuando las primeras altas en el barrio<strong>\u00a0La Verdad\u00a0<\/strong>y hemos tomado la decisi\u00f3n de avanzar en el tendido de la red para cablear todo el barrio<strong>\u00a0Parque Exaltaci\u00f3n.<\/strong><\/em><\/p>\n<p><em>Al mismo tiempo, continuamos con el cambio de postes y re-acomodamiento de las l\u00edneas de cableado de los servicios en los distintos barrios de nuestra concesi\u00f3n.<\/em><\/p>\n<p><em>Avanzando con nuestro\u00a0<strong>Plan de Mejoras<\/strong>, realizamos tareas de mantenimiento de poda en las\u00a0<strong>l\u00edneas de Media Tensi\u00f3n<\/strong>\u00a0de los barrios\u00a0<strong>La Verdad, Comarca del Sol y Altos de Ca\u00f1ad\u00f3n&#8221;.\u00a0<\/strong><\/em><\/p>\n<p><strong>Temporada de Poda:<\/strong>\u00a0una vez m\u00e1s les solicitamos a nuestros vecinos que por favor tomen los recaudos necesarios y trabajen con personal id\u00f3neo en sus podas domiciliarias.<\/p>\n<p>Evitemos los cortes no programados, la interrupci\u00f3n de los servicios y los altos costos en los que tenemos que incurrir para solucionar los da\u00f1os ocasionados. \u00a0En esta \u00faltima semana m\u00e1s de\u00a0<strong>3.600 usuarios se vieron afectados a ra\u00edz de un trabajo de poda realizado por un vecino.<\/strong><\/p>\n<p><strong>Como es es p\u00fablico conocimiento,<\/strong><strong>\u00a0Naci\u00f3n aprob\u00f3 los nuevos cuadros tarifarios para el Sector El\u00e9ctrico, retroactivos al 1\u00b0 de junio<\/strong><strong>:\u00a0<\/strong>Si bien a\u00fan las autoridades provinciales no se han expedido,<strong>\u00a0reiteramos la recomendaci\u00f3n de hacer un uso racional de la energ\u00eda.<\/strong><\/p>\n<p>El Gobierno Nacional tambi\u00e9n ha decretado que\u00a0<strong>todos los beneficiarios de TARIFA SOCIAL que no se han inscripto en el RASE deber\u00e1n hacerlo antes de 31 de agosto de 2024 para poder mantener la condici\u00f3n de tal<\/strong>.<strong>\u00a0De no inscribirse pasaran en forma autom\u00e1tica a la categor\u00eda N1 y debiendo pagar la tarifa plena.<\/strong><\/p>\n<p><strong>Padr\u00f3n de Asociados<\/strong>, les damos la bienvenida a los nuevos socios que se sumaron en respuesta a la apertura de las afiliaciones informada en nuestra edici\u00f3n anterior.<strong>\u00a0\u00a0<\/strong><\/p>\n<p>Los interesados pueden requerir en nuestras oficinas \u00a0la \u00a0<strong>solicitud de adhesi\u00f3n<\/strong>, que luego ser\u00e1 evaluada y aprobada por el Consejo de Administraci\u00f3n. Al momento de su aceptaci\u00f3n,\u00a0<strong>se deber\u00e1 abonar una cuota por \u00fanica vez<\/strong>.<\/p>\n<p>Y, el <strong>afectuoso saludo a todos los padres con motivo que se festeja su d\u00eda.<\/strong><\/p>\n<p>&nbsp;<\/p>\n<p>Quedamos a disposici\u00f3n de nuestros usuarios por todas nuestras v\u00edas de comunicaci\u00f3n, ante cualquier inquietud que pueda surgirles.<\/p>\n<p><strong>Consejo de Administraci\u00f3n\u00a0<\/strong><br \/>\n<strong>Cepral<\/strong><\/p>\n<p>&nbsp;<\/p>\n<\/div>\n<\/td>\n<\/tr>\n<\/tbody>\n<\/table>\n<table class=\"yiv8519371978r10-o\" role=\"presentation\" border=\"0\" width=\"100%\" cellspacing=\"0\" cellpadding=\"0\" align=\"left\">\n<tbody>\n<tr>\n<td class=\"yiv8519371978r12-i yiv8519371978nl2go-default-textstyle\" valign=\"top\">\n<div>\n<p>&nbsp;<\/p>\n<p><strong>RECOMENDACIONES<\/strong><\/p>\n<p>&nbsp;<\/p>\n<p><strong>Su Instalaci\u00f3n El\u00e9ctrica Interna debe contar con los dispositivos b\u00e1sicos de seguridad:<\/strong><\/p>\n<ul>\n<li><strong>Disyuntor<\/strong><\/li>\n<li><strong>Llave termomagn\u00e9tica<\/strong><\/li>\n<li><strong>Puesta a tierra y tomas, conectados al circuito de puesta a tierra<\/strong><\/li>\n<li><strong>Cableado normalizado y acorde a la carga existente, entre otros requisitos informados en el Reglamento de Servicio.<\/strong><\/li>\n<\/ul>\n<p>&nbsp;<\/p>\n<p><strong>Rev\u00edsela peri\u00f3dicamente con un electricista matriculado<\/strong><\/p>\n<p><strong>\u00a0\u00a0<\/strong><\/p>\n<\/div>\n<\/td>\n<\/tr>\n<\/tbody>\n<\/table>\n<table class=\"yiv8519371978r7-o\" role=\"presentation\" border=\"0\" width=\"550\" cellspacing=\"0\" cellpadding=\"0\" align=\"center\">\n<tbody>\n<tr>\n<td class=\"yiv8519371978r13-i\"><img decoding=\"async\" src=\"https:\/\/ecp.yusercontent.com\/mail?url=https%3A%2F%2F41sau.img.sp1-brevo.net%2Fim%2Fsh%2FKzHLlj_bD03S.jpg%3Fu%3DWtVElij8PJZGdKGqfz9i99ZhF2tgHvTG&amp;t=1718483522&amp;ymreqid=a1e28384-e738-286e-1c0b-5c002a018400&amp;sig=mLsRKQ26CcdtCH5cm8g6pg--~D\" width=\"550\" border=\"0\" \/><\/td>\n<\/tr>\n<\/tbody>\n<\/table>\n<\/th>\n<\/tr>\n<\/tbody>\n<\/table>\n<\/td>\n<\/tr>\n<\/tbody>\n<\/table>\n<table class=\"yiv8519371978r7-o\" role=\"presentation\" border=\"0\" width=\"100%\" cellspacing=\"0\" cellpadding=\"0\" align=\"center\">\n<tbody>\n<tr>\n<td class=\"yiv8519371978r9-i\">\n<table role=\"presentation\" border=\"0\" width=\"100%\" cellspacing=\"0\" cellpadding=\"0\">\n<tbody>\n<tr>\n<th class=\"yiv8519371978r5-c\" valign=\"top\" width=\"100%\">\n<table class=\"yiv8519371978r6-o\" role=\"presentation\" border=\"0\" width=\"100%\" cellspacing=\"0\" cellpadding=\"0\">\n<tbody>\n<tr>\n<td class=\"yiv8519371978r14-i\" valign=\"top\">\n<table role=\"presentation\" border=\"0\" width=\"100%\" cellspacing=\"0\" cellpadding=\"0\">\n<tbody>\n<tr>\n<td class=\"yiv8519371978r15-c\" align=\"center\"><img decoding=\"async\" src=\"https:\/\/ecp.yusercontent.com\/mail?url=https%3A%2F%2F41sau.img.sp1-brevo.net%2Fim%2Fsh%2FFbWUStKh8GR0.png%3Fu%3DWtVElij8PJZGdmbYsPY4F4jxIsHVGfBK&amp;t=1718483522&amp;ymreqid=a1e28384-e738-286e-1c0b-5c002a018400&amp;sig=MvWvA2ieMEoqVAsJdCs5Iw--~D\" width=\"560\" border=\"0\" \/><\/td>\n<\/tr>\n<\/tbody>\n<\/table>\n<\/td>\n<\/tr>\n<\/tbody>\n<\/table>\n<\/th>\n<\/tr>\n<\/tbody>\n<\/table>\n<\/td>\n<\/tr>\n<\/tbody>\n<\/table>\n<table class=\"yiv8519371978r7-o\" role=\"presentation\" border=\"0\" width=\"100%\" cellspacing=\"0\" cellpadding=\"0\" align=\"center\">\n<tbody>\n<tr>\n<td class=\"yiv8519371978r9-i\">\n<table role=\"presentation\" border=\"0\" width=\"100%\" cellspacing=\"0\" cellpadding=\"0\">\n<tbody>\n<tr>\n<th class=\"yiv8519371978r5-c\" valign=\"top\" width=\"100%\">\n<table class=\"yiv8519371978r6-o\" role=\"presentation\" border=\"0\" width=\"100%\" cellspacing=\"0\" cellpadding=\"0\">\n<tbody>\n<tr>\n<td class=\"yiv8519371978r14-i\" valign=\"top\">\n<table role=\"presentation\" border=\"0\" width=\"100%\" cellspacing=\"0\" cellpadding=\"0\">\n<tbody>\n<tr>\n<td class=\"yiv8519371978r16-c\" align=\"left\">\n<table class=\"yiv8519371978r10-o\" role=\"presentation\" border=\"0\" width=\"100%\" cellspacing=\"0\" cellpadding=\"0\">\n<tbody>\n<tr>\n<td class=\"yiv8519371978r17-i yiv8519371978nl2go-default-textstyle\" valign=\"top\">\n<div>\n<h4 class=\"yiv8519371978default-heading4\"><strong>\u00bfC\u00d3MO IMPACTA EL CAMBIO DE CONDICIONES EN LA FACTURA DEL SERVICIO EL\u00c9CTRICO?<\/strong><\/h4>\n<p>El\u00a0<strong>Gobierno Nacional decret\u00f3 cambios en la Tarifa de Energ\u00eda<\/strong>\u00a0y nuevas condiciones para mantener los subsidios actualmente vigentes, a trav\u00e9s de la\u00a0<strong>resoluci\u00f3n 92\/2024 de fecha 06 de junio 2024<\/strong>\u00a0que establece:<\/p>\n<p>&nbsp;<\/p>\n<ul>\n<li><strong><u>Aumentos,<\/u><\/strong><\/li>\n<\/ul>\n<ol>\n<li>El Gobierno Nacional\u00a0<strong>aprob\u00f3 aumentos en los precios mayoristas de la energ\u00eda, y defini\u00f3 nuevos topes\u00a0<\/strong>a partir de los cuales\u00a0<strong>los sectores de ingresos medios y bajos pagar\u00e1n la tarifa plena.<\/strong><\/li>\n<li>El nuevo esquema implica para junio un aumento del\u00a0<strong><u>22,8% para el sector de ingresos altos; 155,8% para los sectores de ingresos medios; y el 99% para los sectores de ingresos bajos.<\/u>\u00a0<\/strong><\/li>\n<\/ol>\n<p><strong>Mediante la citada resoluci\u00f3n 90\/2024\u00a0se establecieron topes\u00a0para los usuarios de ingresos bajos (nivel 2 del esquema de segmentaci\u00f3n actual) y medios (nivel 3).\u00a0<\/strong><\/p>\n<ol>\n<li>El nivel 1 (altos ingresos) ya no recibir\u00e1n bonificaciones extra,\u00a0<strong><u>por lo que pagar\u00e1n el 80% del valor real del costo de la electricidad<\/u>.<\/strong><\/li>\n<li>En tanto, el nivel 2 (bajos ingresos) pagar\u00e1 solamente el 22,5% del costo real.<\/li>\n<li>Mientras que el nivel 3 (ingresos medios), abonar\u00e1 el 35,3% del costo.<\/li>\n<\/ol>\n<p>Cabe destacar que, hasta el mes pasado, los sectores medios y bajos pagaban\u00a0<strong><u>menos del 5% del costo de generaci\u00f3n.<\/u><\/strong><\/p>\n<p><strong>Con estas nuevas medidas, el costo de generaci\u00f3n de la energ\u00eda impactar\u00e1 en forma directa en nuestra factura, la que abonaremos en el pr\u00f3ximo mes.<\/strong><\/p>\n<p>Seg\u00fan los\u00a0c\u00e1lculos de la Secretar\u00eda de Energ\u00eda de la Naci\u00f3n,\u00a0<strong>el nuevo esquema implica en junio un aumento del 22,8% para el sector de ingresos altos; 155,8% para los sectores de ingresos medios; y el 99% para los sectores de ingresos bajos.\u00a0<\/strong><\/p>\n<ul>\n<li><strong><u>Nuevos Topes subsidiados.\u00a0<\/u><\/strong><\/li>\n<\/ul>\n<p>En otra modificaci\u00f3n importante al actual esquema de subsidios,\u00a0<strong>el Gobierno tambi\u00e9n estableci\u00f3 nuevos topes en los KWH subsidiados a los niveles 2 y 3.<\/strong><\/p>\n<p><strong>Los sectores de ingresos bajos (N2)<\/strong>, que hasta ahora no contaban con l\u00edmites,\u00a0<strong>tendr\u00e1n subsidiados hasta 350 KWh por mes.<\/strong><\/p>\n<p>En tanto,\u00a0<strong>los sectores de ingresos medios (N3) tendr\u00e1n un tope de subsidios de 250 KWh<\/strong>\u00a0(antes era de 400 KWh).<strong>\u00a0<\/strong><\/p>\n<p><strong>Todos los consumos por encima de esos l\u00edmites tendr\u00e1n un costo extra del 356% para el nivel 2 y del 227% para el nivel 3.\u00a0<\/strong><\/p>\n<ul>\n<li><strong><u>Segmentaci\u00f3n RASE<\/u><\/strong><\/li>\n<\/ul>\n<p>El Gobierno acional tambi\u00e9n ha decretado que <strong>todos los beneficiarios de TARIFA SOCIAL que no se han inscripto en el RASE deber\u00e1n hacerlo antes de 31 de agosto de 2024 para poder mantener la condici\u00f3n de tal<\/strong>.<strong>\u00a0<\/strong><strong>De no inscribirse pasaran en forma autom\u00e1tica a la categor\u00eda N1 debiendo pagar tarifa plena.<\/strong><\/p>\n<p>&nbsp;<\/p>\n<\/div>\n<\/td>\n<\/tr>\n<\/tbody>\n<\/table>\n<\/td>\n<\/tr>\n<tr>\n<td class=\"yiv8519371978r15-c\" align=\"center\"><img decoding=\"async\" src=\"https:\/\/ecp.yusercontent.com\/mail?url=https%3A%2F%2F41sau.img.sp1-brevo.net%2Fim%2Fsh%2FCbEsTQSn_nnr.jpeg%3Fu%3DWtVElij8PJZGeEwH4pwQKzuDMhfKFOtO&amp;t=1718483522&amp;ymreqid=a1e28384-e738-286e-1c0b-5c002a018400&amp;sig=TioVFprG2Jqe6YZHV9_XUA--~D\" width=\"560\" border=\"0\" \/><\/td>\n<\/tr>\n<tr>\n<td class=\"yiv8519371978r16-c\" align=\"left\">\n<table class=\"yiv8519371978r10-o\" role=\"presentation\" border=\"0\" width=\"100%\" cellspacing=\"0\" cellpadding=\"0\">\n<tbody>\n<tr>\n<td class=\"yiv8519371978r18-i yiv8519371978nl2go-default-textstyle\" valign=\"top\">\n<div>\n<h4 class=\"yiv8519371978default-heading4\"><strong>FIBRA \u00d3PTICA A TU HOGAR &#8211; BARRIO PARQUE LA VERDAD<\/strong><\/h4>\n<p>Continuamos con las tareas de poda y desmalezamiento, dado el avance de la vegetaci\u00f3n sobre las zonas por las que pasa el tendido. \u00a0Esta es una de las tareas que m\u00e1s tiempo nos lleva y que a su vez nos dificulta el trabajo del recambio de postes y el armado de la Red de Fibra \u00d3ptica.<\/p>\n<p>Desde esta semana, ya estamos conectando a los primeros usuarios del Servicio de Internet por Fibra \u00d3ptica del barrio.<\/p>\n<p>&nbsp;<\/p>\n<\/div>\n<\/td>\n<\/tr>\n<\/tbody>\n<\/table>\n<\/td>\n<\/tr>\n<tr>\n<td class=\"yiv8519371978r15-c\" align=\"center\"><img decoding=\"async\" src=\"https:\/\/ecp.yusercontent.com\/mail?url=https%3A%2F%2F41sau.img.sp1-brevo.net%2Fim%2Fsh%2F61LqVdKWHFcM.jpg%3Fu%3DWtVElij8PJZGehGzHGKmQv4TQX39E8bS&amp;t=1718483522&amp;ymreqid=a1e28384-e738-286e-1c0b-5c002a018400&amp;sig=KF7f3edPk05QnWNOidqAgg--~D\" width=\"560\" border=\"0\" \/><\/td>\n<\/tr>\n<\/tbody>\n<\/table>\n<\/td>\n<\/tr>\n<\/tbody>\n<\/table>\n<\/th>\n<\/tr>\n<\/tbody>\n<\/table>\n<\/td>\n<\/tr>\n<\/tbody>\n<\/table>\n<table class=\"yiv8519371978r7-o\" role=\"presentation\" border=\"0\" width=\"100%\" cellspacing=\"0\" cellpadding=\"0\" align=\"center\">\n<tbody>\n<tr>\n<td class=\"yiv8519371978r9-i\">\n<table role=\"presentation\" border=\"0\" width=\"100%\" cellspacing=\"0\" cellpadding=\"0\">\n<tbody>\n<tr>\n<th class=\"yiv8519371978r5-c\" valign=\"top\" width=\"100%\">\n<table class=\"yiv8519371978r6-o\" role=\"presentation\" border=\"0\" width=\"100%\" cellspacing=\"0\" cellpadding=\"0\">\n<tbody>\n<tr>\n<td class=\"yiv8519371978r14-i\" valign=\"top\">\n<table role=\"presentation\" border=\"0\" width=\"100%\" cellspacing=\"0\" cellpadding=\"0\">\n<tbody>\n<tr>\n<td class=\"yiv8519371978r16-c\" align=\"left\">\n<table class=\"yiv8519371978r10-o\" role=\"presentation\" border=\"0\" width=\"100%\" cellspacing=\"0\" cellpadding=\"0\">\n<tbody>\n<tr>\n<td class=\"yiv8519371978r19-i yiv8519371978nl2go-default-textstyle\" valign=\"top\">\n<div>\n<h4 class=\"yiv8519371978default-heading4\"><strong>FIBRA \u00d3PTICA A TU HOGAR &#8211; \u00a0BARRIO PARQUE EXALTACI\u00d3N<\/strong><\/h4>\n<p>El Consejo de Administraci\u00f3n tom\u00f3 el compromiso de realizar el cableado de todo el barrio.<\/p>\n<p>Por eso, los equipos contin\u00faan colocando los postes que sostendr\u00e1n la ampliaci\u00f3n de la Red Fibra \u00d3ptica que nos permitir\u00e1 brindar el servicio a todos los vecinos del barrio Parque Exaltaci\u00f3n.<\/p>\n<p>En estos momentos, social y econ\u00f3micamente tan complejos, desde nuestra Cooperativa seguimos apostando a la renovaci\u00f3n y mejora de nuestros servicios.<\/p>\n<p>&nbsp;<\/p>\n<\/div>\n<\/td>\n<\/tr>\n<\/tbody>\n<\/table>\n<\/td>\n<\/tr>\n<\/tbody>\n<\/table>\n<\/td>\n<\/tr>\n<\/tbody>\n<\/table>\n<\/th>\n<\/tr>\n<\/tbody>\n<\/table>\n<\/td>\n<\/tr>\n<\/tbody>\n<\/table>\n<table class=\"yiv8519371978r7-o\" role=\"presentation\" border=\"0\" width=\"100%\" cellspacing=\"0\" cellpadding=\"0\" align=\"center\">\n<tbody>\n<tr>\n<td class=\"yiv8519371978r9-i\">\n<table role=\"presentation\" border=\"0\" width=\"100%\" cellspacing=\"0\" cellpadding=\"0\">\n<tbody>\n<tr>\n<th class=\"yiv8519371978r5-c\" valign=\"top\" width=\"100%\">\n<table class=\"yiv8519371978r6-o\" role=\"presentation\" border=\"0\" width=\"100%\" cellspacing=\"0\" cellpadding=\"0\">\n<tbody>\n<tr>\n<td class=\"yiv8519371978r14-i\" valign=\"top\">\n<table role=\"presentation\" border=\"0\" width=\"100%\" cellspacing=\"0\" cellpadding=\"0\">\n<tbody>\n<tr>\n<td class=\"yiv8519371978r15-c\" align=\"center\"><img decoding=\"async\" src=\"https:\/\/ecp.yusercontent.com\/mail?url=https%3A%2F%2F41sau.img.sp1-brevo.net%2Fim%2Fsh%2FoBP6jQn9BBwX.jpeg%3Fu%3DWtVElij8PJZGg4H7sXVqigZFc1CcALje&amp;t=1718483522&amp;ymreqid=a1e28384-e738-286e-1c0b-5c002a018400&amp;sig=rPpwphfGYcGRPhyVupKS5Q--~D\" width=\"560\" border=\"0\" \/><\/td>\n<\/tr>\n<tr>\n<td class=\"yiv8519371978r16-c\" align=\"left\">\n<table class=\"yiv8519371978r10-o\" role=\"presentation\" border=\"0\" width=\"100%\" cellspacing=\"0\" cellpadding=\"0\">\n<tbody>\n<tr>\n<td class=\"yiv8519371978r20-i yiv8519371978nl2go-default-textstyle\" valign=\"top\">\n<div>\n<h4 class=\"yiv8519371978default-heading4\"><strong>TAREAS DE MANTENIMIENTO \u00a0SECTOR EL\u00c9CTRICO<\/strong><\/h4>\n<p>Continuando con nuestro Plan de Mejoras, realizamos tareas de poda liberando \u00a0las l\u00edneas de Media Tensi\u00f3n en los barrios\u00a0<strong>La Verdad, Comarca del Sol y Altos de Ca\u00f1ad\u00f3n.\u00a0<\/strong><\/p>\n<p>&nbsp;<\/p>\n<\/div>\n<\/td>\n<\/tr>\n<\/tbody>\n<\/table>\n<\/td>\n<\/tr>\n<\/tbody>\n<\/table>\n<\/td>\n<\/tr>\n<\/tbody>\n<\/table>\n<\/th>\n<\/tr>\n<\/tbody>\n<\/table>\n<\/td>\n<\/tr>\n<\/tbody>\n<\/table>\n<table class=\"yiv8519371978r7-o\" role=\"presentation\" border=\"0\" width=\"100%\" cellspacing=\"0\" cellpadding=\"0\" align=\"center\">\n<tbody>\n<tr>\n<td class=\"yiv8519371978r9-i\">\n<table role=\"presentation\" border=\"0\" width=\"100%\" cellspacing=\"0\" cellpadding=\"0\">\n<tbody>\n<tr>\n<th class=\"yiv8519371978r5-c\" valign=\"top\" width=\"100%\">\n<table class=\"yiv8519371978r6-o\" role=\"presentation\" border=\"0\" width=\"100%\" cellspacing=\"0\" cellpadding=\"0\">\n<tbody>\n<tr>\n<td class=\"yiv8519371978r14-i\" valign=\"top\">\n<table role=\"presentation\" border=\"0\" width=\"100%\" cellspacing=\"0\" cellpadding=\"0\">\n<tbody>\n<tr>\n<td class=\"yiv8519371978r15-c\" align=\"center\"><img decoding=\"async\" src=\"https:\/\/ecp.yusercontent.com\/mail?url=https%3A%2F%2F41sau.img.sp1-brevo.net%2Fim%2Fsh%2Fxf3D5YTP6kZm.jpg%3Fu%3DWtVElij8PJZGfbwPg77UclOzYBonBc1a&amp;t=1718483522&amp;ymreqid=a1e28384-e738-286e-1c0b-5c002a018400&amp;sig=PIgwrX4MLrf5ST.I.LD_nA--~D\" width=\"560\" border=\"0\" \/><\/td>\n<\/tr>\n<\/tbody>\n<\/table>\n<\/td>\n<\/tr>\n<\/tbody>\n<\/table>\n<\/th>\n<\/tr>\n<\/tbody>\n<\/table>\n<\/td>\n<\/tr>\n<\/tbody>\n<\/table>\n<table class=\"yiv8519371978r7-o\" role=\"presentation\" border=\"0\" width=\"100%\" cellspacing=\"0\" cellpadding=\"0\" align=\"center\">\n<tbody>\n<tr>\n<td class=\"yiv8519371978r9-i\">\n<table role=\"presentation\" border=\"0\" width=\"100%\" cellspacing=\"0\" cellpadding=\"0\">\n<tbody>\n<tr>\n<th class=\"yiv8519371978r5-c\" valign=\"top\" width=\"100%\">\n<table class=\"yiv8519371978r6-o\" role=\"presentation\" border=\"0\" width=\"100%\" cellspacing=\"0\" cellpadding=\"0\">\n<tbody>\n<tr>\n<td class=\"yiv8519371978r14-i\" valign=\"top\">\n<table role=\"presentation\" border=\"0\" width=\"100%\" cellspacing=\"0\" cellpadding=\"0\">\n<tbody>\n<tr>\n<td class=\"yiv8519371978r21-c yiv8519371978nl2go-default-textstyle\" align=\"left\">\n<div>\n<p><strong>TIPS PARA EL CONSUMO RACIONAL DEL ENRE<\/strong><\/p>\n<p>Las<strong>\u00a0luces encendidas<\/strong>\u00a0<strong>representan entre el 25 y el 35 % de la electricidad total consumida<\/strong>\u00a0en casa.<\/p>\n<p>La\u00a0<strong>iluminaci\u00f3n eficiente<\/strong>\u00a0contribuye a minimizar esta proporci\u00f3n, a reducir la demanda el\u00e9ctrica y por lo tanto a\u00a0<strong>ahorrar dinero.<\/strong><\/p>\n<p>Con estos objetivos en mente, El ENRE nos invita a repasar las siguientes buenas pr\u00e1cticas:<\/p>\n<ul>\n<li><strong>Mantener persianas levantadas<\/strong>\u00a0y cortinas replegadas para aprovechar al m\u00e1ximo la luz solar.<\/li>\n<li><strong>Mantener apagadas las luces de los ambientes desocupados\u00a0<\/strong>y\/o con generosa luz natural.<\/li>\n<li>Evitar el uso de estanter\u00edas, biombos, muebles que tapan la luz natural e incrementan el uso de luz artificial.<\/li>\n<li><strong>Limpiar las l\u00e1mparas con frecuencia, para que conserven su luminosidad original.\u00a0<\/strong><\/li>\n<\/ul>\n<p><strong>Antes de iluminar y aclimatar la casa<\/strong><\/p>\n<ul>\n<li>Las<strong>\u00a0l\u00e1mparas LED consumen 8 veces menos<\/strong>\u00a0electricidad\u00a0<strong>y duran 7.5 veces m\u00e1s<\/strong>\u00a0tiempo que las l\u00e1mparas tradicionales o hal\u00f3genas.<\/li>\n<li><strong>En invierno<\/strong>\u00a0tener presente que,\u00a0<strong>de los calefactores el\u00e9ctricos, el caloventor es el que consume m\u00e1s energ\u00eda<\/strong>\u00a0en una hora seguida de uso, incluso\u00a0<strong>m\u00e1s que un equipo de aire acondicionado<\/strong>.<\/li>\n<li>Un equipo de\u00a0<strong>aire acondicionado consume 12 veces m\u00e1s que un ventilador<\/strong>. Recordar esta proporci\u00f3n cuando vuelva el verano.<\/li>\n<\/ul>\n<p><strong>Variables directamente proporcionales\u00a0<\/strong><\/p>\n<ul>\n<li>Cuando uses el<strong>\u00a0lavarropas<\/strong>, respetar la cantidad indicada de jab\u00f3n l\u00edquido o en polvo: cuando se supera,\u00a0<strong>el ciclo de enjuagado consume m\u00e1s energ\u00eda.\u00a0<\/strong><\/li>\n<li><strong>Cinco minutos antes de que la comida est\u00e9 a punto en el horno el\u00e9ctrico, apagarlo\u00a0<\/strong>y dejar que el calor residual termine la cocci\u00f3n.<\/li>\n<li>\u00a0Hacer lo mismo con la comida que se cocine o se caliente sobre hornallas el\u00e9ctricas.<\/li>\n<\/ul>\n<p><strong>Por otro consumo racional<\/strong><\/p>\n<ul>\n<li>El\u00a0<strong>consumo energ\u00e9tico del termotanque el\u00e9ctrico es proporcional a la cantidad de agua utilizada<\/strong>. Evitar derrocharla al ba\u00f1arse y lavar los platos.<\/li>\n<li><strong>Regular la temperatura del agua desde el termotanque el\u00e9ctrico<\/strong>. Se le exige\u00a0<strong>mayor consumo energ\u00e9tico cuando se mezcla las aguas fr\u00eda y caliente desde las canillas.\u00a0<\/strong><\/li>\n<li>El lavarropas\u00a0<strong>consume m\u00e1s electricidad cuando usa agua caliente<\/strong>. De hecho, el 80 % de la energ\u00eda utilizada sirve para calentar agua durante el lavado.<\/li>\n<li><strong>La mayor parte de la energ\u00eda que consume el lavavajillas tambi\u00e9n sirve para calentar el agua.\u00a0<\/strong><\/li>\n<\/ul>\n<\/div>\n<\/td>\n<\/tr>\n<\/tbody>\n<\/table>\n<\/td>\n<\/tr>\n<\/tbody>\n<\/table>\n<\/th>\n<\/tr>\n<\/tbody>\n<\/table>\n<\/td>\n<\/tr>\n<\/tbody>\n<\/table>\n<table class=\"yiv8519371978r7-o\" role=\"presentation\" border=\"0\" width=\"100%\" cellspacing=\"0\" cellpadding=\"0\" align=\"center\">\n<tbody>\n<tr>\n<td class=\"yiv8519371978r9-i\">\n<table role=\"presentation\" border=\"0\" width=\"100%\" cellspacing=\"0\" cellpadding=\"0\">\n<tbody>\n<tr>\n<th class=\"yiv8519371978r5-c\" valign=\"top\" width=\"100%\">\n<table class=\"yiv8519371978r6-o\" role=\"presentation\" border=\"0\" width=\"100%\" cellspacing=\"0\" cellpadding=\"0\">\n<tbody>\n<tr>\n<td class=\"yiv8519371978r14-i\" valign=\"top\">\n<table role=\"presentation\" border=\"0\" width=\"100%\" cellspacing=\"0\" cellpadding=\"0\">\n<tbody>\n<tr>\n<td class=\"yiv8519371978r15-c\" align=\"center\"><img decoding=\"async\" src=\"https:\/\/ecp.yusercontent.com\/mail?url=https%3A%2F%2F41sau.img.sp1-brevo.net%2Fim%2Fsh%2FzmOuQI7003Tc.png%3Fu%3DWtVElij8PJZGgWbq4xuCobjVfqaR95Ri&amp;t=1718483522&amp;ymreqid=a1e28384-e738-286e-1c0b-5c002a018400&amp;sig=RmHRVjSkb7gQ1Rv4WjrktQ--~D\" width=\"560\" border=\"0\" \/><\/td>\n<\/tr>\n<tr>\n<td class=\"yiv8519371978r22-c\" align=\"center\">\n<table role=\"presentation\" border=\"0\" width=\"100%\" cellspacing=\"0\" cellpadding=\"0\">\n<tbody>\n<tr>\n<td height=\"0\">\u00ad<\/td>\n<\/tr>\n<\/tbody>\n<\/table>\n<\/td>\n<\/tr>\n<\/tbody>\n<\/table>\n<\/td>\n<\/tr>\n<\/tbody>\n<\/table>\n<\/th>\n<\/tr>\n<\/tbody>\n<\/table>\n<\/td>\n<\/tr>\n<\/tbody>\n<\/table>\n<table class=\"yiv8519371978r7-o\" role=\"presentation\" border=\"0\" width=\"100%\" cellspacing=\"0\" cellpadding=\"0\" align=\"center\">\n<tbody>\n<tr>\n<td class=\"yiv8519371978r23-i\"><\/td>\n<\/tr>\n<\/tbody>\n<\/table>\n","protected":false},"excerpt":{"rendered":"<p>EL INFORME DE CEPRAL. NOTA SERVICIO.<\/p>\n","protected":false},"author":3,"featured_media":25437,"comment_status":"open","ping_status":"open","sticky":false,"template":"","format":"standard","meta":{"footnotes":"","jetpack_publicize_message":"","jetpack_publicize_feature_enabled":true,"jetpack_social_post_already_shared":true,"jetpack_social_options":{"image_generator_settings":{"template":"highway","default_image_id":0,"font":"","enabled":false},"version":2}},"categories":[5],"tags":[29,848],"class_list":["post-25433","post","type-post","status-publish","format-standard","has-post-thumbnail","hentry","category-aqui-parada-robles","tag-cepral","tag-informe"],"jetpack_publicize_connections":[],"jetpack_featured_media_url":"https:\/\/revistaepocadigital.com.ar\/wp-content\/uploads\/2024\/06\/mail.png","jetpack_likes_enabled":true,"_links":{"self":[{"href":"https:\/\/revistaepocadigital.com.ar\/index.php?rest_route=\/wp\/v2\/posts\/25433","targetHints":{"allow":["GET"]}}],"collection":[{"href":"https:\/\/revistaepocadigital.com.ar\/index.php?rest_route=\/wp\/v2\/posts"}],"about":[{"href":"https:\/\/revistaepocadigital.com.ar\/index.php?rest_route=\/wp\/v2\/types\/post"}],"author":[{"embeddable":true,"href":"https:\/\/revistaepocadigital.com.ar\/index.php?rest_route=\/wp\/v2\/users\/3"}],"replies":[{"embeddable":true,"href":"https:\/\/revistaepocadigital.com.ar\/index.php?rest_route=%2Fwp%2Fv2%2Fcomments&post=25433"}],"version-history":[{"count":0,"href":"https:\/\/revistaepocadigital.com.ar\/index.php?rest_route=\/wp\/v2\/posts\/25433\/revisions"}],"wp:featuredmedia":[{"embeddable":true,"href":"https:\/\/revistaepocadigital.com.ar\/index.php?rest_route=\/wp\/v2\/media\/25437"}],"wp:attachment":[{"href":"https:\/\/revistaepocadigital.com.ar\/index.php?rest_route=%2Fwp%2Fv2%2Fmedia&parent=25433"}],"wp:term":[{"taxonomy":"category","embeddable":true,"href":"https:\/\/revistaepocadigital.com.ar\/index.php?rest_route=%2Fwp%2Fv2%2Fcategories&post=25433"},{"taxonomy":"post_tag","embeddable":true,"href":"https:\/\/revistaepocadigital.com.ar\/index.php?rest_route=%2Fwp%2Fv2%2Ftags&post=25433"}],"curies":[{"name":"wp","href":"https:\/\/api.w.org\/{rel}","templated":true}]}}