{"id":2544,"date":"2019-06-05T00:12:53","date_gmt":"2019-06-05T03:12:53","guid":{"rendered":"https:\/\/revistaepocadigital.com.ar\/?p=2544"},"modified":"2019-06-03T15:15:26","modified_gmt":"2019-06-03T18:15:26","slug":"deben-registrar-su-huella","status":"publish","type":"post","link":"https:\/\/revistaepocadigital.com.ar\/?p=2544","title":{"rendered":"Deben registrar su huella"},"content":{"rendered":"<p><strong>APODERADOS DE JUBILADOS Y PENSIONADOS.<\/strong><!--more--><\/p>\n<p>ANSES recuerda que los apoderados de jubilados y pensionados del Sistema Integrado Previsional Argentino (SIPA) y de titulares de Pensiones No Contributivas (PNC) deben registrar su huella dactilar en la entidad bancaria donde perciben los haberes <strong>hasta el pr\u00f3ximo 30 de junio<\/strong>.<\/p>\n<p>Es importante recordar que quienes no realicen el tr\u00e1mite antes de esa fecha se les suspender\u00e1 el poder para cobrar, el cual podr\u00e1 renovarse una vez que se cumpla con lo dispuesto por la resoluci\u00f3n.<\/p>\n<p>&nbsp;<\/p>\n<p><strong>Grupo de pago para 5 de junio<\/strong><\/p>\n<ul>\n<li>Titulares de Pensiones No Contributivas cuyos documentos terminan en 4 y 5.<\/li>\n<\/ul>\n<p><strong>\u00a0<\/strong><\/p>\n<p><strong>Los calendarios de pagos de todas las prestaciones pueden consultarse en <u><a href=\"http:\/\/www.anses.gob.ar\">www.anses.gob.ar<\/a><\/u>, opci\u00f3n <em>Accesos R\u00e1pidos<\/em>.<\/strong><\/p>\n<p>&nbsp;<\/p>\n<p>&nbsp;<\/p>\n","protected":false},"excerpt":{"rendered":"<p>APODERADOS DE JUBILADOS Y PENSIONADOS.<\/p>\n","protected":false},"author":3,"featured_media":2545,"comment_status":"open","ping_status":"open","sticky":false,"template":"","format":"standard","meta":{"footnotes":"","jetpack_publicize_message":"","jetpack_publicize_feature_enabled":true,"jetpack_social_post_already_shared":false,"jetpack_social_options":{"image_generator_settings":{"template":"highway","default_image_id":0,"font":"","enabled":false},"version":2}},"categories":[81],"tags":[358],"class_list":["post-2544","post","type-post","status-publish","format-standard","has-post-thumbnail","hentry","category-anses","tag-anses-5-6-19"],"jetpack_publicize_connections":[],"jetpack_featured_media_url":"https:\/\/revistaepocadigital.com.ar\/wp-content\/uploads\/2019\/06\/logo-anses.1.jpg","jetpack_likes_enabled":true,"_links":{"self":[{"href":"https:\/\/revistaepocadigital.com.ar\/index.php?rest_route=\/wp\/v2\/posts\/2544","targetHints":{"allow":["GET"]}}],"collection":[{"href":"https:\/\/revistaepocadigital.com.ar\/index.php?rest_route=\/wp\/v2\/posts"}],"about":[{"href":"https:\/\/revistaepocadigital.com.ar\/index.php?rest_route=\/wp\/v2\/types\/post"}],"author":[{"embeddable":true,"href":"https:\/\/revistaepocadigital.com.ar\/index.php?rest_route=\/wp\/v2\/users\/3"}],"replies":[{"embeddable":true,"href":"https:\/\/revistaepocadigital.com.ar\/index.php?rest_route=%2Fwp%2Fv2%2Fcomments&post=2544"}],"version-history":[{"count":0,"href":"https:\/\/revistaepocadigital.com.ar\/index.php?rest_route=\/wp\/v2\/posts\/2544\/revisions"}],"wp:featuredmedia":[{"embeddable":true,"href":"https:\/\/revistaepocadigital.com.ar\/index.php?rest_route=\/wp\/v2\/media\/2545"}],"wp:attachment":[{"href":"https:\/\/revistaepocadigital.com.ar\/index.php?rest_route=%2Fwp%2Fv2%2Fmedia&parent=2544"}],"wp:term":[{"taxonomy":"category","embeddable":true,"href":"https:\/\/revistaepocadigital.com.ar\/index.php?rest_route=%2Fwp%2Fv2%2Fcategories&post=2544"},{"taxonomy":"post_tag","embeddable":true,"href":"https:\/\/revistaepocadigital.com.ar\/index.php?rest_route=%2Fwp%2Fv2%2Ftags&post=2544"}],"curies":[{"name":"wp","href":"https:\/\/api.w.org\/{rel}","templated":true}]}}