{"id":25448,"date":"2024-06-16T17:21:45","date_gmt":"2024-06-16T20:21:45","guid":{"rendered":"https:\/\/revistaepocadigital.com.ar\/?p=25448"},"modified":"2024-06-16T17:22:05","modified_gmt":"2024-06-16T20:22:05","slug":"camila-gonzalez-brillante-ganadora-los-15-kms-under-armour-en-buenos-aires","status":"publish","type":"post","link":"https:\/\/revistaepocadigital.com.ar\/?p=25448","title":{"rendered":"CAMILA GONZ\u00c1LEZ BRILLANTE. GANADORA LOS 15 KMS UNDER ARMOUR EN BUENOS AIRES."},"content":{"rendered":"<div>\n<header class=\"r_BN D_F W_6D6F p_R P_Zjgzuf ir_0\" aria-label=\"Mensaje\">\n<div class=\"o_h D_F em_0 E_fq7 ek_BB\" data-test-id=\"address-info\">\n<div class=\"d_6FIA i_6FIA c1AVi7H_6LEV c1AVi73_6FsP D_F eo_HB\"><strong><span class=\"u_b E_eo6 C_Z1TsNbA\">UN LOGRO M\u00c1S PARA EL DEPORTE EXALTACRUCENSE.<\/span><\/strong><\/div>\n<div><\/div>\n<\/div>\n<\/header>\n<\/div>\n<p><!--more--><\/p>\n<div data-test-id=\"message-body-container\">\n<div class=\"I_ZkbNhI D_FY W_6D6F\" data-test-id=\"message-view-body\">\n<div class=\"msg-body P_wpofO mq_AS\" data-test-id=\"message-view-body-content\">\n<div class=\"jb_0 X_6MGW N_6Fd5\">\n<div id=\"yiv3716662820\">\n<div class=\"yiv3716662820yahoo-signature\">\n<div><\/div>\n<div>La atleta de Los Cardales complet\u00f3 una estupenda demostraci\u00f3n, y se qued\u00f3 con el triunfo en la prueba atl\u00e9tica de los 15 Kil\u00f3metros Under Armour desarrollados en el barrio porte\u00f1o de Palermo, en lo que signific\u00f3 un salto de mucha importancia en su carrera deportiva, &#8220;Haber ganado esta competencia, representeea una gran motivaci\u00f3n para seguir entrenando, y adem\u00e1s sirve para darme m\u00e1s confianza para competir y saber que se viene trabajando bien\u201d, dijo Natalia.<\/div>\n<div><\/div>\n<div>A la hora de referirse a las condiciones en las que se llev\u00f3 a cabo la carrera y su preparaci\u00f3n previa coment\u00f3: \u201cLa carrera se desarroll\u00f3 con un clima muy h\u00famedo, que no es lo \u00f3ptimo para competir, pero es un lindo y buen circuito. La preparaci\u00f3n es sumamente importante, entreno todos los d\u00edas con un entrenador en la parte atl\u00e9tica y un entrenador de la parte de fuerza. Planificamos cada objetivo para llegar de la mejor manera y lo m\u00e1s competitiva para poder correr bien, la clave, es una buena planificaci\u00f3n\u201d.<\/div>\n<div><\/div>\n<div>Por otra parte, tambi\u00e9n se refiri\u00f3 a lo que fue su rendimiento durante este compromiso. \u201cDe la carrera puedo decir que me sorprendi\u00f3 haber corrido sola pr\u00e1cticamente todo el recorrido. Hasta el segundo kil\u00f3metro fui tirando junto a un chico que llevaba mi ritmo, pero luego se fue quedando y me encontr\u00e9 corriendo sola, me motivaba ver al puntero de la carrera cerca m\u00edo y apretar el ritmo para acercarme. Me hubiese gustado haber tenido m\u00e1s gente cerca para correr m\u00e1s r\u00e1pido a\u00fan\u201d, expres\u00f3.<\/div>\n<div><\/div>\n<div>La carrera deportiva de Camila se presenta auspiciosa, y apoyada en el momento bueno que atraviesa. &#8220;Los objetivos m\u00e1s importantes que hab\u00edamos establecido para este a\u00f1o se dieron en el mes de abril, que fueron los Grand Prix Sudamericanos (Concepci\u00f3n del Uruguay) y Campeonato Nacional. Logr\u00e9 la marca m\u00ednima para poder competir en ambos torneos en las pruebas de 800 y 1500 metros, pudiendo tambi\u00e9n mejorar mi marca en ellos. As\u00ed que actualmente estoy en un momento de transici\u00f3n, sumando m\u00e1s kil\u00f3metros e incursionando en las carreras de calle, esperando la temporada de cross country para luego volver a preparar las pruebas de medio fondo en pista para los torneos nacionales e internacionales de la segunda mitad de a\u00f1o\u201d, manifest\u00f3.<\/div>\n<div><\/div>\n<div>\u201cEn cuanto al resto de las competidoras, en el \u00faltimo tiempo el atletismo tiene un grupo de chicas que venimos creciendo y mejorando, lo cual es s\u00faper positivo, porque esto hace que nos potenciemos y mejoremos\u201d, agreg\u00f3 acerca de sus rivales.<\/div>\n<div><\/div>\n<div>\u201cPor el momento correr\u00e9 algunas carreras m\u00e1s de calle y los cross country, para luego preparar los objetivos de la segunda temporada que son las pruebas en pista. Para todo ello seguir\u00e9 haciendo mis fondos diarios por el pueblo y los entrenamientos de calidad en el Cenard. Los entrenamientos de fuerza y preparaci\u00f3n f\u00edsica los hago en el gimnasio del pueblo Vitaly\u201d, adelant\u00f3.<\/div>\n<\/div>\n<\/div>\n<div>Fuente peri\u00f3dico El Lugare\u00f1o.<\/div>\n<div id=\"yiv3716662820\">\n<div class=\"yiv3716662820yahoo-signature\">\n<div><\/div>\n<\/div>\n<\/div>\n<\/div>\n<\/div>\n<\/div>\n<\/div>\n","protected":false},"excerpt":{"rendered":"<p>UN LOGRO M\u00c1S PARA EL DEPORTE EXALTACRUCENSE.<\/p>\n","protected":false},"author":3,"featured_media":25449,"comment_status":"open","ping_status":"open","sticky":false,"template":"","format":"standard","meta":{"footnotes":"","jetpack_publicize_message":"","jetpack_publicize_feature_enabled":true,"jetpack_social_post_already_shared":true,"jetpack_social_options":{"image_generator_settings":{"template":"highway","default_image_id":0,"font":"","enabled":false},"version":2}},"categories":[4],"tags":[539,2761,423],"class_list":["post-25448","post","type-post","status-publish","format-standard","has-post-thumbnail","hentry","category-aqui-los-cardales","tag-atletismo","tag-camila-gonzalez","tag-cardales"],"jetpack_publicize_connections":[],"jetpack_featured_media_url":"https:\/\/revistaepocadigital.com.ar\/wp-content\/uploads\/2024\/06\/LILI.jpg","jetpack_likes_enabled":true,"_links":{"self":[{"href":"https:\/\/revistaepocadigital.com.ar\/index.php?rest_route=\/wp\/v2\/posts\/25448","targetHints":{"allow":["GET"]}}],"collection":[{"href":"https:\/\/revistaepocadigital.com.ar\/index.php?rest_route=\/wp\/v2\/posts"}],"about":[{"href":"https:\/\/revistaepocadigital.com.ar\/index.php?rest_route=\/wp\/v2\/types\/post"}],"author":[{"embeddable":true,"href":"https:\/\/revistaepocadigital.com.ar\/index.php?rest_route=\/wp\/v2\/users\/3"}],"replies":[{"embeddable":true,"href":"https:\/\/revistaepocadigital.com.ar\/index.php?rest_route=%2Fwp%2Fv2%2Fcomments&post=25448"}],"version-history":[{"count":0,"href":"https:\/\/revistaepocadigital.com.ar\/index.php?rest_route=\/wp\/v2\/posts\/25448\/revisions"}],"wp:featuredmedia":[{"embeddable":true,"href":"https:\/\/revistaepocadigital.com.ar\/index.php?rest_route=\/wp\/v2\/media\/25449"}],"wp:attachment":[{"href":"https:\/\/revistaepocadigital.com.ar\/index.php?rest_route=%2Fwp%2Fv2%2Fmedia&parent=25448"}],"wp:term":[{"taxonomy":"category","embeddable":true,"href":"https:\/\/revistaepocadigital.com.ar\/index.php?rest_route=%2Fwp%2Fv2%2Fcategories&post=25448"},{"taxonomy":"post_tag","embeddable":true,"href":"https:\/\/revistaepocadigital.com.ar\/index.php?rest_route=%2Fwp%2Fv2%2Ftags&post=25448"}],"curies":[{"name":"wp","href":"https:\/\/api.w.org\/{rel}","templated":true}]}}