{"id":25478,"date":"2024-06-24T13:00:03","date_gmt":"2024-06-24T16:00:03","guid":{"rendered":"https:\/\/revistaepocadigital.com.ar\/?p=25478"},"modified":"2024-06-24T13:00:45","modified_gmt":"2024-06-24T16:00:45","slug":"franco-buchanan-el-mejor-de-argentina-y-entre-los-top-40-del-mundo-y-va-por-mas","status":"publish","type":"post","link":"https:\/\/revistaepocadigital.com.ar\/?p=25478","title":{"rendered":"Franco Buchanan. El mejor de Argentina y entre los Top 40 del mundo y va por m\u00e1s"},"content":{"rendered":"<header class=\"sticky-top bg-white mb-3\">\n<div class=\"d-none d-lg-block bg-white border-bottom border-dark-tertiary pb-2\">\n<div class=\"container d-flex align-items-center justify-content-between px-0\"><strong>EL CAPILLENSE. EXCEPCIONALES LOGROS.<\/strong><\/div>\n<\/div>\n<\/header>\n<p><!--more--><\/p>\n<p><img loading=\"lazy\" decoding=\"async\" class=\"aligncenter size-full wp-image-25508\" src=\"https:\/\/revistaepocadigital.com.ar\/wp-content\/uploads\/2024\/06\/buchanan.jpg\" alt=\"\" width=\"574\" height=\"574\" srcset=\"https:\/\/revistaepocadigital.com.ar\/wp-content\/uploads\/2024\/06\/buchanan.jpg 574w, https:\/\/revistaepocadigital.com.ar\/wp-content\/uploads\/2024\/06\/buchanan-300x300.jpg 300w, https:\/\/revistaepocadigital.com.ar\/wp-content\/uploads\/2024\/06\/buchanan-150x150.jpg 150w, https:\/\/revistaepocadigital.com.ar\/wp-content\/uploads\/2024\/06\/buchanan-420x420.jpg 420w\" sizes=\"auto, (max-width: 574px) 100vw, 574px\" \/><\/p>\n<p>&nbsp;<\/p>\n<p><strong>Franco Buchanan<\/strong> a los 32 a\u00f1os y con mucho camino por recorrer, es un reflejo de lo mucho que puede conseguirse en la vida, cuando empujan las aptitudes, el esfuerzo, las convicciones, la fe y unas ganas infalibles.<\/p>\n<p>Al ciclista de Capilla del Se\u00f1or no le ha resultado sencillo conseguir grandes logros, debi\u00f3 superar obst\u00e1culos y hasta una etapa en la que debi\u00f3 permanecer inactivo. Hasta que retom\u00f3 y convencido no par\u00f3 de avanzar, luci\u00e9ndose en particular en los \u00faltimos tres a\u00f1os.<\/p>\n<p>En ciclismo de pista ha alcanzado sus excelentes resultados en los \u00faltimos tiempos. Campe\u00f3n argentino hasta situarse en la actualidad entre los mejores 40 ciclistas en la especialidad del mundo.<\/p>\n<p>\u201cLa verdad es algo que ya mas o menos se ve\u00eda venir por el campeonato obtenido el a\u00f1o pasado, lo que si fue sorprendente es el top 50 del ranking mundial. Eso si es sorpresa porque es algo que no me hab\u00eda planteado nunca, es un regalo\u201d, le dijo Franco al peri\u00f3dico El Lugare\u00f1o.<\/p>\n<p>Acerca del presente que atraviesa, Buchanan apunt\u00f3 al mismo medio, &#8220;Creo que se me da en un momento de madurez plena en lo deportivo, dado que estoy pudiendo aplicar muchas cosas aprendidas que me da la experiencia\u201d.<\/p>\n<p>Metido en el universo del ciclismo en el mundo, un deporte de alta exigencia, Buchanan valora su actualidad pero a la vez, no deja de pensar en su futuro y en el sue\u00f1o de &#8220;correr un campeonato mundial de pista, ser\u00eda todo, por eso le apuntaremos al Mundial del a\u00f1o que viene que tendr\u00e1 lugar en Chile. Me entusiasma por la cercan\u00eda y la calidez que uno siente al correr en Am\u00e9rica Latina\u201d<\/p>\n<p>Franco Buchanan ha llegado muy alto en el ciclismo. Y va por m\u00e1s.<\/p>\n<p>&nbsp;<\/p>\n<p><img loading=\"lazy\" decoding=\"async\" class=\"aligncenter size-full wp-image-25505\" src=\"https:\/\/revistaepocadigital.com.ar\/wp-content\/uploads\/2024\/06\/bucha-clas-1.jpg\" alt=\"\" width=\"540\" height=\"540\" srcset=\"https:\/\/revistaepocadigital.com.ar\/wp-content\/uploads\/2024\/06\/bucha-clas-1.jpg 540w, https:\/\/revistaepocadigital.com.ar\/wp-content\/uploads\/2024\/06\/bucha-clas-1-300x300.jpg 300w, https:\/\/revistaepocadigital.com.ar\/wp-content\/uploads\/2024\/06\/bucha-clas-1-150x150.jpg 150w, https:\/\/revistaepocadigital.com.ar\/wp-content\/uploads\/2024\/06\/bucha-clas-1-420x420.jpg 420w\" sizes=\"auto, (max-width: 540px) 100vw, 540px\" \/><\/p>\n<div class=\"main-container\">\n<div class=\"body-content\">\n<div id=\"cms-block-66736ae96cc6d0.82148479\" class=\"cms-block cms-block-element\">\n<div class=\"mb-4 container text-center\">\n<div id=\"div-gpt-ad-1659563016539-0\" class=\"d-none d-lg-block m-auto\">\n<div id=\"google_ads_iframe_\/106208945\/articulo_d_22\/970x90_1_0__container__\"><\/div>\n<\/div>\n<\/div>\n<\/div>\n<div class=\"container\">\n<div class=\"row\">\n<article class=\"post col-12 col-lg-8\">\n<header><\/header>\n<section class=\"border-bottom border-gray pb-3 mb-3\">\n<div class=\"w-sm-50 mx-auto\">\n<form id=\"newsletter-subscription\">\n<h4 class=\"nexsletter-title h6 small\"><\/h4>\n<\/form>\n<\/div>\n<\/section>\n<\/article>\n<\/div>\n<\/div>\n<\/div>\n<\/div>\n<p>&nbsp;<\/p>\n","protected":false},"excerpt":{"rendered":"<p>EL CAPILLENSE. EXCEPCIONALES LOGROS.<\/p>\n","protected":false},"author":3,"featured_media":25502,"comment_status":"open","ping_status":"open","sticky":false,"template":"","format":"standard","meta":{"footnotes":"","jetpack_publicize_message":"","jetpack_publicize_feature_enabled":true,"jetpack_social_post_already_shared":true,"jetpack_social_options":{"image_generator_settings":{"template":"highway","default_image_id":0,"font":"","enabled":false},"version":2}},"categories":[9],"tags":[2764,324],"class_list":["post-25478","post","type-post","status-publish","format-standard","has-post-thumbnail","hentry","category-deportes","tag-buchanam","tag-ciclismo"],"jetpack_publicize_connections":[],"jetpack_featured_media_url":"https:\/\/revistaepocadigital.com.ar\/wp-content\/uploads\/2024\/06\/Buchanan-podio.jpg","jetpack_likes_enabled":true,"_links":{"self":[{"href":"https:\/\/revistaepocadigital.com.ar\/index.php?rest_route=\/wp\/v2\/posts\/25478","targetHints":{"allow":["GET"]}}],"collection":[{"href":"https:\/\/revistaepocadigital.com.ar\/index.php?rest_route=\/wp\/v2\/posts"}],"about":[{"href":"https:\/\/revistaepocadigital.com.ar\/index.php?rest_route=\/wp\/v2\/types\/post"}],"author":[{"embeddable":true,"href":"https:\/\/revistaepocadigital.com.ar\/index.php?rest_route=\/wp\/v2\/users\/3"}],"replies":[{"embeddable":true,"href":"https:\/\/revistaepocadigital.com.ar\/index.php?rest_route=%2Fwp%2Fv2%2Fcomments&post=25478"}],"version-history":[{"count":0,"href":"https:\/\/revistaepocadigital.com.ar\/index.php?rest_route=\/wp\/v2\/posts\/25478\/revisions"}],"wp:featuredmedia":[{"embeddable":true,"href":"https:\/\/revistaepocadigital.com.ar\/index.php?rest_route=\/wp\/v2\/media\/25502"}],"wp:attachment":[{"href":"https:\/\/revistaepocadigital.com.ar\/index.php?rest_route=%2Fwp%2Fv2%2Fmedia&parent=25478"}],"wp:term":[{"taxonomy":"category","embeddable":true,"href":"https:\/\/revistaepocadigital.com.ar\/index.php?rest_route=%2Fwp%2Fv2%2Fcategories&post=25478"},{"taxonomy":"post_tag","embeddable":true,"href":"https:\/\/revistaepocadigital.com.ar\/index.php?rest_route=%2Fwp%2Fv2%2Ftags&post=25478"}],"curies":[{"name":"wp","href":"https:\/\/api.w.org\/{rel}","templated":true}]}}