{"id":2549,"date":"2019-06-07T00:17:58","date_gmt":"2019-06-07T03:17:58","guid":{"rendered":"https:\/\/revistaepocadigital.com.ar\/?p=2549"},"modified":"2019-06-03T15:20:22","modified_gmt":"2019-06-03T18:20:22","slug":"como-cobrar-el-subsidio-de-contencion-familiar-2","status":"publish","type":"post","link":"https:\/\/revistaepocadigital.com.ar\/?p=2549","title":{"rendered":"C\u00f3mo cobrar el Subsidio de Contenci\u00f3n Familiar"},"content":{"rendered":"<p><strong>ANSES PAGA.<\/strong><!--more--><\/p>\n<p>El Subsidio de Contenci\u00f3n Familiar ante el fallecimiento de un jubilado o pensionado del Sistema Integrado Previsional Argentino (SIPA), ya sea residente en el pa\u00eds o en el exterior.<\/p>\n<p>La solicitud, para acceder al cobro, debe realizarse dentro del plazo de un a\u00f1o transcurrido a partir de la fecha de defunci\u00f3n del titular y teniendo en cuenta el siguiente orden de prioridad:<\/p>\n<ol>\n<li><strong>Persona f\u00edsica:<\/strong> debe denunciar el fallecimiento y acreditar el pago del sepelio\/cremaci\u00f3n del jubilado o pensionado a trav\u00e9s de la factura de la empresa funeraria a su nombre, que certifique que el solicitante abon\u00f3 la cobertura en forma directa.<\/li>\n<li><strong>Derechohabiente previsional:<\/strong> el monto es abonado junto con el beneficio de pensi\u00f3n, sin necesidad de realizar ning\u00fan tr\u00e1mite adicional. Cuando exista m\u00e1s de una persona con derecho al cobro de la pensi\u00f3n, el pago se liquidar\u00e1 en forma proporcional.<\/li>\n<li><strong>Herederos:<\/strong> podr\u00e1n acceder al subsidio siempre que no se presenten las personas f\u00edsicas o familiares con derecho a pensi\u00f3n indicados en los puntos 1 y 2.<\/li>\n<\/ol>\n<p><strong>\u00a0<\/strong><\/p>\n<p><strong>Grupo de pago para 7 de junio<\/strong><\/p>\n<ul>\n<li>Titulares de Pensiones No Contributivas cuyos documentos terminan en 8 y 9.<\/li>\n<\/ul>\n<p><strong>\u00a0<\/strong><\/p>\n<p><strong>Los calendarios de pagos de todas las prestaciones pueden consultarse en <u><a href=\"http:\/\/www.anses.gob.ar\">www.anses.gob.ar<\/a><\/u>, opci\u00f3n <em>Accesos R\u00e1pidos<\/em>.<\/strong><\/p>\n<p>&nbsp;<\/p>\n<p>&nbsp;<\/p>\n","protected":false},"excerpt":{"rendered":"<p>ANSES PAGA.<\/p>\n","protected":false},"author":3,"featured_media":2551,"comment_status":"open","ping_status":"open","sticky":false,"template":"","format":"standard","meta":{"footnotes":"","jetpack_publicize_message":"","jetpack_publicize_feature_enabled":true,"jetpack_social_post_already_shared":false,"jetpack_social_options":{"image_generator_settings":{"template":"highway","default_image_id":0,"font":"","enabled":false},"version":2}},"categories":[81],"tags":[360],"class_list":["post-2549","post","type-post","status-publish","format-standard","has-post-thumbnail","hentry","category-anses","tag-anses-7-6-19"],"jetpack_publicize_connections":[],"jetpack_featured_media_url":"https:\/\/revistaepocadigital.com.ar\/wp-content\/uploads\/2019\/06\/logo-anses..jpg","jetpack_likes_enabled":true,"_links":{"self":[{"href":"https:\/\/revistaepocadigital.com.ar\/index.php?rest_route=\/wp\/v2\/posts\/2549","targetHints":{"allow":["GET"]}}],"collection":[{"href":"https:\/\/revistaepocadigital.com.ar\/index.php?rest_route=\/wp\/v2\/posts"}],"about":[{"href":"https:\/\/revistaepocadigital.com.ar\/index.php?rest_route=\/wp\/v2\/types\/post"}],"author":[{"embeddable":true,"href":"https:\/\/revistaepocadigital.com.ar\/index.php?rest_route=\/wp\/v2\/users\/3"}],"replies":[{"embeddable":true,"href":"https:\/\/revistaepocadigital.com.ar\/index.php?rest_route=%2Fwp%2Fv2%2Fcomments&post=2549"}],"version-history":[{"count":0,"href":"https:\/\/revistaepocadigital.com.ar\/index.php?rest_route=\/wp\/v2\/posts\/2549\/revisions"}],"wp:featuredmedia":[{"embeddable":true,"href":"https:\/\/revistaepocadigital.com.ar\/index.php?rest_route=\/wp\/v2\/media\/2551"}],"wp:attachment":[{"href":"https:\/\/revistaepocadigital.com.ar\/index.php?rest_route=%2Fwp%2Fv2%2Fmedia&parent=2549"}],"wp:term":[{"taxonomy":"category","embeddable":true,"href":"https:\/\/revistaepocadigital.com.ar\/index.php?rest_route=%2Fwp%2Fv2%2Fcategories&post=2549"},{"taxonomy":"post_tag","embeddable":true,"href":"https:\/\/revistaepocadigital.com.ar\/index.php?rest_route=%2Fwp%2Fv2%2Ftags&post=2549"}],"curies":[{"name":"wp","href":"https:\/\/api.w.org\/{rel}","templated":true}]}}