{"id":25492,"date":"2024-06-10T10:47:50","date_gmt":"2024-06-10T13:47:50","guid":{"rendered":"https:\/\/revistaepocadigital.com.ar\/?p=25492"},"modified":"2024-06-27T03:17:30","modified_gmt":"2024-06-27T06:17:30","slug":"juni-pera-y-la-responsabilidad-ambiental-como-bandera-de-marca-una-empresa-de-cosmeticos-verdes","status":"publish","type":"post","link":"https:\/\/revistaepocadigital.com.ar\/?p=25492","title":{"rendered":"Jun\u00ed Per\u00e1 y la responsabilidad ambiental como bandera de marca  \u201cUna empresa de cosm\u00e9ticos verdes\u201d"},"content":{"rendered":"<p><strong>UN PORCENTAJE DE CADA VENTA. Es destinado a plantar \u00e1rboles y restaurar los ecosistemas regionales.\u00a0<\/strong><!--more--><\/p>\n<div>\n<p class=\"yiv5858029490MsoNormal\">Juni Per\u00e1 es un emprendimiento de cosm\u00e9tica e higiene natural sostenible que forma parte de la Red de Empleos Verdes.\u00a0Para su fundadora, Carolina Kranewitter,\u00a0el cuidado del medioambiente es innegociable. En este sentido, su proyecto de reforestaci\u00f3n de \u00e1rboles nativos del Delta y el Espinal entrerriano conforma una de sus grandes iniciativas de responsabilidad ambiental. Por cada venta de Jun\u00ed Per\u00e1, un porcentaje es destinado a plantar \u00e1rboles y restaurar los ecosistemas regionales.<\/p>\n<p class=\"yiv5858029490MsoNormal\">Como bioqu\u00edmica, logr\u00f3 vincular su compromiso\u00a0<span lang=\"ES\">con el cuidado del medio ambiente en sinergia con el desarrollo sustentable y la rigurosidad cient\u00edfica, que la destaca en el mercado.<\/span><\/p>\n<p class=\"yiv5858029490MsoNormal\">Elabora cosm\u00e9ticos para la\u00a0hidrataci\u00f3n, nutrici\u00f3n, revitalizaci\u00f3n y cuidado integral de la piel y el cabello con\u00a0ingredientes de origen natural y agroecol\u00f3gicos: aceites org\u00e1nicos y v\u00edrgenes, plantas secas, arcillas, extractos vegetales. Su objetivo es que la gente recupere la confianza en la naturaleza como proveedora de soluciones. As\u00ed como tambi\u00e9n, activar pr\u00e1cticas sostenibles para economizar los recursos y reducir la huella de carbono en todos sus procesos de producci\u00f3n.<\/p>\n<p class=\"yiv5858029490MsoNormal\">\u201cEn un mercado donde la conciencia ambiental y la demanda de productos sostenibles est\u00e1n creciendo, Jun\u00ed Per\u00e1 se posiciona como una marca l\u00edder en la industria del cuidado personal, ofreciendo soluciones naturales, funcionales y sostenibles que satisfacen las necesidades y valores de los consumidores conscientes de su salud y el medio ambiente\u201d, destacan desde la marca.<\/p>\n<p class=\"yiv5858029490MsoNormal\"><span lang=\"ES\">La l\u00ednea de productos puede conseguirse en distintos puntos del pa\u00eds a trav\u00e9s de sus Dermo Consultoras y revendedoras o en su p\u00e1gina web:\u00a0<\/span><a href=\"https:\/\/www.junipera.com.ar\/\" target=\"_blank\" rel=\"nofollow noopener noreferrer\"><span lang=\"ES\">https:\/\/www.junipera.com.ar\/<\/span><\/a><span lang=\"ES\">, donde Carolina ofrece un asesoramiento personalizado para brindar el mejor producto de acuerdo con el tipo de piel de sus clientes y sus necesidades.<\/span><\/p>\n<p class=\"yiv5858029490MsoNormal\">Para m\u00e1s informaci\u00f3n:<\/p>\n<p class=\"yiv5858029490MsoNormal\"><a href=\"https:\/\/www.junipera.com.ar\/\" target=\"_blank\" rel=\"nofollow noopener noreferrer\">https:\/\/www.junipera.com.ar\/<\/a><\/p>\n<p class=\"yiv5858029490MsoNormal\"><a href=\"https:\/\/www.instagram.com\/juni.pera\/\" target=\"_blank\" rel=\"nofollow noopener noreferrer\">https:\/\/www.instagram.com\/juni.pera\/<\/a><\/p>\n<\/div>\n","protected":false},"excerpt":{"rendered":"<p>UN PORCENTAJE DE CADA VENTA. Es destinado a plantar \u00e1rboles y restaurar los ecosistemas regionales.\u00a0<\/p>\n","protected":false},"author":3,"featured_media":25494,"comment_status":"open","ping_status":"open","sticky":false,"template":"","format":"standard","meta":{"footnotes":"","jetpack_publicize_message":"","jetpack_publicize_feature_enabled":true,"jetpack_social_post_already_shared":true,"jetpack_social_options":{"image_generator_settings":{"template":"highway","default_image_id":0,"font":"","enabled":false},"version":2}},"categories":[14],"tags":[2722],"class_list":["post-25492","post","type-post","status-publish","format-standard","has-post-thumbnail","hentry","category-la-gente","tag-juni-pera"],"jetpack_publicize_connections":[],"jetpack_featured_media_url":"https:\/\/revistaepocadigital.com.ar\/wp-content\/uploads\/2024\/06\/FOTO-PLANTAS.jpg","jetpack_likes_enabled":true,"_links":{"self":[{"href":"https:\/\/revistaepocadigital.com.ar\/index.php?rest_route=\/wp\/v2\/posts\/25492","targetHints":{"allow":["GET"]}}],"collection":[{"href":"https:\/\/revistaepocadigital.com.ar\/index.php?rest_route=\/wp\/v2\/posts"}],"about":[{"href":"https:\/\/revistaepocadigital.com.ar\/index.php?rest_route=\/wp\/v2\/types\/post"}],"author":[{"embeddable":true,"href":"https:\/\/revistaepocadigital.com.ar\/index.php?rest_route=\/wp\/v2\/users\/3"}],"replies":[{"embeddable":true,"href":"https:\/\/revistaepocadigital.com.ar\/index.php?rest_route=%2Fwp%2Fv2%2Fcomments&post=25492"}],"version-history":[{"count":0,"href":"https:\/\/revistaepocadigital.com.ar\/index.php?rest_route=\/wp\/v2\/posts\/25492\/revisions"}],"wp:featuredmedia":[{"embeddable":true,"href":"https:\/\/revistaepocadigital.com.ar\/index.php?rest_route=\/wp\/v2\/media\/25494"}],"wp:attachment":[{"href":"https:\/\/revistaepocadigital.com.ar\/index.php?rest_route=%2Fwp%2Fv2%2Fmedia&parent=25492"}],"wp:term":[{"taxonomy":"category","embeddable":true,"href":"https:\/\/revistaepocadigital.com.ar\/index.php?rest_route=%2Fwp%2Fv2%2Fcategories&post=25492"},{"taxonomy":"post_tag","embeddable":true,"href":"https:\/\/revistaepocadigital.com.ar\/index.php?rest_route=%2Fwp%2Fv2%2Ftags&post=25492"}],"curies":[{"name":"wp","href":"https:\/\/api.w.org\/{rel}","templated":true}]}}