{"id":2552,"date":"2019-06-03T15:47:44","date_gmt":"2019-06-03T18:47:44","guid":{"rendered":"https:\/\/revistaepocadigital.com.ar\/?p=2552"},"modified":"2019-06-03T16:09:32","modified_gmt":"2019-06-03T19:09:32","slug":"sanchez-no-habra-reeleccion","status":"publish","type":"post","link":"https:\/\/revistaepocadigital.com.ar\/?p=2552","title":{"rendered":"S\u00e1nchez: no habr\u00e1 reelecci\u00f3n, apoya a Nanni"},"content":{"rendered":"<p><strong>EL CANDIDATO DEL OFICIALISMO DEFINIDO ES DIEGO NANNI Y REPRESENTAR\u00c1 A UNIDAD CIUDADANA A NIVEL PROVINCIAL Y NACIONAL<\/strong><\/p>\n<p><!--more--><\/p>\n<p>&#8220;Diego Nanni fue el candidato proclamado por Defensa Comunal&#8221;, dijo d\u00edas atr\u00e1s el jefe comunal, a quien se sindic\u00f3 durante varios meses, como otro de los posibles candidatos a intendente de Exaltaci\u00f3n de la Cruz.<\/p>\n<p>Junio marca el primer escal\u00f3n en la crucial carrera electoral de este a\u00f1o en el pa\u00eds, se deben oficializar frentes y\/o alianzas ante la justicia electoral el d\u00eda 15, asi como listas de candidatos en los ordenes nacional, provincial y municipal, el d\u00eda 22.<\/p>\n<p>En el distrito de Exaltaci\u00f3n de la Cruz, aventadas pr\u00e1cticamente todas las dudas, Cambiemos llevar\u00e1 como candidato a intendente como era conocido a Ra\u00fal Sancho, su referente y actual titular del Concejo Deliberante. En cambio en el resto de las fuerzas pol\u00edticas, inclu\u00eddo el oficialismo, los vaivenes han sido numerosos.<\/p>\n<figure id=\"attachment_2555\" aria-describedby=\"caption-attachment-2555\" style=\"width: 952px\" class=\"wp-caption aligncenter\"><img loading=\"lazy\" decoding=\"async\" class=\"size-full wp-image-2555\" src=\"https:\/\/revistaepocadigital.com.ar\/wp-content\/uploads\/2019\/06\/SANCHEZ-NANNI-25-5.jpg\" alt=\"\" width=\"952\" height=\"849\" srcset=\"https:\/\/revistaepocadigital.com.ar\/wp-content\/uploads\/2019\/06\/SANCHEZ-NANNI-25-5.jpg 952w, https:\/\/revistaepocadigital.com.ar\/wp-content\/uploads\/2019\/06\/SANCHEZ-NANNI-25-5-300x268.jpg 300w, https:\/\/revistaepocadigital.com.ar\/wp-content\/uploads\/2019\/06\/SANCHEZ-NANNI-25-5-768x685.jpg 768w, https:\/\/revistaepocadigital.com.ar\/wp-content\/uploads\/2019\/06\/SANCHEZ-NANNI-25-5-696x621.jpg 696w, https:\/\/revistaepocadigital.com.ar\/wp-content\/uploads\/2019\/06\/SANCHEZ-NANNI-25-5-471x420.jpg 471w, https:\/\/revistaepocadigital.com.ar\/wp-content\/uploads\/2019\/06\/SANCHEZ-NANNI-25-5-942x840.jpg 942w\" sizes=\"auto, (max-width: 952px) 100vw, 952px\" \/><figcaption id=\"caption-attachment-2555\" class=\"wp-caption-text\">Sanchez junto a Nanni en el acto oficial por el 25 de Mayo<\/figcaption><\/figure>\n<p>Sabida y reiterada por su parte cada vez que fuera consultado, Diego Nanni mantuvo su postulaci\u00f3n a intendente por el oficialismo y por Defensa Comunal y la novedad de los \u00faltimos d\u00edas, indic\u00f3 que se aline\u00f3 con Unidad Ciudadana, que para la presidencia present\u00f3 a la f\u00f3rmula Alberto Fern\u00e1ndez para presidente y Cristina Fern\u00e1ndez como vice; en tanto en la provincia postul\u00f3 a Axel Kichilof como candidato a gobernador y Ver\u00f3nica Magario (actual intendenta de La Matanza) para vice.<\/p>\n<p>Se dilucidaron entonces las especulaciones en relaci\u00f3n a la posible postulaci\u00f3n tambi\u00e9n del actual intendente S\u00e1nchez quien forma parte del partido Defensa Comunal, quien le adelant\u00f3 a EPOCA hace apenas unos d\u00edas, &#8220;con respecto a mi posible precandidatura para las proximas elecciones, para en caso de triunfar, continuar en el cargo en lo que ser\u00eda eventualmente un cuarto mandato, quedar\u00eda sin efecto por haber proclamado nuestro espacio de Defensa Comunal, que el candidato Oficial ser\u00e1 Diego Nanni, como es ya de p\u00fablico conocimiento. Estando por mi parte, en un todo de acuerdo en un cambio generacional, apoyando su candidatura, y a su vez me tendr\u00e1 a disposici\u00f3n para ayudarlo en la gesti\u00f3n&#8221;.<\/p>\n<p>A S\u00e1nchez en el mar de conjeturas de los \u00faltimos tiempos, se lo sindic\u00f3 en m\u00e1s de una ocasi\u00f3n, como pasando a revistar en Cambiemos, especulaci\u00f3n que gan\u00f3 terreno ante contactos mantenidos por el intendente con dos jefes comunales de Cambiemos, al respecto aclar\u00f3 a EPOCA, &#8220;esos encuentros fueron a t\u00edtulo institucional, para la firma de un Convenio de Capacitacion en Microemprendimientos con los partidos de Lujan y Suipacha. Como intendente, pertenezco a espacios de Corredores productivos, donde nos encontramos con intendentes de otros sectores pol\u00edticos, como pueden ser algunos del Corredor de Zona Norte 2, donde hemos tenido distintas actividades ultimamente&#8221;.<\/p>\n<p>S\u00e1nchez, se enfoc\u00f3 m\u00e1s all\u00e1 de los movimientos pol\u00edticos vinculados al a\u00f1o electoral, tambi\u00e9n habl\u00f3 sobre la citaci\u00f3n que le hiciera el Concejo Deliberante tiempo atr\u00e1s, debido a dos hechos que conmocionaron a la comunidad, como lo fueron los fallecimientos de una ni\u00f1a peque\u00f1a y de un bebe que naci\u00f3 sin vida, ambos resonantes casos de los que se ocup\u00f3 tambi\u00e9n la prensa nacional, ocurridos en el Hospital San Jos\u00e9.<\/p>\n<p>&#8220;Acerca de la citaci\u00f3n del HCD, asistimos con el Secretario de Salud y la Directora del Hospital Municipal San Jos\u00e9 m\u00e1s el Secretario de Coordinaci\u00f3n, y le respondimos sobradamente todas las consultas, adem\u00e1s presentamos un vasto informe de lo gestionado al presente en el Hospital, su actual situaci\u00f3n y los proyectos a lo largo de m\u00e1s de una hora y media de exposici\u00f3n ante los concejales, quienes por lo observado, quedaron muy satisfechos y hasta sorprendidos por la cantidad de logros alcanzados en dicho sector&#8221;.<\/p>\n<p>Fotos: prensa municipalidad.<\/p>\n","protected":false},"excerpt":{"rendered":"<p>EL CANDIDATO DEL OFICIALISMO DEFINIDO ES DIEGO NANNI Y REPRESENTAR\u00c1 A UNIDAD CIUDADANA A NIVEL PROVINCIAL Y NACIONAL<\/p>\n","protected":false},"author":4,"featured_media":2554,"comment_status":"open","ping_status":"open","sticky":false,"template":"","format":"standard","meta":{"footnotes":"","jetpack_publicize_message":"","jetpack_publicize_feature_enabled":true,"jetpack_social_post_already_shared":false,"jetpack_social_options":{"image_generator_settings":{"template":"highway","default_image_id":0,"font":"","enabled":false},"version":2}},"categories":[17],"tags":[129,361,165],"class_list":["post-2552","post","type-post","status-publish","format-standard","has-post-thumbnail","hentry","category-politica","tag-candidatos","tag-eleccione","tag-sanchez"],"jetpack_publicize_connections":[],"jetpack_featured_media_url":"https:\/\/revistaepocadigital.com.ar\/wp-content\/uploads\/2019\/06\/sanche-ahuad.jpg","jetpack_likes_enabled":true,"_links":{"self":[{"href":"https:\/\/revistaepocadigital.com.ar\/index.php?rest_route=\/wp\/v2\/posts\/2552","targetHints":{"allow":["GET"]}}],"collection":[{"href":"https:\/\/revistaepocadigital.com.ar\/index.php?rest_route=\/wp\/v2\/posts"}],"about":[{"href":"https:\/\/revistaepocadigital.com.ar\/index.php?rest_route=\/wp\/v2\/types\/post"}],"author":[{"embeddable":true,"href":"https:\/\/revistaepocadigital.com.ar\/index.php?rest_route=\/wp\/v2\/users\/4"}],"replies":[{"embeddable":true,"href":"https:\/\/revistaepocadigital.com.ar\/index.php?rest_route=%2Fwp%2Fv2%2Fcomments&post=2552"}],"version-history":[{"count":0,"href":"https:\/\/revistaepocadigital.com.ar\/index.php?rest_route=\/wp\/v2\/posts\/2552\/revisions"}],"wp:featuredmedia":[{"embeddable":true,"href":"https:\/\/revistaepocadigital.com.ar\/index.php?rest_route=\/wp\/v2\/media\/2554"}],"wp:attachment":[{"href":"https:\/\/revistaepocadigital.com.ar\/index.php?rest_route=%2Fwp%2Fv2%2Fmedia&parent=2552"}],"wp:term":[{"taxonomy":"category","embeddable":true,"href":"https:\/\/revistaepocadigital.com.ar\/index.php?rest_route=%2Fwp%2Fv2%2Fcategories&post=2552"},{"taxonomy":"post_tag","embeddable":true,"href":"https:\/\/revistaepocadigital.com.ar\/index.php?rest_route=%2Fwp%2Fv2%2Ftags&post=2552"}],"curies":[{"name":"wp","href":"https:\/\/api.w.org\/{rel}","templated":true}]}}