{"id":25521,"date":"2024-06-24T17:40:20","date_gmt":"2024-06-24T20:40:20","guid":{"rendered":"https:\/\/revistaepocadigital.com.ar\/?p=25521"},"modified":"2024-06-24T17:40:20","modified_gmt":"2024-06-24T20:40:20","slug":"paseo-agreste-en-capilla-del-senor-se-anexara-a-la-actual-reserva-ecologica","status":"publish","type":"post","link":"https:\/\/revistaepocadigital.com.ar\/?p=25521","title":{"rendered":"PASEO AGRESTE EN CAPILLA DEL SE\u00d1OR, SE ANEXAR\u00c1 A LA ACTUAL RESERVA ECOL\u00d3GICA"},"content":{"rendered":"<div class=\"xdj266r x11i5rnm xat24cr x1mh8g0r x1vvkbs x126k92a\">\n<div dir=\"auto\"><strong>ANTEPROYECTO DE LA COMUNA.<\/strong><\/div>\n<div dir=\"auto\"><\/div>\n<\/div>\n<p><!--more--><\/p>\n<div class=\"x11i5rnm xat24cr x1mh8g0r x1vvkbs xtlvy1s x126k92a\">\n<div dir=\"auto\">Las \u00e1reas de Planeamiento, Medio Ambiente y la Comisi\u00f3n de Patrimonio, trabajan sobre el anteproyecto a efectos de avanzar con el m\u00e1ster plan definitivo.<\/div>\n<div dir=\"auto\"><\/div>\n<\/div>\n<div class=\"x11i5rnm xat24cr x1mh8g0r x1vvkbs xtlvy1s x126k92a\">\n<div dir=\"auto\">Se proyectan senderos, un tajamar como ecosistema para la proliferaci\u00f3n de fauna y, por otro lado, la incorporaci\u00f3n de especies aut\u00f3ctonas pensando en mojones verdes que se integren al paisaje como referencia biodin\u00e1mica representativa de algunas regiones del centro\/norte de la Argentina.<\/div>\n<div dir=\"auto\"><\/div>\n<\/div>\n<div class=\"x11i5rnm xat24cr x1mh8g0r x1vvkbs xtlvy1s x126k92a\">\n<div dir=\"auto\">Adem\u00e1s, se contempla una zona de estacionamiento, as\u00ed como tambi\u00e9n la incorporaci\u00f3n de algunas postas de descanso.<\/div>\n<div dir=\"auto\">Conocida este emprendimiento, vecinos se vienen haciendo eco en redes sociales, destacando en buena parte, el significado del Paseo Agreste, y a la vez reiterar reclamos que hacen a deficiencias existentes en el distrito. En tal sentido, por citar un ejemplo, el sem\u00e1foro que no funciona sobre la ruta 39, en las inmediaciones del Barrio Esperanza donde funciona la escuela.<\/div>\n<\/div>\n","protected":false},"excerpt":{"rendered":"<p>ANTEPROYECTO DE LA COMUNA.<\/p>\n","protected":false},"author":3,"featured_media":25523,"comment_status":"open","ping_status":"open","sticky":false,"template":"","format":"standard","meta":{"footnotes":"","jetpack_publicize_message":"","jetpack_publicize_feature_enabled":true,"jetpack_social_post_already_shared":true,"jetpack_social_options":{"image_generator_settings":{"template":"highway","default_image_id":0,"font":"","enabled":false},"version":2}},"categories":[13],"tags":[2767],"class_list":["post-25521","post","type-post","status-publish","format-standard","has-post-thumbnail","hentry","category-interes-general","tag-paseo-agreste"],"jetpack_publicize_connections":[],"jetpack_featured_media_url":"https:\/\/revistaepocadigital.com.ar\/wp-content\/uploads\/2024\/06\/PASEO-AGRESTE.jpg","jetpack_likes_enabled":true,"_links":{"self":[{"href":"https:\/\/revistaepocadigital.com.ar\/index.php?rest_route=\/wp\/v2\/posts\/25521","targetHints":{"allow":["GET"]}}],"collection":[{"href":"https:\/\/revistaepocadigital.com.ar\/index.php?rest_route=\/wp\/v2\/posts"}],"about":[{"href":"https:\/\/revistaepocadigital.com.ar\/index.php?rest_route=\/wp\/v2\/types\/post"}],"author":[{"embeddable":true,"href":"https:\/\/revistaepocadigital.com.ar\/index.php?rest_route=\/wp\/v2\/users\/3"}],"replies":[{"embeddable":true,"href":"https:\/\/revistaepocadigital.com.ar\/index.php?rest_route=%2Fwp%2Fv2%2Fcomments&post=25521"}],"version-history":[{"count":0,"href":"https:\/\/revistaepocadigital.com.ar\/index.php?rest_route=\/wp\/v2\/posts\/25521\/revisions"}],"wp:featuredmedia":[{"embeddable":true,"href":"https:\/\/revistaepocadigital.com.ar\/index.php?rest_route=\/wp\/v2\/media\/25523"}],"wp:attachment":[{"href":"https:\/\/revistaepocadigital.com.ar\/index.php?rest_route=%2Fwp%2Fv2%2Fmedia&parent=25521"}],"wp:term":[{"taxonomy":"category","embeddable":true,"href":"https:\/\/revistaepocadigital.com.ar\/index.php?rest_route=%2Fwp%2Fv2%2Fcategories&post=25521"},{"taxonomy":"post_tag","embeddable":true,"href":"https:\/\/revistaepocadigital.com.ar\/index.php?rest_route=%2Fwp%2Fv2%2Ftags&post=25521"}],"curies":[{"name":"wp","href":"https:\/\/api.w.org\/{rel}","templated":true}]}}