{"id":25535,"date":"2024-06-26T19:06:01","date_gmt":"2024-06-26T22:06:01","guid":{"rendered":"https:\/\/revistaepocadigital.com.ar\/?p=25535"},"modified":"2024-07-01T17:32:53","modified_gmt":"2024-07-01T20:32:53","slug":"cuidado-en-la-ruta-39-hay-nuevas-velocidades-para-transitar","status":"publish","type":"post","link":"https:\/\/revistaepocadigital.com.ar\/?p=25535","title":{"rendered":"CUIDADO: EN LA RUTA 39 HAY NUEVAS VELOCIDADES PARA TRANSITAR"},"content":{"rendered":"<p><strong>A PRESTAR ATENCI\u00d3N VECINOS DE TODO EL DISTRITO, A AQUELLOS QUE LLEGAN A DIARIO A LA CIUDAD POR DISTINTAS RAZONES Y A VISITANTES.<\/strong><\/p>\n<p><span class=\"css-1jxf684 r-bcqeeo r-1ttztb7 r-qvutc0 r-poiln3\"><strong>EN LA TRAZA QUE UNE CAPILLA DEL SE\u00d1OR CON LA AUTOV\u00cdA 8 EN PAV\u00d3N<\/strong>.<\/span><\/p>\n<p>El control de velocidad instalado en la localidad de Pav\u00f3n. Fuertes multas son aplicadas a los que exceden las velocidades a\u00fan por m\u00ednimos m\u00e1rgenes. Tambi\u00e9n en el ingreso a Capilla del Se\u00f1or, a poco de superar la rotonda, existe un control de velocidad.<\/p>\n<p><!--more--><img decoding=\"async\" class=\"r-4qtqp9 r-dflpy8 r-k4bwe5 r-1kpi4qh r-pp5qcn r-h9hxbl\" title=\"Se\u00f1al de peligro\" draggable=\"false\" src=\"https:\/\/abs-0.twimg.com\/emoji\/v2\/svg\/26a0.svg\" alt=\"\u26a0\ufe0f\" \/><span class=\"css-1jxf684 r-bcqeeo r-1ttztb7 r-qvutc0 r-poiln3\"> En los tramos interurbanos, la velocidad m\u00e1xima permitida pas\u00f3 a 80 km\/h.<\/span><\/p>\n<p><span class=\"css-1jxf684 r-bcqeeo r-1ttztb7 r-qvutc0 r-poiln3\">En las zonas urbanas qued\u00f3 fijada en 60 km\/h.<\/span><\/p>\n<p>&nbsp;<\/p>\n<p><strong>informaci\u00f3n importante.<\/strong><\/p>\n<div class=\"kb0PBd cvP2Ce A9Y9g jGGQ5e\" data-snf=\"x5WNvb\" data-snhf=\"0\">\n<div class=\"yuRUbf\">\n<div>\n<h3 class=\"LC20lb MBeuO DKV0Md\">Radares<\/h3>\n<div class=\"notranslate HGLrXd NJjxre iUh30 ojE3Fb\">\n<div class=\"q0vns\">\n<div class=\"eqA2re UnOTSe Vwoesf\" aria-hidden=\"true\"><img decoding=\"async\" class=\"XNo5Ab\" src=\"data:image\/png;base64,iVBORw0KGgoAAAANSUhEUgAAABwAAAAcCAMAAABF0y+mAAAAdVBMVEUAt8kAtcgAs8cAtMZo0dYAu8fE6+3R7u6H3OAAuMeb5eS75eaZ4Ogmxsz\/\/\/+46eOp4N+t5ODP8\/Lg+fo+yc8Tw8QAscaM1txMy9P\/\/\/iq6OkAssH3\/\/8Ausqy6ert+fe67fIbwsXE7+zO8\/eA2txPydJq19nqwbEvAAAApklEQVR4AeVQhQHDMAyLnLjMzNz+\/+EYsxOmgBnFXwEQoAuAmyS\/bEqBDdM0LRtXyfm0wvXID8IoDpKLZKdBBt2YF0UZMFAFdSN\/jG0bdT3kMPidDc04jmPgA3ZXtaPSjU5pmZMg1bWFk5BmnImyICuWbprWgKEZi0IFzIFjWVa30bcxWZLAkdbIhGJIWvFEtcM+tm3LJHZ1iQFv2gqv67vSxz7\/CGfJAQphIhnwJwAAAABJRU5ErkJggg==\" alt=\"\" data-csiid=\"qI98ZtnAHv3T1sQP_-yhsAE_20\" data-atf=\"4\" \/><\/div>\n<div class=\"CA5RN\">\n<div><span class=\"VuuXrf\">InfraccionesBA<\/span><\/div>\n<div class=\"byrV5b\"><cite class=\"qLRx3b tjvcx GvPZzd cHaqb\" role=\"text\">https:\/\/infraccionesba.gba.gob.ar<span class=\"ylgVCe ob9lvb\" role=\"text\">\u00a0\u203a equiposDeConstataci&#8230;<\/span><\/cite><\/div>\n<\/div>\n<\/div>\n<\/div>\n<div class=\"B6fmyf byrV5b Mg1HEd\">\n<div class=\"HGLrXd iUh30 ojE3Fb\">\n<div class=\"q0vns\">\n<div class=\"eqA2re UnOTSe\"><\/div>\n<\/div>\n<\/div>\n<\/div>\n<\/div>\n<\/div>\n<\/div>\n<div class=\"kb0PBd cvP2Ce A9Y9g\" data-snf=\"nke7rc\" data-sncf=\"1\">\n<div class=\"VwiC3b yXK7lf lVm3ye r025kc hJNv6b Hdw6tb\">Listado de Radares M\u00f3viles Aqu\u00ed podr\u00e1 descargar el listado de los radares m\u00f3viles. Descargar. Velocidades m\u00e1ximas.<\/div>\n<\/div>\n<p>&nbsp;<\/p>\n<p>&nbsp;<\/p>\n","protected":false},"excerpt":{"rendered":"<p>A PRESTAR ATENCI\u00d3N VECINOS DE TODO EL DISTRITO, A AQUELLOS QUE LLEGAN A DIARIO A LA CIUDAD POR DISTINTAS RAZONES Y A VISITANTES. EN LA TRAZA QUE UNE CAPILLA DEL SE\u00d1OR CON LA AUTOV\u00cdA 8 EN PAV\u00d3N. El control de velocidad instalado en la localidad de Pav\u00f3n. Fuertes multas son aplicadas a los que exceden [&hellip;]<\/p>\n","protected":false},"author":3,"featured_media":25539,"comment_status":"open","ping_status":"open","sticky":false,"template":"","format":"standard","meta":{"footnotes":"","jetpack_publicize_message":"","jetpack_publicize_feature_enabled":true,"jetpack_social_post_already_shared":true,"jetpack_social_options":{"image_generator_settings":{"template":"highway","default_image_id":0,"font":"","enabled":false},"version":2}},"categories":[4],"tags":[2769],"class_list":["post-25535","post","type-post","status-publish","format-standard","has-post-thumbnail","hentry","category-aqui-los-cardales","tag-velocidades-ruta-39"],"jetpack_publicize_connections":[],"jetpack_featured_media_url":"https:\/\/revistaepocadigital.com.ar\/wp-content\/uploads\/2024\/06\/Ruta-39-4.jpg","jetpack_likes_enabled":true,"_links":{"self":[{"href":"https:\/\/revistaepocadigital.com.ar\/index.php?rest_route=\/wp\/v2\/posts\/25535","targetHints":{"allow":["GET"]}}],"collection":[{"href":"https:\/\/revistaepocadigital.com.ar\/index.php?rest_route=\/wp\/v2\/posts"}],"about":[{"href":"https:\/\/revistaepocadigital.com.ar\/index.php?rest_route=\/wp\/v2\/types\/post"}],"author":[{"embeddable":true,"href":"https:\/\/revistaepocadigital.com.ar\/index.php?rest_route=\/wp\/v2\/users\/3"}],"replies":[{"embeddable":true,"href":"https:\/\/revistaepocadigital.com.ar\/index.php?rest_route=%2Fwp%2Fv2%2Fcomments&post=25535"}],"version-history":[{"count":0,"href":"https:\/\/revistaepocadigital.com.ar\/index.php?rest_route=\/wp\/v2\/posts\/25535\/revisions"}],"wp:featuredmedia":[{"embeddable":true,"href":"https:\/\/revistaepocadigital.com.ar\/index.php?rest_route=\/wp\/v2\/media\/25539"}],"wp:attachment":[{"href":"https:\/\/revistaepocadigital.com.ar\/index.php?rest_route=%2Fwp%2Fv2%2Fmedia&parent=25535"}],"wp:term":[{"taxonomy":"category","embeddable":true,"href":"https:\/\/revistaepocadigital.com.ar\/index.php?rest_route=%2Fwp%2Fv2%2Fcategories&post=25535"},{"taxonomy":"post_tag","embeddable":true,"href":"https:\/\/revistaepocadigital.com.ar\/index.php?rest_route=%2Fwp%2Fv2%2Ftags&post=25535"}],"curies":[{"name":"wp","href":"https:\/\/api.w.org\/{rel}","templated":true}]}}