{"id":25540,"date":"2024-06-26T21:16:57","date_gmt":"2024-06-27T00:16:57","guid":{"rendered":"https:\/\/revistaepocadigital.com.ar\/?p=25540"},"modified":"2024-06-26T23:04:28","modified_gmt":"2024-06-27T02:04:28","slug":"vanesa-russo-le-apunto-al-fiscal-esperante","status":"publish","type":"post","link":"https:\/\/revistaepocadigital.com.ar\/?p=25540","title":{"rendered":"VANESA RUSSO LE APUNT\u00d3 AL FISCAL ESPERANTE"},"content":{"rendered":"<div class=\"itemImageBlock\">\n<div class=\"clr\"><strong>POR LA DIFUSI\u00d3N DE UN VIDEO SOBRE UN CASO DE VIOLENCIA DE G\u00c9NERO.<\/strong><\/div>\n<\/div>\n<p><!--more--><\/p>\n<div class=\"itemBody\">\n<div class=\"itemRatingBlock\">\n<div class=\"itemRatingForm\">\n<div class=\"clr\">El\u00a0 episodio, dio lugar a una marcada controversia. La Secretaria de Desarrollo a la Comunidad, Vanessa Russo, que tiene bajo su \u00f3rbita a la Direcci\u00f3n de G\u00e9nero, de acuerdo a lo publicado por el sitio Capillaonline.com, expres\u00f3 su descontento por el trabajo de la fiscal\u00eda de Capilla del Se\u00f1or y del Fiscal Manuel Esperante. Se debi\u00f3 a la difusi\u00f3n de un v\u00eddeo relacionado con un caso de violencia de g\u00e9nero ocurrido en mayo en nuestro distrito.<\/div>\n<div><\/div>\n<\/div>\n<\/div>\n<div class=\"itemFullText\">\n<p>La Secretar\u00eda mencionado dio a conocer un comunicado en el que se refiri\u00f3 al hecho de haber dado a conocer el video en cuesti\u00f3n sobre un caso de violencia de g\u00e9nero. En dicho comunicado, la Secretar\u00eda expres\u00f3 su insatisfacci\u00f3n por la manera en que la Fiscal\u00eda de Capilla del Se\u00f1or y el Fiscal Manuel Esperante manejaron el tema.<\/p>\n<p>La Direcci\u00f3n de G\u00e9nero subray\u00f3 que, a pesar de las afirmaciones de que la difusi\u00f3n del v\u00eddeo podr\u00eda ayudar en la prevenci\u00f3n, esta acci\u00f3n no contribuye de manera efectiva a dicha causa. \u201cNos dar\u00edan una mano enorme si realmente quisieran colaborar difundiendo nuestras campa\u00f1as de prevenci\u00f3n en sus medios y en sus redes digitales\u201d, indic\u00f3 el comunicado.<\/p>\n<p>Por otro lado, Capillaonlie.com. ampli\u00f3 sobre el comunicado de la Secretar\u00eda de Desarrollo de la Comunidad por medio de la Direcci\u00f3n de G\u00e9nero, que record\u00f3 una de las recomendaciones de la Defensor\u00eda del P\u00fablico de Servicios de Comunicaci\u00f3n Audiovisual sobre el tratamiento medi\u00e1tico de las violencias por motivos de g\u00e9nero. Esa sugerencia destaca la importancia de evitar la difusi\u00f3n de cualquier dato, que permita identificar a una persona en situaci\u00f3n de violencia sin su consentimiento expl\u00edcito. Adem\u00e1s, se enfatiza la necesidad de no reproducir sin autorizaci\u00f3n videos, im\u00e1genes y\/o registros de voz, aunque est\u00e9n distorsionados, ni brindar datos personales de la v\u00edctima sin su aceptaci\u00f3n. \u201cPor esto, se sugiere contar con autorizaci\u00f3n de la fiscal\u00eda interviniente\u201d, mencion\u00f3 al recordar la recomendaci\u00f3n..<\/p>\n<p>La postura de la Direcci\u00f3n de G\u00e9nero y Diversidades del municipio, implic\u00f3 el cuestionamiento hacia el Fiscal Esperante por permitir que se conociera el video. La misma direcci\u00f3n remarc\u00f3 la necesidad de un manejo m\u00e1s cuidadoso y respetuoso de los casos de violencia de g\u00e9nero en los medios de comunicaci\u00f3n.<\/p>\n<\/div>\n<\/div>\n<p>Foto: gentileza Capillaonline.com<\/p>\n","protected":false},"excerpt":{"rendered":"<p>POR LA DIFUSI\u00d3N DE UN VIDEO SOBRE UN CASO DE VIOLENCIA DE G\u00c9NERO.<\/p>\n","protected":false},"author":3,"featured_media":25541,"comment_status":"open","ping_status":"open","sticky":false,"template":"","format":"standard","meta":{"footnotes":"","jetpack_publicize_message":"","jetpack_publicize_feature_enabled":true,"jetpack_social_post_already_shared":true,"jetpack_social_options":{"image_generator_settings":{"template":"highway","default_image_id":0,"font":"","enabled":false},"version":2}},"categories":[13],"tags":[2771,2770,2772],"class_list":["post-25540","post","type-post","status-publish","format-standard","has-post-thumbnail","hentry","category-interes-general","tag-esperante","tag-russo","tag-violencia-genero"],"jetpack_publicize_connections":[],"jetpack_featured_media_url":"https:\/\/revistaepocadigital.com.ar\/wp-content\/uploads\/2024\/06\/russo-esperante.jpg","jetpack_likes_enabled":true,"_links":{"self":[{"href":"https:\/\/revistaepocadigital.com.ar\/index.php?rest_route=\/wp\/v2\/posts\/25540","targetHints":{"allow":["GET"]}}],"collection":[{"href":"https:\/\/revistaepocadigital.com.ar\/index.php?rest_route=\/wp\/v2\/posts"}],"about":[{"href":"https:\/\/revistaepocadigital.com.ar\/index.php?rest_route=\/wp\/v2\/types\/post"}],"author":[{"embeddable":true,"href":"https:\/\/revistaepocadigital.com.ar\/index.php?rest_route=\/wp\/v2\/users\/3"}],"replies":[{"embeddable":true,"href":"https:\/\/revistaepocadigital.com.ar\/index.php?rest_route=%2Fwp%2Fv2%2Fcomments&post=25540"}],"version-history":[{"count":0,"href":"https:\/\/revistaepocadigital.com.ar\/index.php?rest_route=\/wp\/v2\/posts\/25540\/revisions"}],"wp:featuredmedia":[{"embeddable":true,"href":"https:\/\/revistaepocadigital.com.ar\/index.php?rest_route=\/wp\/v2\/media\/25541"}],"wp:attachment":[{"href":"https:\/\/revistaepocadigital.com.ar\/index.php?rest_route=%2Fwp%2Fv2%2Fmedia&parent=25540"}],"wp:term":[{"taxonomy":"category","embeddable":true,"href":"https:\/\/revistaepocadigital.com.ar\/index.php?rest_route=%2Fwp%2Fv2%2Fcategories&post=25540"},{"taxonomy":"post_tag","embeddable":true,"href":"https:\/\/revistaepocadigital.com.ar\/index.php?rest_route=%2Fwp%2Fv2%2Ftags&post=25540"}],"curies":[{"name":"wp","href":"https:\/\/api.w.org\/{rel}","templated":true}]}}