{"id":25545,"date":"2024-06-27T00:58:08","date_gmt":"2024-06-27T03:58:08","guid":{"rendered":"https:\/\/revistaepocadigital.com.ar\/?p=25545"},"modified":"2024-06-27T00:58:08","modified_gmt":"2024-06-27T03:58:08","slug":"nanni-ante-un-tema-muy-serio-la-toma-de-tierras-todos-los-dias-nos-ocupamos-y-las-evitamos","status":"publish","type":"post","link":"https:\/\/revistaepocadigital.com.ar\/?p=25545","title":{"rendered":"NANNI ANTE UN TEMA MUY SERIO, LA TOMA DE TIERRAS, &#8220;TODOS LOS D\u00cdAS NOS OCUPAMOS Y LAS EVITAMOS&#8221;"},"content":{"rendered":"<p><strong>EL INTENDENTE REMARCA LA POSTURA CLARA DEL MUNICIPIO.<\/strong><\/p>\n<p><strong>LA PUBLICACI\u00d3N DE LA DISCORDIA, ADEM\u00c1S ALARM\u00d3 A VECINOS.<\/strong><\/p>\n<p><!--more--><\/p>\n<p>La toma de tierras en forma ilegal, se ha convertido en un muy grave problema en el pa\u00eds. En las usurpaciones confluyen acuciantes necesidades de sectores sociales vulnerables, intereses pol\u00edticos que suelen fogonear esas acciones desde la trastienda, razones econ\u00f3micas y hasta familiares.<\/p>\n<p>A su vez, el tema de mucha gravedad, origina preocupaciones y angustia en tantos otros argentinos que asisten a un fen\u00f3meno latente y que trasciende las capas sociales, con severos perjuicios.<\/p>\n<p>En nuestro distrito la problem\u00e1tica tampoco es ajena, si bien no alcanza en la gran magnitud notada en otros partidos bonaerenses, y m\u00e1s a\u00fan en el Gran Buenos Aires. Una publicaci\u00f3n en la red social Facebook, vinculada a una presunta toma de un terreno en una jurisdicci\u00f3n nacional, llev\u00f3 a EPOCA a hablar con el intendente <strong>Diego Nanni,<\/strong> tambi\u00e9n mencionado en dicha publicaci\u00f3n.<\/p>\n<p><strong>Nanni<\/strong> evidenci\u00f3 conocer el tema y al referirse a esa pretendida toma lo hizo con firmeza, &#8220;<strong>l<em>a sacamos enseguida a esa gente, la sacamos enseguida. Es mentira que nadie hace nada <\/em><\/strong>(en alusi\u00f3n a la respuesta del municipio ante estas irregularidades),<strong><em> nos pasamos todos los d\u00edas sacando personas de lugares en los que no pueden situarse&#8221;<\/em><\/strong>.<\/p>\n<figure id=\"attachment_25558\" aria-describedby=\"caption-attachment-25558\" style=\"width: 300px\" class=\"wp-caption aligncenter\"><img loading=\"lazy\" decoding=\"async\" class=\"size-medium wp-image-25558\" src=\"https:\/\/revistaepocadigital.com.ar\/wp-content\/uploads\/2024\/06\/NANNI24-2-300x300.jpg\" alt=\"\" width=\"300\" height=\"300\" srcset=\"https:\/\/revistaepocadigital.com.ar\/wp-content\/uploads\/2024\/06\/NANNI24-2-300x300.jpg 300w, https:\/\/revistaepocadigital.com.ar\/wp-content\/uploads\/2024\/06\/NANNI24-2-150x150.jpg 150w, https:\/\/revistaepocadigital.com.ar\/wp-content\/uploads\/2024\/06\/NANNI24-2-768x769.jpg 768w, https:\/\/revistaepocadigital.com.ar\/wp-content\/uploads\/2024\/06\/NANNI24-2-696x697.jpg 696w, https:\/\/revistaepocadigital.com.ar\/wp-content\/uploads\/2024\/06\/NANNI24-2-419x420.jpg 419w, https:\/\/revistaepocadigital.com.ar\/wp-content\/uploads\/2024\/06\/NANNI24-2.jpg 807w\" sizes=\"auto, (max-width: 300px) 100vw, 300px\" \/><figcaption id=\"caption-attachment-25558\" class=\"wp-caption-text\">Nanni habl\u00f3 con claridad sobre la toma de tierras.<\/figcaption><\/figure>\n<p>Respecto al caso de la publicaci\u00f3n en Facebook, <strong>Nanni<\/strong> se\u00f1al\u00f3, <strong><em>&#8220;es la misma gente que tiene tomada una parcela de tierra en jurisdicci\u00f3n nacional, perteneciente a Ferrocarriles Argentinos. Todo ha indicado que quisieron ubicar a otro hijo en el lugar que quisieron tomar y acaso pudo tambi\u00e9n originarse un problema entre la familia por un terreno sobre el que no pueden estar ya que es de jurisdicci\u00f3n nacional, pertenece a Ferrocarriles como digo; nosotros desde la municipalidad no permitimos tomas de terrenos&#8221;.<\/em><\/strong><\/p>\n<p><strong><em>&#8220;Insisto, es mentira que no se hace nada <\/em><\/strong>-remarc\u00f3 el intendente para enseguida alertar<em>-, <strong>t<\/strong><\/em><strong>odos los d\u00edas nos pasamos impidiendo dos o tres intentos de tomas en Exaltaci\u00f3n de la Cruz; en Arroyo de la Cruz, Carlos Lemee, en Los Cardos, en Cardales y otros sitios del distrito. Por eso, para evitar usurpaciones, estamos atentos y nos encontramos trabajando en forma organizada desde nuestra comuna&#8221;.<\/strong><\/p>\n<p><img loading=\"lazy\" decoding=\"async\" class=\"alignleft size-medium wp-image-25553\" src=\"https:\/\/revistaepocadigital.com.ar\/wp-content\/uploads\/2024\/06\/tie1-190x300.jpg\" alt=\"\" width=\"190\" height=\"300\" srcset=\"https:\/\/revistaepocadigital.com.ar\/wp-content\/uploads\/2024\/06\/tie1-190x300.jpg 190w, https:\/\/revistaepocadigital.com.ar\/wp-content\/uploads\/2024\/06\/tie1-266x420.jpg 266w, https:\/\/revistaepocadigital.com.ar\/wp-content\/uploads\/2024\/06\/tie1.jpg 418w\" sizes=\"auto, (max-width: 190px) 100vw, 190px\" \/><\/p>\n<p>Despu\u00e9s hizo hincapi\u00e9 el intendente al decir que <strong><em>&#8220;por la labor que llevamos adelante en nuestra gesti\u00f3n en relaci\u00f3n a esta problem\u00e1tica, es que no tenemos grandes asentamientos en Exaltaci\u00f3n de la Cruz&#8221;, <\/em><\/strong>y pormenoriz\u00f3 enseguida, <strong><em>&#8220;hemos venido sacando de a dos o tres familias por d\u00eda de lugares que pretend\u00edan usurpar, por eso hablo de que es un tema que seguimos muy de cerca a diario, que ning\u00fan vecino tenga duda&#8221;.<\/em><\/strong><\/p>\n<p>&#8220;\u00daltimamente no hemos tenido problemas con nuevas tomas de tierras; tenemos los problemas hist\u00f3ricos de siempre en cuanto a usurpaciones efectuadas por gente del distrito, nadie de otros lugares que haya venido a pretender instalarse ac\u00e1. Continuamos observando desde cerca todo lo atinente al tema&#8221;, finaliz\u00f3 diciendo el intendente mientras a nivel nacional, la ministro de seguridad Patricia Bullrich, ha pedido que los los extranjeros que toman tierras sean expulsados del pa\u00eds en forma inmediata.<\/p>\n<p>La publicaci\u00f3n en Facebook:<\/p>\n<p><img loading=\"lazy\" decoding=\"async\" class=\"aligncenter size-full wp-image-25548\" src=\"https:\/\/revistaepocadigital.com.ar\/wp-content\/uploads\/2024\/06\/IMG_3488.jpg\" alt=\"\" width=\"462\" height=\"640\" srcset=\"https:\/\/revistaepocadigital.com.ar\/wp-content\/uploads\/2024\/06\/IMG_3488.jpg 462w, https:\/\/revistaepocadigital.com.ar\/wp-content\/uploads\/2024\/06\/IMG_3488-217x300.jpg 217w, https:\/\/revistaepocadigital.com.ar\/wp-content\/uploads\/2024\/06\/IMG_3488-303x420.jpg 303w\" sizes=\"auto, (max-width: 462px) 100vw, 462px\" \/><\/p>\n","protected":false},"excerpt":{"rendered":"<p>EL INTENDENTE REMARCA LA POSTURA CLARA DEL MUNICIPIO. LA PUBLICACI\u00d3N DE LA DISCORDIA, ADEM\u00c1S ALARM\u00d3 A VECINOS.<\/p>\n","protected":false},"author":4,"featured_media":25551,"comment_status":"open","ping_status":"open","sticky":false,"template":"","format":"standard","meta":{"footnotes":"","jetpack_publicize_message":"","jetpack_publicize_feature_enabled":true,"jetpack_social_post_already_shared":true,"jetpack_social_options":{"image_generator_settings":{"template":"highway","default_image_id":0,"font":"","enabled":false},"version":2}},"categories":[17],"tags":[66,2773],"class_list":["post-25545","post","type-post","status-publish","format-standard","has-post-thumbnail","hentry","category-politica","tag-nanni","tag-toma-tierras"],"jetpack_publicize_connections":[],"jetpack_featured_media_url":"https:\/\/revistaepocadigital.com.ar\/wp-content\/uploads\/2024\/06\/ti2.jpg","jetpack_likes_enabled":true,"_links":{"self":[{"href":"https:\/\/revistaepocadigital.com.ar\/index.php?rest_route=\/wp\/v2\/posts\/25545","targetHints":{"allow":["GET"]}}],"collection":[{"href":"https:\/\/revistaepocadigital.com.ar\/index.php?rest_route=\/wp\/v2\/posts"}],"about":[{"href":"https:\/\/revistaepocadigital.com.ar\/index.php?rest_route=\/wp\/v2\/types\/post"}],"author":[{"embeddable":true,"href":"https:\/\/revistaepocadigital.com.ar\/index.php?rest_route=\/wp\/v2\/users\/4"}],"replies":[{"embeddable":true,"href":"https:\/\/revistaepocadigital.com.ar\/index.php?rest_route=%2Fwp%2Fv2%2Fcomments&post=25545"}],"version-history":[{"count":0,"href":"https:\/\/revistaepocadigital.com.ar\/index.php?rest_route=\/wp\/v2\/posts\/25545\/revisions"}],"wp:featuredmedia":[{"embeddable":true,"href":"https:\/\/revistaepocadigital.com.ar\/index.php?rest_route=\/wp\/v2\/media\/25551"}],"wp:attachment":[{"href":"https:\/\/revistaepocadigital.com.ar\/index.php?rest_route=%2Fwp%2Fv2%2Fmedia&parent=25545"}],"wp:term":[{"taxonomy":"category","embeddable":true,"href":"https:\/\/revistaepocadigital.com.ar\/index.php?rest_route=%2Fwp%2Fv2%2Fcategories&post=25545"},{"taxonomy":"post_tag","embeddable":true,"href":"https:\/\/revistaepocadigital.com.ar\/index.php?rest_route=%2Fwp%2Fv2%2Ftags&post=25545"}],"curies":[{"name":"wp","href":"https:\/\/api.w.org\/{rel}","templated":true}]}}