{"id":25566,"date":"2024-06-27T03:08:16","date_gmt":"2024-06-27T06:08:16","guid":{"rendered":"https:\/\/revistaepocadigital.com.ar\/?p=25566"},"modified":"2024-06-27T03:10:11","modified_gmt":"2024-06-27T06:10:11","slug":"ana-urcelay-vive-en-punta-cana-me-enamore-de-este-paraiso","status":"publish","type":"post","link":"https:\/\/revistaepocadigital.com.ar\/?p=25566","title":{"rendered":"ANA URCELAY, VIVE EN PUNTA CANA, &#8220;ME ENAMOR\u00c9 DE ESTE PARA\u00cdSO&#8221;"},"content":{"rendered":"<p><strong>\u00bfCU\u00c1NTOS EXALTACRUCENSES ORIUNDOS, VIVEN EN EL MUNDO?<\/strong><!--more--><\/p>\n<p>Desde hace m\u00e1s de 50 a\u00f1os, j\u00f3venes vecinos exaltacrucenses comenzaron a afrontar grandes desaf\u00edos personales, humanos, profesionales, familiares, y resolvieron partir de la Argentina para buscar nuevos rumbos en otras partes del mundo. El n\u00famero ha sido m\u00e1s notorio a medida que transcurri\u00f3 el tiempo. EPOCA ha reflejado en notas, las historias de vida de algunos que dieron un enorme giro a sus vidas, como lo hizo tambi\u00e9n <strong>Ana Urcelay.<\/strong><\/p>\n<p>La joven mujer capillense convers\u00f3 con EPOCA acerca del camino emprendido desde hace m\u00e1s de cuatro a\u00f1os en<strong> Rep\u00fablica Dominicana,<\/strong> donde se afinc\u00f3.<\/p>\n<figure id=\"attachment_25578\" aria-describedby=\"caption-attachment-25578\" style=\"width: 360px\" class=\"wp-caption aligncenter\"><img loading=\"lazy\" decoding=\"async\" class=\"size-full wp-image-25578\" src=\"https:\/\/revistaepocadigital.com.ar\/wp-content\/uploads\/2024\/06\/urce-66-1.jpg\" alt=\"\" width=\"360\" height=\"640\" srcset=\"https:\/\/revistaepocadigital.com.ar\/wp-content\/uploads\/2024\/06\/urce-66-1.jpg 360w, https:\/\/revistaepocadigital.com.ar\/wp-content\/uploads\/2024\/06\/urce-66-1-169x300.jpg 169w, https:\/\/revistaepocadigital.com.ar\/wp-content\/uploads\/2024\/06\/urce-66-1-236x420.jpg 236w\" sizes=\"auto, (max-width: 360px) 100vw, 360px\" \/><figcaption id=\"caption-attachment-25578\" class=\"wp-caption-text\">Ana Urcelay, establecida en Punta Cana, Rep\u00fablica Dominicana. Trabaja en el sector de Turismo.<\/figcaption><\/figure>\n<p><strong style=\"font-size: 15px; color: #222222;\"><em>&#8220;Estoy viviendo en Punta Cana, Rep\u00fablica Dominicana hace m\u00e1s de cuatro a\u00f1os. Eleg\u00ed este lugar porque me enamor\u00e9 de lo que es, un verdadero para\u00edso como lo sent\u00ed desde la primera vez que vine de vacaciones en el a\u00f1o&#8221;,<\/em><\/strong><span style=\"font-size: 15px; color: #222222;\"> comenta Ana Urcelay, abogada, profesi\u00f3n en la que se desempe\u00f1aba hasta que resolvi\u00f3 radicarse en el pa\u00eds de Centroam\u00e9rica.<\/span><\/p>\n<p><strong><em>&#8220;Amo el mar, los paisajes, la cultura &#8211;<\/em><\/strong>confiesa Ana-<strong><em>, la gente y todas las actividades que se pueden realizar ac\u00e1 en Rep\u00fablica Dominicana<\/em><\/strong>&#8220;, y cuenta que <strong><em>&#8220;en 2018 me cas\u00e9 con un hombre de nacionalidad dominicana, y tres a\u00f1os m\u00e1s tarde en 2021 me divorci\u00e9&#8221;.<\/em><\/strong><\/p>\n<p>En la <strong>Argentina, Urcelay<\/strong> ejerc\u00eda como abogada como ha quedado dicho. En tanto, en Rep\u00fablica Dominicana no s\u00f3lo su vida cambi\u00f3, tambi\u00e9n su ocupaci\u00f3n,<strong><em> &#8220;me dedico al turismo y me encanta; me ocupo de atender turistas que llegan de distintas partes del mundo, me encargo de sus traslados desde el aeropuerto a los hoteles, sus salidas, sus excursiones, y m\u00e1s aspectos vinculados al turismo&#8221;.<\/em><\/strong><\/p>\n<figure id=\"attachment_25580\" aria-describedby=\"caption-attachment-25580\" style=\"width: 324px\" class=\"wp-caption aligncenter\"><img loading=\"lazy\" decoding=\"async\" class=\"size-full wp-image-25580\" src=\"https:\/\/revistaepocadigital.com.ar\/wp-content\/uploads\/2024\/06\/urce-4.jpg\" alt=\"\" width=\"324\" height=\"432\" srcset=\"https:\/\/revistaepocadigital.com.ar\/wp-content\/uploads\/2024\/06\/urce-4.jpg 324w, https:\/\/revistaepocadigital.com.ar\/wp-content\/uploads\/2024\/06\/urce-4-225x300.jpg 225w, https:\/\/revistaepocadigital.com.ar\/wp-content\/uploads\/2024\/06\/urce-4-315x420.jpg 315w\" sizes=\"auto, (max-width: 324px) 100vw, 324px\" \/><figcaption id=\"caption-attachment-25580\" class=\"wp-caption-text\">Junto a turistas, en parte de su actividad actual.<\/figcaption><\/figure>\n<p>Acerca de la vida en Punta Cana donde vive precisamente, uno de los puntos tur\u00edsticos m\u00e1s requeridos por los argentinos as\u00ed como turistas de otras nacionalidades, apoyados en las espl\u00e9ndidas playas, el mar, las temperaturas y las atracciones que ofrece el lugar, Ana pone un toque de realidad acerca de la vida diaria, <em><strong>&#8220;Vivir en Punta Cana es caro en relaci\u00f3n con el resto de Rep\u00fablica Dominicana. La canasta b\u00e1sica, la renta de apartamentos y la luz el\u00e9ctrica, resultan m\u00e1s caro que el resto del pa\u00eds. Para tener una referencia, puedo decir que alquilar un apartamento en un barrio residencial, que cuente con servicio de seguridad privada, oscila entre 450 y 700 d\u00f3lares como m\u00ednimo, dependiendo de la ubicaci\u00f3n&#8221;.<\/strong><\/em><\/p>\n<p>A modo ilustrativo y muy interesante, apunta<strong><em> &#8220;en lo que tiene que ver con un almuerzo t\u00edpico dominicano, o bien una cena econ\u00f3mica cuesta entre 350 y 1000 pesos dominicanos, a lo que hay que sumar la bebida, de todas formas existen muchas opciones en lo que hace a restaurantes en Punta Cana&#8221;.<\/em><\/strong><\/p>\n<p>En cuanto a la seguridad, que tanto desvela a los argentinos en la vida cotidiana en la Argentina, la mujer al referirse a Punta Cana indica que <strong><em>&#8220;es muy seguro, y se caracteriza por tener muchos operativos policiales preventivos, y otros operativos de migraci\u00f3n para indocumentados&#8221;.<\/em><\/strong><\/p>\n<p><strong><em>&#8220;Se lleva una vida m\u00e1s relajada comparada con la Argentina<\/em><\/strong> -sostiene-,<em><strong> con menos cosas y m\u00e1s feliz. Adem\u00e1s, a diferencia de lo que se ha dado en nuestro pa\u00eds desde hace muchos a\u00f1os, la econom\u00eda en Rep\u00fablica Dominicana es estable. Estamos hablando de un pa\u00eds en franco crecimiento, y que recibe muchas inversiones extranjeras&#8221;.<\/strong><\/em><\/p>\n<p style=\"text-align: center;\"><span style=\"color: #ff0000;\"><strong>&#8212;&#8212;&#8212;&#8212;&#8212;&#8212;&#8212;&#8212;&#8212;&#8212;&#8212;&#8212;<\/strong><\/span><\/p>\n<p><em>Rep\u00fablica Dominicana es un pa\u00eds del Caribe que comparte la isla La Espa\u00f1ola con Hait\u00ed al oeste. Es conocida por sus playas, centros tur\u00edsticos y \u00e1reas de golf. Su terreno incluye bosques tropicales, sabana y tierras altas, incluida Pico Duarte, la monta\u00f1a m\u00e1s alta del Caribe.<\/em><\/p>\n<p><em> La capital Santo Domingo tiene elementos de estilo espa\u00f1ol, como la Catedral Primada de Am\u00e9rica de estilo g\u00f3tico, que tiene cinco siglos de antig\u00fcedad, en su distrito Zona Colonial. La moneda del pa\u00eds es el peso dominicano, el idioma oficial es espa\u00f1ol y el actual presidente es desde 2020 (reelecto hace poco por cuatro a\u00f1os m\u00e1s) Luis Abinader de 56 a\u00f1os; pertenece al partido revolucionario moderno y es economista y empresario.<\/em><\/p>\n<p><em>La poblaci\u00f3n de Rep\u00fablica Dominicana es de 11.117.873 de habitantes, y la densidad poblacional es de 228 habitantes por km2.<\/em><\/p>\n<p style=\"text-align: center;\"><span style=\"color: #ff0000;\"><strong>&#8212;&#8212;&#8212;&#8212;&#8212;&#8212;&#8212;&#8212;&#8212;&#8212;&#8212;&#8212;<\/strong><\/span><\/p>\n<figure id=\"attachment_25582\" aria-describedby=\"caption-attachment-25582\" style=\"width: 310px\" class=\"wp-caption alignleft\"><img loading=\"lazy\" decoding=\"async\" class=\"size-full wp-image-25582\" src=\"https:\/\/revistaepocadigital.com.ar\/wp-content\/uploads\/2024\/06\/urce1.jpg\" alt=\"\" width=\"310\" height=\"265\" srcset=\"https:\/\/revistaepocadigital.com.ar\/wp-content\/uploads\/2024\/06\/urce1.jpg 310w, https:\/\/revistaepocadigital.com.ar\/wp-content\/uploads\/2024\/06\/urce1-300x256.jpg 300w\" sizes=\"auto, (max-width: 310px) 100vw, 310px\" \/><figcaption id=\"caption-attachment-25582\" class=\"wp-caption-text\">Trabajo y disfrutar con turistas.<\/figcaption><\/figure>\n<p>Sobre otros aspectos de la vida en aquel pa\u00eds, agrega <strong><em>Ana, &#8220;como he contado, ac\u00e1 la econom\u00eda en muy estable; por ejemplo, la inflaci\u00f3n interanual en abril pasado fue de 3.03 %, con lo cual Rep\u00fablica Dominicana se encontrar\u00eda entre los pa\u00edses con menor inflaci\u00f3n de Am\u00e9rica Latina, si se excluye a econom\u00edas dolarizadas como Panam\u00e1, Ecuador y El Salvador&#8221;.<\/em> <\/strong>Y agrega, <strong><em>&#8220;el tipo de cambio es de 1 d\u00f3lar igual a $58,7776 pesos dominicanos y respecto al sueldo m\u00ednimo nacional, es de 19.352,50 pesos, equivalentes a unos 300 d\u00f3lares&#8221;,<\/em> <\/strong>y en cuanto a la diferencia horaria entre Punta Cana y la Argentina es de una hora menos que en nuestro pa\u00eds.<\/p>\n<p><strong><em>&#8220;Es dif\u00edcil dejar todo y cambiar rotundamente tu vida<\/em><\/strong> <em><strong>como yo hice<\/strong><\/em> -admite Ana-; <strong><em>se extra\u00f1a mucho no poder compartir con la familia y con los amigos de la Argentina, pero bueno, vivir ac\u00e1 me significa una hermosa experiencia de vida&#8221;.<\/em><\/strong><\/p>\n<p><strong><em>&#8220;S\u00ed, hay choques culturales en distintos aspectos, por contar uno, se nota en los sabores distintos que uno aprende, como por ejemplo la habichuela con dulce; ac\u00e1 es una tradici\u00f3n comer habichuela con dulce para Semana Santa. Se prepara con habichuelas, batatas, leche condensada, leche Carnation, leche de coco, az\u00facar, pasas de uvas, canela y leche de coco; \u00a1tambi\u00e9n estoy hecha una cocinera, ja!. Y siguiendo con las diferencias culturales, tambi\u00e9n se notan en el lenguaje de todos los d\u00edas y sus significados diferentes. &#8220;Ahorita&#8221; para un dominicano significa que habla para dentro de 6 a 8 horas, en cambio para un argentino significa que es r\u00e1pido, es ahora. Me gusta, me gusta mucho la alegr\u00eda de la gente dominicana, todos siempre est\u00e1n dispuestos a ayudarte&#8221;.<\/em><\/strong><\/p>\n<p>Y ya en su rol de especialista en turismo, la mujer capillense sugiere visitar Rep\u00fablica Dominicana, &#8220;<strong><em>hay muchas opciones para pasar unas lindas vacaciones, mi recomendaci\u00f3n es que en lo posible, visiten Rep\u00fablica Dominicana por lo menos dos o tres veces para que puedan conocer los puntos tur\u00edsticos m\u00e1s importantes del pa\u00eds, como lo son Punta Cana, Bayahibe, Santo Domingo y Santa Barbara de Saman\u00e1, y desde ya saber m\u00e1s de su cultura y la gente&#8221;.<\/em><\/strong><\/p>\n<p>En materia tur\u00edstica, m\u00faltiples son las actividades que propone Rep\u00fablica Dominicana, <strong><em>&#8220;hay muchas cosas lindas para hacer: parasailing, party boat, buggies en Playa Macao, safari, pesca en alta mar, el city tour Higuey-Punta Cana, el city tour por Santo Domingo. Tambi\u00e9n bucear en Isla Catalina, zipline en Anamuya, Cocobongo, Imagine que es una Disco en una cueva!, Altos de Chav\u00f3n, y mi excursi\u00f3n favorita, ir a Isla Saona&#8221;.<\/em><\/strong><\/p>\n<figure id=\"attachment_25583\" aria-describedby=\"caption-attachment-25583\" style=\"width: 280px\" class=\"wp-caption alignright\"><img loading=\"lazy\" decoding=\"async\" class=\"size-full wp-image-25583\" src=\"https:\/\/revistaepocadigital.com.ar\/wp-content\/uploads\/2024\/06\/urce55.jpg\" alt=\"\" width=\"280\" height=\"498\" srcset=\"https:\/\/revistaepocadigital.com.ar\/wp-content\/uploads\/2024\/06\/urce55.jpg 280w, https:\/\/revistaepocadigital.com.ar\/wp-content\/uploads\/2024\/06\/urce55-169x300.jpg 169w, https:\/\/revistaepocadigital.com.ar\/wp-content\/uploads\/2024\/06\/urce55-236x420.jpg 236w\" sizes=\"auto, (max-width: 280px) 100vw, 280px\" \/><figcaption id=\"caption-attachment-25583\" class=\"wp-caption-text\">La mujer capillense, relata como es su vida en Rep. Dominicana.<\/figcaption><\/figure>\n<p>&#8220;<em><strong>Vivir aqu\u00ed es distinto &#8211;<\/strong><\/em>remarca Ana Urcelay-,<em><strong> se aprenden siempre cosas nuevas y se trabaja mucho, es m\u00e1s \u00a1no hay feriados para el turismo, ja! C<\/strong><strong>uando quieran venir a Punta Cana, pueden contactarme para organizarles los traslados y excursiones. Y desde ya, aprovecho tambi\u00e9n esta charla con la revista EPOCA, para enviar saludos y abrazos para mi familia, amigos y vecinos de Capilla del Se\u00f1or!&#8221;.<\/strong><\/em><\/p>\n<p>nota en desarrollo<\/p>\n<p>&nbsp;<\/p>\n","protected":false},"excerpt":{"rendered":"<p>\u00bfCU\u00c1NTOS EXALTACRUCENSES ORIUNDOS, VIVEN EN EL MUNDO?<\/p>\n","protected":false},"author":4,"featured_media":25576,"comment_status":"open","ping_status":"open","sticky":false,"template":"","format":"standard","meta":{"footnotes":"","jetpack_publicize_message":"","jetpack_publicize_feature_enabled":true,"jetpack_social_post_already_shared":true,"jetpack_social_options":{"image_generator_settings":{"template":"highway","default_image_id":0,"font":"","enabled":false},"version":2}},"categories":[15],"tags":[2774,2775,37],"class_list":["post-25566","post","type-post","status-publish","format-standard","has-post-thumbnail","hentry","category-lo-que-tenes-que-saber","tag-ana-urcelay","tag-capillense-por-el-mundo","tag-destacada"],"jetpack_publicize_connections":[],"jetpack_featured_media_url":"https:\/\/revistaepocadigital.com.ar\/wp-content\/uploads\/2024\/06\/urce-2.jpg","jetpack_likes_enabled":true,"_links":{"self":[{"href":"https:\/\/revistaepocadigital.com.ar\/index.php?rest_route=\/wp\/v2\/posts\/25566","targetHints":{"allow":["GET"]}}],"collection":[{"href":"https:\/\/revistaepocadigital.com.ar\/index.php?rest_route=\/wp\/v2\/posts"}],"about":[{"href":"https:\/\/revistaepocadigital.com.ar\/index.php?rest_route=\/wp\/v2\/types\/post"}],"author":[{"embeddable":true,"href":"https:\/\/revistaepocadigital.com.ar\/index.php?rest_route=\/wp\/v2\/users\/4"}],"replies":[{"embeddable":true,"href":"https:\/\/revistaepocadigital.com.ar\/index.php?rest_route=%2Fwp%2Fv2%2Fcomments&post=25566"}],"version-history":[{"count":0,"href":"https:\/\/revistaepocadigital.com.ar\/index.php?rest_route=\/wp\/v2\/posts\/25566\/revisions"}],"wp:featuredmedia":[{"embeddable":true,"href":"https:\/\/revistaepocadigital.com.ar\/index.php?rest_route=\/wp\/v2\/media\/25576"}],"wp:attachment":[{"href":"https:\/\/revistaepocadigital.com.ar\/index.php?rest_route=%2Fwp%2Fv2%2Fmedia&parent=25566"}],"wp:term":[{"taxonomy":"category","embeddable":true,"href":"https:\/\/revistaepocadigital.com.ar\/index.php?rest_route=%2Fwp%2Fv2%2Fcategories&post=25566"},{"taxonomy":"post_tag","embeddable":true,"href":"https:\/\/revistaepocadigital.com.ar\/index.php?rest_route=%2Fwp%2Fv2%2Ftags&post=25566"}],"curies":[{"name":"wp","href":"https:\/\/api.w.org\/{rel}","templated":true}]}}