{"id":25603,"date":"2024-06-30T19:25:39","date_gmt":"2024-06-30T22:25:39","guid":{"rendered":"https:\/\/revistaepocadigital.com.ar\/?p=25603"},"modified":"2024-07-01T13:41:56","modified_gmt":"2024-07-01T16:41:56","slug":"la-violencia-de-genero-en-la-mira-de-la-secretaria-de-desarrollo-de-la-comunidad","status":"publish","type":"post","link":"https:\/\/revistaepocadigital.com.ar\/?p=25603","title":{"rendered":"LA VIOLENCIA DE G\u00c9NERO EN LA MIRA DE LA  SECRETARIA DE DESARROLLO DE LA COMUNIDAD"},"content":{"rendered":"<p><strong>EL VIDEO DIVULGADO, CONTENIENDO IM\u00c1GENES DE UN CASO DE VIOLENCIA DE G\u00c9NERO SUCEDIDO EN MAYO PASADO EN EL BARRIO SAKURA DE EXALTACI\u00d3N DE LA CRUZ, GENER\u00d3 CONTROVERSIAS<\/strong>.<!--more--><\/p>\n<p>Dio precisiones, ampli\u00f3 sobre la seria problem\u00e1tica vinculada a la violencia de g\u00e9nero y neg\u00f3 tirantez con el Fiscal Esperante a cargo de la Fiscal\u00eda en Capilla del Se\u00f1or; la Secretaria de Desarrollo de la Comunidad del municipio de Exaltaci\u00f3n de la Cruz, <strong>Vanesa Russo.<\/strong><\/p>\n<p><em>&#8220;Acerca del video en cuesti\u00f3n, donde fue mostrado un caso de violencia de g\u00e9nero en nuestro distrito, entiendo que apareci\u00f3 por primera vez en Infobae, una chica violentada por su pareja, ocurri\u00f3 en el mes de mayo pasado en un gimnasio en el Barrio Sakura. Desconozco al momento como pudo llegar a difundirse. Cuando supe de hecho me puse en contacto con la Directora de G\u00e9nero y Diversidad, Sandra Conte, dependiente de mi Secretar\u00eda, para preguntar como hab\u00eda podido emitirse, porque las normativas vigentes son claras en esos casos, est\u00e1 prohibido emitir ese tipo de im\u00e1genes<\/em>&#8220;, dijo la funcionaria.<\/p>\n<p>Despu\u00e9s sostuvo Russo, &#8220;t<em>ampoco entend\u00ed porque al conocerse las im\u00e1genes del mencionado video, vi publicaciones mencionando que como Secretar\u00eda de Desarrollo de la Comunidad, podr\u00eda haber planteado alguna clase de cuestionamiento al Fiscal Esperante. En modo alguno se me pudo ocurrir efectuarle alg\u00fan planteo al fiscal por la divulgaci\u00f3n de esas im\u00e1genes. Puedo imaginar que difundirlas y despu\u00e9s mencionar un cuestionamiento al Fiscal, pudo tener la intenci\u00f3n de unos medios para ocasionar un conflicto entre la secretar\u00eda que encabezo, la gesti\u00f3n municipal y la justicia; para mi hubo en juego intereses pol\u00edticos partidarios&#8221;.<\/em><\/p>\n<p>Y reiter\u00f3, <em>&#8220;por eso insisto, no existi\u00f3 nada de lo que se public\u00f3, es mas hemos venido trabajando con la Fiscal\u00eda en numerosos casos de violencia de g\u00e9nero, y tambi\u00e9n por supuesto incluyo a \u00e1reas del municipio como seguridad, polic\u00eda, salud mental, acci\u00f3n social, todos siempre con el objetivo inicial de contener situaciones de esta naturaleza, y luego ofrecer alternativas para que no vuelvan a sucederse&#8221;.<\/em><\/p>\n<p><em>&#8220;No descubro nada<\/em> -consider\u00f3 Russo- <em>si digo que el tema de la violencia de g\u00e9nero es muy serio en el pa\u00eds y el mundo, Exaltaci\u00f3n de la Cruz, si bien en mucha menor medida, no est\u00e1 exento. La problem\u00e1tica nos lleva a un trabajo intensivo y a diario. En junio \u00faltimos tuvimos 35 intervenciones en las que debimos actuar y fueron 78 los seguimientos de casos de violencia de g\u00e9nero. Es un trabajo constante, y siempre tratamos en casos de violencia de g\u00e9nero, de proteger a las v\u00edctima del agresor. Acaso cuesta ver a\u00fan por parte de nuestra comunidad, a gente en las calles con algunos desequilibrios, bueno de esos casos tambi\u00e9n nos ocupamos en forma permanente&#8221;.<\/em><\/p>\n<p><img loading=\"lazy\" decoding=\"async\" class=\"alignleft size-full wp-image-25615\" src=\"https:\/\/revistaepocadigital.com.ar\/wp-content\/uploads\/2024\/06\/russo-v.jpg\" alt=\"\" width=\"411\" height=\"592\" srcset=\"https:\/\/revistaepocadigital.com.ar\/wp-content\/uploads\/2024\/06\/russo-v.jpg 411w, https:\/\/revistaepocadigital.com.ar\/wp-content\/uploads\/2024\/06\/russo-v-208x300.jpg 208w, https:\/\/revistaepocadigital.com.ar\/wp-content\/uploads\/2024\/06\/russo-v-292x420.jpg 292w\" sizes=\"auto, (max-width: 411px) 100vw, 411px\" \/><\/p>\n<p>&#8220;<em>Insisto, la normativa del ministerio de la mujer de la provincia de Buenos Aires, es clara. No pueden difundirse im\u00e1genes de casos de violencia de g\u00e9nero, por lo que no he podido entender como ese material llev\u00f3 a manos de Infobae, y reitero, jam\u00e1s se me ocurri\u00f3 decir que Esperante pudiera haber dado a conocer tan lamentable hecho prohibido en nuestro pa\u00eds&#8221;.<\/em><\/p>\n<p><em>&#8220;Desde la Direcci\u00f3n en todas sus \u00e1reas, estamos todo el tiempo en procesos de violencia de genero, atender y contener a las v\u00edctimas y a la vez localizar al victimario, y en ese rumbo no tenemos cita prevista con el fiscal ni cr\u00edticas algunas hacia su desempe\u00f1o&#8221;<\/em><\/p>\n<p>&nbsp;<\/p>\n<pre><em>La Secretaria de Desarrollo de la Comunidad<\/em>.<\/pre>\n<p>Por \u00faltimo Russo en torno a la violencia de g\u00e9nero expres\u00f3 que <em>&#8220;existen patolog\u00edas y otras adicionales en un contexto actual muy dif\u00edcil, en donde adem\u00e1s hay un complejo vac\u00edo legal respeto a varios aspectos, y en particular respecto al agresor. No hay trabajos sobre el agresor; el violento vive igual y pese a que entre a una c\u00e1arcel, al salir suelen repetirse los episodios de violencia de g\u00e9nero. La legislaci\u00f3n actual, estable penas de 6 meses a un a\u00f1o, y cuando las personas salen de la c\u00e1rcel, contin\u00faan de la misma manera y se reiteran situaciones muy sensibles y dif\u00edciles, y adem\u00e1s se adolece de la contenci\u00f3n familiar, y en esto como en la concientizaci\u00f3n general hay que seguir trabajando muy fuerte&#8221;<\/em><\/p>\n<p style=\"text-align: center;\"><strong>&#8212;&#8212;&#8212;&#8212;&#8212;&#8212;<\/strong><\/p>\n<div dir=\"ltr\"><strong>Datos<\/strong> sobre lo actuado por la Secretar\u00eda de Desarrollo de la Comunidad en c casos de violencia de g\u00e9nero:<\/div>\n<div dir=\"ltr\"><\/div>\n<div dir=\"ltr\">Ingreso de situaciones del 01\/06\/2024 al 28\/06\/2024= 36<\/div>\n<div dir=\"ltr\">Intervenciones realizadas 01\/06\/2024 al 28\/06\/2024= 73<\/div>\n<div dir=\"ltr\" style=\"text-align: center;\"><strong>&#8212;&#8212;&#8212;&#8212;&#8212;&#8212;<\/strong><\/div>\n<div dir=\"ltr\"><\/div>\n<div dir=\"ltr\">Ac\u00e1, el informe brindado a Russo por la Directora de G\u00e9nero y Diversidad:<\/div>\n<div dir=\"ltr\"><\/div>\n<div dir=\"ltr\"><\/div>\n<div dir=\"ltr\">\n<audio class=\"wp-audio-shortcode\" id=\"audio-25603-1\" preload=\"none\" style=\"width: 100%;\" controls=\"controls\"><source type=\"audio\/mpeg\" src=\"https:\/\/revistaepocadigital.com.ar\/wp-content\/uploads\/2024\/06\/AUDIO-2024-06-28-12-50-12-1.m4a?_=1\" \/><a href=\"https:\/\/revistaepocadigital.com.ar\/wp-content\/uploads\/2024\/06\/AUDIO-2024-06-28-12-50-12-1.m4a\">https:\/\/revistaepocadigital.com.ar\/wp-content\/uploads\/2024\/06\/AUDIO-2024-06-28-12-50-12-1.m4a<\/a><\/audio>\n<\/div>\n<div dir=\"ltr\"><\/div>\n<div dir=\"ltr\">\n<audio class=\"wp-audio-shortcode\" id=\"audio-25603-2\" preload=\"none\" style=\"width: 100%;\" controls=\"controls\"><source type=\"audio\/mpeg\" src=\"https:\/\/revistaepocadigital.com.ar\/wp-content\/uploads\/2024\/06\/AUDIO-2024-06-28-12-50-12-2.m4a?_=2\" \/><a href=\"https:\/\/revistaepocadigital.com.ar\/wp-content\/uploads\/2024\/06\/AUDIO-2024-06-28-12-50-12-2.m4a\">https:\/\/revistaepocadigital.com.ar\/wp-content\/uploads\/2024\/06\/AUDIO-2024-06-28-12-50-12-2.m4a<\/a><\/audio>\n<\/div>\n<div dir=\"ltr\" style=\"text-align: center;\"><strong>&#8212;&#8212;&#8212;&#8212;&#8212;&#8212;<\/strong><\/div>\n<div dir=\"ltr\"><\/div>\n<div dir=\"ltr\">A su vez, desde la Secretar\u00eda de Desarrollo de la Comunidad sostienen, <em>&#8220;a quienes nos vienen con el discurso de que de ese modo &#8220;colaboran en la prevenci\u00f3n&#8221;, les decimos con certeza que no es cierto. Nos dar\u00edan una mano enorme si realmente quisieran colaborar difundiendo nuestras campa\u00f1as de prevenci\u00f3n en sus medios y en sus redes digitales&#8221;.<\/em><\/div>\n<div dir=\"ltr\"><\/div>\n<div dir=\"ltr\"><em>&#8220;Por si les queda alguna duda <\/em>-apuntaron-,<em> compartimos una de las sugerencias de la Defensor\u00eda del P\u00fablico de Servicios de Comunicaci\u00f3n Audiovisual para el abordaje medi\u00e1tico de las violencias por motivos de g\u00e9nero en la que expl\u00edcitamente &#8220;se sugiere evitar la difusi\u00f3n del nombre, la imagen, la voz o cualquier otro dato que permita identificar a una persona en situaci\u00f3n de violencia sin su consentimiento expl\u00edcito. Se recomienda no reproducir sin autorizaci\u00f3n los videos, im\u00e1genes y\/o registros de voz, aunque est\u00e9n blureados o distorsionados, ni brindar datos personales de la persona en situaci\u00f3n de violencia si no existe aceptaci\u00f3n (&#8230;) Por esto, se sugiere contar con autorizaci\u00f3n de la fiscal\u00eda interviniente&#8221;.<\/em><\/div>\n<div dir=\"ltr\" style=\"text-align: center;\"><\/div>\n<div dir=\"ltr\" style=\"text-align: center;\"><strong>&#8212;&#8212;&#8212;&#8212;&#8212;&#8212;<\/strong><\/div>\n<div dir=\"ltr\"><\/div>\n<div dir=\"ltr\"><strong>Recomendaciones de la Direcci\u00f3n de G\u00e9nero y Diversidades,\u00a0Secretar\u00eda de Desarrollo de la Comunidad:<\/strong><\/div>\n<div dir=\"ltr\"><\/div>\n<div dir=\"ltr\">Gu\u00eda completa en este enlace <a href=\"https:\/\/defensadelpublico.gob.ar\/wp-content\/uploads\/2022\/03\/recomendaciones-tratamiento-mediatico-de-las-violencias-por-motivos-de-generos.pdf\" target=\"_blank\" rel=\"noopener\">https:\/\/defensadelpublico.gob.ar\/wp-content\/uploads\/2022\/03\/recomendaciones-tratamiento-mediatico-de-las-violencias-por-motivos-de-generos.pdf<\/a><\/div>\n<div dir=\"ltr\"><\/div>\n<div dir=\"ltr\"><\/div>\n","protected":false},"excerpt":{"rendered":"<p>EL VIDEO DIVULGADO, CONTENIENDO IM\u00c1GENES DE UN CASO DE VIOLENCIA DE G\u00c9NERO SUCEDIDO EN MAYO PASADO EN EL BARRIO SAKURA DE EXALTACI\u00d3N DE LA CRUZ, GENER\u00d3 CONTROVERSIAS.<\/p>\n","protected":false},"author":4,"featured_media":25613,"comment_status":"open","ping_status":"open","sticky":false,"template":"","format":"standard","meta":{"footnotes":"","jetpack_publicize_message":"","jetpack_publicize_feature_enabled":true,"jetpack_social_post_already_shared":true,"jetpack_social_options":{"image_generator_settings":{"template":"highway","default_image_id":0,"font":"","enabled":false},"version":2}},"categories":[13],"tags":[2778,621],"class_list":["post-25603","post","type-post","status-publish","format-standard","has-post-thumbnail","hentry","category-interes-general","tag-vanessa-russo","tag-violencia-de-genero"],"jetpack_publicize_connections":[],"jetpack_featured_media_url":"https:\/\/revistaepocadigital.com.ar\/wp-content\/uploads\/2024\/06\/Violencia-de-genero.jpg","jetpack_likes_enabled":true,"_links":{"self":[{"href":"https:\/\/revistaepocadigital.com.ar\/index.php?rest_route=\/wp\/v2\/posts\/25603","targetHints":{"allow":["GET"]}}],"collection":[{"href":"https:\/\/revistaepocadigital.com.ar\/index.php?rest_route=\/wp\/v2\/posts"}],"about":[{"href":"https:\/\/revistaepocadigital.com.ar\/index.php?rest_route=\/wp\/v2\/types\/post"}],"author":[{"embeddable":true,"href":"https:\/\/revistaepocadigital.com.ar\/index.php?rest_route=\/wp\/v2\/users\/4"}],"replies":[{"embeddable":true,"href":"https:\/\/revistaepocadigital.com.ar\/index.php?rest_route=%2Fwp%2Fv2%2Fcomments&post=25603"}],"version-history":[{"count":0,"href":"https:\/\/revistaepocadigital.com.ar\/index.php?rest_route=\/wp\/v2\/posts\/25603\/revisions"}],"wp:featuredmedia":[{"embeddable":true,"href":"https:\/\/revistaepocadigital.com.ar\/index.php?rest_route=\/wp\/v2\/media\/25613"}],"wp:attachment":[{"href":"https:\/\/revistaepocadigital.com.ar\/index.php?rest_route=%2Fwp%2Fv2%2Fmedia&parent=25603"}],"wp:term":[{"taxonomy":"category","embeddable":true,"href":"https:\/\/revistaepocadigital.com.ar\/index.php?rest_route=%2Fwp%2Fv2%2Fcategories&post=25603"},{"taxonomy":"post_tag","embeddable":true,"href":"https:\/\/revistaepocadigital.com.ar\/index.php?rest_route=%2Fwp%2Fv2%2Ftags&post=25603"}],"curies":[{"name":"wp","href":"https:\/\/api.w.org\/{rel}","templated":true}]}}