{"id":25628,"date":"2024-06-30T21:02:43","date_gmt":"2024-07-01T00:02:43","guid":{"rendered":"https:\/\/revistaepocadigital.com.ar\/?p=25628"},"modified":"2024-06-30T21:02:43","modified_gmt":"2024-07-01T00:02:43","slug":"fibra-optica-en-los-barrios-la-verdad-y-exaltacion-y-las-tarifas-de-luz-el-informe-de-cepral","status":"publish","type":"post","link":"https:\/\/revistaepocadigital.com.ar\/?p=25628","title":{"rendered":"FIBRA \u00d3PTICA EN LOS BARRIOS LA VERDAD Y EXALTACI\u00d3N Y LAS TARIFAS DE LUZ. EL INFORME DE CEPRAL"},"content":{"rendered":"<p><strong>En Contacto! EL INFORME DEL CONSEJO DE ADMINISTRACI\u00d3N. <\/strong><!--more--><\/p>\n<p>Estimados vecinos y usuarios:<\/p>\n<p>Compartimos informaci\u00f3n de su inter\u00e9s.<\/p>\n<p><strong>Servicio El\u00e9ctrico:<\/strong> Como lo venimos comunicando durante los n\u00fameros anteriores, les reiteramos la necesidad de hacer un uso racional de energ\u00eda el\u00e9ctrica, atento a las nuevas condiciones fijadas por el Gobierno Nacional.<\/p>\n<p>Como es es p\u00fablico conocimiento, se aprobaron los nuevos cuadros tarifarios para el Sector El\u00e9ctrico, retroactivos al 1\u00b0 de junio, que ya lo vemos reflejado en las facturas de este mes. Recordamos una vez m\u00e1s que Cepral no tiene potestad para fijar las tarifas, sino que est\u00e1 obligada a aplicar lo que le dicta el Organismo de aplicaci\u00f3n (OCEBA), los organismos nacionales y provinciales.<\/p>\n<p>En el marco de la Reestructuraci\u00f3n del R\u00e9gimen de Subsidios a la energ\u00eda dispuesto a nivel nacional por el Decreto N\u00ba 465\/2024 y la Resoluci\u00f3n SE N\u00ba 90\/2024 se informa que: todos los beneficiarios de TARIFA SOCIAL que no se han inscripto en el RASE deber\u00e1n hacerlo antes de 31 de agosto de 2024 para poder mantener la condici\u00f3n de tal. De no inscribirse pasaran en forma autom\u00e1tica a la categor\u00eda N1 debiendo pagar la tarifa plena.<\/p>\n<p>Por otra parte, el pasado martes 25 de junio a ra\u00edz de un exceso de consumo por conexiones irregulares hemos sufrido el incendio de uno de los transformadores que alimentan de energ\u00eda al barrio Arroyo de la Cruz, que ha perjudicado tanto a sus vecinos como a los de otros barrios.<\/p>\n<p><strong>Servicio de Telecomunicaciones:<\/strong> Continuamos con las altas en el barrio La Verdad.<\/p>\n<p>Avanzamos en el tendido de la red para cablear todo el barrio Parque Exaltaci\u00f3n, fecha estimada de comienzo de altas 1\u00b0 de Agosto.<\/p>\n<p>Continuando con las pol\u00edticas de liberaci\u00f3n de precios, El ENACOM (Ente Nacional de Telecomunicaciones) elimin\u00f3 las regulaciones que establec\u00edan un tope a las tarifas de internet, celulares y cable. El l\u00edmite de los aumentos era de entre el 5% y 10% mensual y ahora deja de regir, con lo cual las empresas tienen la libertad para fijar los precios que consideren m\u00e1s convenientes. Esto comenzar\u00eda a regir a partir de julio.<\/p>\n<p><strong>Temporada de Poda<\/strong>: una vez m\u00e1s les solicitamos a nuestros vecinos que por favor tomen los recaudos necesarios y trabajen con personal id\u00f3neo en sus podas domiciliarias.<\/p>\n<p>Evitemos los cortes no programados, la interrupci\u00f3n de los servicios y los altos costos en los que tenemos que incurrir para solucionar los da\u00f1os ocasionados.<\/p>\n<p>Quedamos a disposici\u00f3n de nuestros usuarios por todas nuestras v\u00edas de comunicaci\u00f3n, ante cualquier inquietud que pueda surgirles.<\/p>\n<p>Agradecemos el respaldo y el reconocimiento de nuestros vecinos, que son nuestra raz\u00f3n de ser.<\/p>\n<p><strong>Consejo de Administraci\u00f3n<\/strong><br \/>\n<strong>Cepral<\/strong><\/p>\n<p>&nbsp;<\/p>\n<table class=\"ydp67147be9yiv9420444282r7-o\" border=\"0\" width=\"100%\" cellspacing=\"0\" cellpadding=\"0\" align=\"center\">\n<tbody>\n<tr>\n<td class=\"ydp67147be9yiv9420444282r9-i\">\n<table border=\"0\" width=\"100%\" cellspacing=\"0\" cellpadding=\"0\">\n<tbody>\n<tr>\n<th class=\"ydp67147be9yiv9420444282r5-c\" valign=\"top\" width=\"100%\">\n<table class=\"ydp67147be9yiv9420444282r10-o\" border=\"0\" width=\"100%\" cellspacing=\"0\" cellpadding=\"0\" align=\"left\">\n<tbody>\n<tr>\n<td class=\"ydp67147be9yiv9420444282r12-i ydp67147be9yiv9420444282nl2go-default-textstyle\" valign=\"top\">\n<div>\n<p>&nbsp;<\/p>\n<p><strong>RECOMENDACIONES<\/strong><\/p>\n<p>&nbsp;<\/p>\n<p><strong>Su Instalaci\u00f3n El\u00e9ctrica Interna debe contar con los dispositivos b\u00e1sicos de seguridad:<\/strong><\/p>\n<ul>\n<li><strong>Disyuntor<\/strong><\/li>\n<li><strong>Llave termomagn\u00e9tica<\/strong><\/li>\n<li><strong>Puesta a tierra y tomas, conectados al circuito de puesta a tierra<\/strong><\/li>\n<li><strong>Cableado normalizado y acorde a la carga existente, entre otros requisitos informados en el Reglamento de Servicio.<\/strong><\/li>\n<\/ul>\n<p>&nbsp;<\/p>\n<p><strong>Rev\u00edsela peri\u00f3dicamente con un electricista matriculado<\/strong><\/p>\n<p><strong>\u00a0\u00a0<\/strong><\/p>\n<\/div>\n<\/td>\n<\/tr>\n<\/tbody>\n<\/table>\n<table class=\"ydp67147be9yiv9420444282r7-o\" border=\"0\" width=\"550\" cellspacing=\"0\" cellpadding=\"0\" align=\"center\">\n<tbody>\n<tr>\n<td class=\"ydp67147be9yiv9420444282r13-i\"><img decoding=\"async\" src=\"https:\/\/ecp.yusercontent.com\/mail?url=https%3A%2F%2F41sau.img.sp1-brevo.net%2Fim%2Fsh%2FHjhfVSLkQJ2Y.jpg%3Fu%3DWtVElij8PJZGdKGqfz9i99ZhF2tgHvTG&amp;t=1719790626&amp;ymreqid=a1e28384-e738-286e-1ca7-ee000501cf00&amp;sig=btYmNegPj9x4.fkMwBXwtA--~D\" border=\"0\" \/><\/td>\n<\/tr>\n<\/tbody>\n<\/table>\n<\/th>\n<\/tr>\n<\/tbody>\n<\/table>\n<\/td>\n<\/tr>\n<\/tbody>\n<\/table>\n<table class=\"ydp67147be9yiv9420444282r7-o\" border=\"0\" width=\"100%\" cellspacing=\"0\" cellpadding=\"0\" align=\"center\">\n<tbody>\n<tr>\n<td class=\"ydp67147be9yiv9420444282r9-i\">\n<table border=\"0\" width=\"100%\" cellspacing=\"0\" cellpadding=\"0\">\n<tbody>\n<tr>\n<th class=\"ydp67147be9yiv9420444282r5-c\" valign=\"top\" width=\"100%\">\n<table class=\"ydp67147be9yiv9420444282r6-o\" border=\"0\" width=\"100%\" cellspacing=\"0\" cellpadding=\"0\">\n<tbody>\n<tr>\n<td class=\"ydp67147be9yiv9420444282r14-i\" valign=\"top\">\n<table border=\"0\" width=\"100%\" cellspacing=\"0\" cellpadding=\"0\">\n<tbody>\n<tr>\n<td class=\"ydp67147be9yiv9420444282r15-c\" align=\"left\">\n<table class=\"ydp67147be9yiv9420444282r10-o\" border=\"0\" width=\"100%\" cellspacing=\"0\" cellpadding=\"0\">\n<tbody>\n<tr>\n<td class=\"ydp67147be9yiv9420444282r16-i ydp67147be9yiv9420444282nl2go-default-textstyle\" valign=\"top\">\n<div>\n<p><strong>Usuarios Residenciales Vulnerables del Servicio P\u00fablico de Energ\u00eda El\u00e9ctrica<\/strong><\/p>\n<p>En el marco de la Reestructuraci\u00f3n del R\u00e9gimen de Subsidios a la energ\u00eda dispuesto a nivel nacional por el Decreto N\u00ba 465\/2024 y la Resoluci\u00f3n SE N\u00ba 90\/2024, recordamos que quienes<strong>\u00a0a la fecha no han realizado la solicitud del subsidio a trav\u00e9s del Registro de Acceso a los Subsidios a la Energ\u00eda (RASE), para ser incorporados al padr\u00f3n de beneficiarios del RASE, como usuarios residenciales de Nivel 2 (Menores Ingresos),\u00a0<\/strong>\u00a0<strong>deben inscribirse en forma individual en el RASE para mantener el beneficio, dentro de un plazo de 60 d\u00edas corridos, contados desde la vigencia de la norma, esto es a partir del d\u00eda 5 de junio de 2024.<\/strong><\/p>\n<p><strong>El plazo de inscripci\u00f3n vence el d\u00eda 4 de agosto de 2024<\/strong>, y el tr\u00e1mite podr\u00e1n realizarlo de la siguiente manera:<\/p>\n<p>1. Completando el formulario de inscripci\u00f3n, que tiene car\u00e1cter de Declaraci\u00f3n Jurada, a trav\u00e9s del siguiente link:\u00a0<a href=\"https:\/\/41sau.r.sp1-brevo.net\/mk\/cl\/f\/sh\/1t6Af4OiGsDg0dtECwUktAHTAZdnnO\/opbRAJ0sBXhw\" target=\"_blank\" rel=\"nofollow noopener\">https:\/\/www.argentina.gob.ar\/subsidios<\/a><\/p>\n<p>2. Documentaci\u00f3n necesaria para realizar el tr\u00e1mite:<\/p>\n<p>\u2022 El nombre de la Prestadora del servicio, el n\u00famero de medidor y el n\u00famero de usuario tal como se \u00a0encuentran en su factura.<br \/>\n\u2022 El \u00faltimo ejemplar del Documento Nacional de Identidad.<br \/>\n\u2022 El n\u00famero de CUIL de cada integrante del hogar mayor de 18 a\u00f1os.<br \/>\n\u2022 El ingreso de bolsillo de cada integrante del hogar mayor de 18 a\u00f1os.<br \/>\n\u2022 Una direcci\u00f3n de correo electr\u00f3nico.<\/p>\n<p>3. Cabe destacar que, <strong>cumplido ese plazo, el beneficio caducar\u00e1 respecto de los usuarios que no hubieren completado la presentaci\u00f3n individual, quedando comprendidos, por defecto, en el segmento de Mayores Ingresos.<\/strong><\/p>\n<p>OCEBA &#8211; ORGANISMO DE CONTROL DE ENERGIA ELECTRICA DE LA PROVINCIA DE BUENOS AIRES-\n<\/p><\/div>\n<\/td>\n<\/tr>\n<\/tbody>\n<\/table>\n<\/td>\n<\/tr>\n<\/tbody>\n<\/table>\n<\/td>\n<\/tr>\n<\/tbody>\n<\/table>\n<\/th>\n<\/tr>\n<\/tbody>\n<\/table>\n<\/td>\n<\/tr>\n<\/tbody>\n<\/table>\n<table class=\"ydp67147be9yiv9420444282r7-o\" border=\"0\" width=\"100%\" cellspacing=\"0\" cellpadding=\"0\" align=\"center\">\n<tbody>\n<tr>\n<td class=\"ydp67147be9yiv9420444282r9-i\">\n<table border=\"0\" width=\"100%\" cellspacing=\"0\" cellpadding=\"0\">\n<tbody>\n<tr>\n<th class=\"ydp67147be9yiv9420444282r5-c\" valign=\"top\" width=\"100%\">\n<table class=\"ydp67147be9yiv9420444282r6-o\" border=\"0\" width=\"100%\" cellspacing=\"0\" cellpadding=\"0\">\n<tbody>\n<tr>\n<td class=\"ydp67147be9yiv9420444282r14-i\" valign=\"top\">\n<table border=\"0\" width=\"100%\" cellspacing=\"0\" cellpadding=\"0\">\n<tbody>\n<tr>\n<td class=\"ydp67147be9yiv9420444282r17-c\" align=\"center\"><img decoding=\"async\" src=\"https:\/\/ecp.yusercontent.com\/mail?url=https%3A%2F%2F41sau.img.sp1-brevo.net%2Fim%2Fsh%2FbgiaqxJap3aZ.png%3Fu%3DWtVElij8PJZGdmbYsPY4F4jxIsHVGfBK&amp;t=1719790626&amp;ymreqid=a1e28384-e738-286e-1ca7-ee000501cf00&amp;sig=4jxTezijRSiSarj9HIjziA--~D\" border=\"0\" data-inlineimagemanipulating=\"true\" \/><\/td>\n<\/tr>\n<\/tbody>\n<\/table>\n<\/td>\n<\/tr>\n<\/tbody>\n<\/table>\n<\/th>\n<\/tr>\n<\/tbody>\n<\/table>\n<\/td>\n<\/tr>\n<\/tbody>\n<\/table>\n<table class=\"ydp67147be9yiv9420444282r7-o\" border=\"0\" width=\"100%\" cellspacing=\"0\" cellpadding=\"0\" align=\"center\">\n<tbody>\n<tr>\n<td class=\"ydp67147be9yiv9420444282r9-i\">\n<table border=\"0\" width=\"100%\" cellspacing=\"0\" cellpadding=\"0\">\n<tbody>\n<tr>\n<th class=\"ydp67147be9yiv9420444282r5-c\" valign=\"top\" width=\"100%\">\n<table class=\"ydp67147be9yiv9420444282r6-o\" border=\"0\" width=\"100%\" cellspacing=\"0\" cellpadding=\"0\">\n<tbody>\n<tr>\n<td class=\"ydp67147be9yiv9420444282r14-i\" valign=\"top\">\n<table border=\"0\" width=\"100%\" cellspacing=\"0\" cellpadding=\"0\">\n<tbody>\n<tr>\n<td class=\"ydp67147be9yiv9420444282r15-c\" align=\"left\">\n<table class=\"ydp67147be9yiv9420444282r10-o\" border=\"0\" width=\"100%\" cellspacing=\"0\" cellpadding=\"0\">\n<tbody>\n<tr>\n<td class=\"ydp67147be9yiv9420444282r18-i ydp67147be9yiv9420444282nl2go-default-textstyle\" valign=\"top\">\n<div>\n<h4 class=\"ydp67147be9yiv9420444282default-heading4\"><strong>\u00bfC\u00d3MO IMPACTAR\u00c1 EL CAMBIO DE CONDICIONES EN LA FACTURA DEL SERVICIO EL\u00c9CTRICO?<\/strong><\/h4>\n<p>El\u00a0<strong>Gobierno Nacional decret\u00f3 cambios en la Tarifa de Energ\u00eda<\/strong>\u00a0y nuevas condiciones para mantener los subsidios actualmente vigentes, a trav\u00e9s de la\u00a0<strong>resoluci\u00f3n 92\/2024 de fecha 06 de junio 2024<\/strong>\u00a0que establece:<\/p>\n<ul>\n<li><strong><u>Aumentos,<\/u><\/strong><\/li>\n<\/ul>\n<ol>\n<li>El Gobierno Nacional\u00a0<strong>aprob\u00f3 aumentos en los precios mayoristas de la energ\u00eda, y defini\u00f3 nuevos topes\u00a0<\/strong>a partir de los cuales\u00a0<strong>los sectores de ingresos medios y bajos pagar\u00e1n la tarifa plena.<\/strong><\/li>\n<li>El nuevo esquema implica para junio un aumento del\u00a0<strong><u>22,8% para el sector de ingresos altos; 155,8% para los sectores de ingresos medios; y el 99% para los sectores de ingresos bajos.<\/u>\u00a0<\/strong><\/li>\n<\/ol>\n<p><strong>Mediante la citada resoluci\u00f3n 90\/2024\u00a0se establecieron topes\u00a0para los usuarios de ingresos bajos (nivel 2 del esquema de segmentaci\u00f3n actual) y medios (nivel 3).\u00a0<\/strong><\/p>\n<ol>\n<li>El nivel 1 (altos ingresos) ya no recibir\u00e1n bonificaciones extra,\u00a0<strong><u>por lo que pagar\u00e1n el 80% del valor real del costo de la electricidad<\/u>.<\/strong><\/li>\n<li>En tanto, el nivel 2 (bajos ingresos) pagar\u00e1 solamente el 22,5% del costo real.<\/li>\n<li>Mientras que el nivel 3 (ingresos medios), abonar\u00e1 el 35,3% del costo.<\/li>\n<\/ol>\n<p>Cabe destacar que, hasta el mes pasado, los sectores medios y bajos pagaban\u00a0<strong><u>menos del 5% del costo de generaci\u00f3n.<\/u><\/strong><\/p>\n<p><strong>Con estas nuevas medidas, el costo de generaci\u00f3n de la energ\u00eda impactar\u00e1 en forma directa en nuestra factura, la que abonaremos en el pr\u00f3ximo mes.<\/strong><\/p>\n<p>Seg\u00fan los\u00a0c\u00e1lculos de la Secretar\u00eda de Energ\u00eda de la Naci\u00f3n,\u00a0<strong>el nuevo esquema implica en junio un aumento del 22,8% para el sector de ingresos altos; 155,8% para los sectores de ingresos medios; y el 99% para los sectores de ingresos bajos.\u00a0<\/strong><\/p>\n<ul>\n<li><strong><u>Nuevos Topes subsidiados.\u00a0<\/u><\/strong><\/li>\n<\/ul>\n<p>En otra modificaci\u00f3n importante al actual esquema de subsidios,\u00a0<strong>el Gobierno tambi\u00e9n estableci\u00f3 nuevos topes en los KWH subsidiados a los niveles 2 y 3.<\/strong><\/p>\n<p><strong>Los sectores de ingresos bajos (N2)<\/strong>, que hasta ahora no contaban con l\u00edmites,\u00a0<strong>tendr\u00e1n subsidiados hasta 350 KWh por mes.<\/strong><\/p>\n<p>En tanto,\u00a0<strong>los sectores de ingresos medios (N3) tendr\u00e1n un tope de subsidios de 250 KWh<\/strong>\u00a0(antes era de 400 KWh).<strong>\u00a0<\/strong><\/p>\n<p><strong>Todos los consumos por encima de esos l\u00edmites tendr\u00e1n un costo extra del 356% para el nivel 2 y del 227% para el nivel 3.\u00a0<\/strong><\/p>\n<ul>\n<li><strong><u>Segmentaci\u00f3n RASE<\/u><\/strong><\/li>\n<\/ul>\n<p>El Gobierno Nacional tambi\u00e9n ha decretado que\u00a0<strong>todos los beneficiarios de TARIFA SOCIAL que no se han inscripto en el RASE deber\u00e1n hacerlo antes de 31 de agosto de 2024 para poder mantener la condici\u00f3n de tal<\/strong>.<strong>\u00a0<\/strong><strong>De no inscribirse pasaran en forma autom\u00e1tica a la categor\u00eda N1 debiendo pagar tarifa plena.<\/strong><\/p>\n<p>&nbsp;<\/p>\n<\/div>\n<\/td>\n<\/tr>\n<\/tbody>\n<\/table>\n<\/td>\n<\/tr>\n<tr>\n<td class=\"ydp67147be9yiv9420444282r17-c\" align=\"center\"><img decoding=\"async\" src=\"https:\/\/ecp.yusercontent.com\/mail?url=https%3A%2F%2F41sau.img.sp1-brevo.net%2Fim%2Fsh%2FjIomFrdgSzuS.jpeg%3Fu%3DWtVElij8PJZGeEwH4pwQKzuDMhfKFOtO&amp;t=1719790626&amp;ymreqid=a1e28384-e738-286e-1ca7-ee000501cf00&amp;sig=57ys0n7aO0EQv7WeAOHiOg--~D\" border=\"0\" data-inlineimagemanipulating=\"true\" \/><\/td>\n<\/tr>\n<tr>\n<td class=\"ydp67147be9yiv9420444282r15-c\" align=\"left\">\n<table class=\"ydp67147be9yiv9420444282r10-o\" border=\"0\" width=\"100%\" cellspacing=\"0\" cellpadding=\"0\">\n<tbody>\n<tr>\n<td class=\"ydp67147be9yiv9420444282r19-i ydp67147be9yiv9420444282nl2go-default-textstyle\" valign=\"top\">\n<div>\n<h4 class=\"ydp67147be9yiv9420444282default-heading4\"><strong>FIBRA \u00d3PTICA A TU HOGAR &#8211; BARRIO PARQUE LA VERDAD<\/strong><\/h4>\n<p>Adem\u00e1s de continuar con las tareas de poda y desmalezamiento, estamos conectando a los vecinos al Servicio de Internet por Fibra \u00d3ptica del barrio.<\/p>\n<p><strong>A la fecha ya llevamos instalados el 50% de los vecinos que se inscribieron.<\/strong><\/p>\n<p>Los vecinos que a\u00fan no se han inscripto, lo pueden hacer contact\u00e1ndose con la Cooperativa.<\/p>\n<\/div>\n<\/td>\n<\/tr>\n<\/tbody>\n<\/table>\n<\/td>\n<\/tr>\n<tr>\n<td class=\"ydp67147be9yiv9420444282r17-c\" align=\"center\"><img decoding=\"async\" src=\"https:\/\/ecp.yusercontent.com\/mail?url=https%3A%2F%2F41sau.img.sp1-brevo.net%2Fim%2Fsh%2FnQUKm9tez1uc.jpeg%3Fu%3DWtVElij8PJZGehGzHGKmQv4TQX39E8bS&amp;t=1719790626&amp;ymreqid=a1e28384-e738-286e-1ca7-ee000501cf00&amp;sig=IcqFbCzL_nuF4gzDCLGtSA--~D\" border=\"0\" data-inlineimagemanipulating=\"true\" \/><\/td>\n<\/tr>\n<\/tbody>\n<\/table>\n<\/td>\n<\/tr>\n<\/tbody>\n<\/table>\n<\/th>\n<\/tr>\n<\/tbody>\n<\/table>\n<\/td>\n<\/tr>\n<\/tbody>\n<\/table>\n<table class=\"ydp67147be9yiv9420444282r7-o\" border=\"0\" width=\"100%\" cellspacing=\"0\" cellpadding=\"0\" align=\"center\">\n<tbody>\n<tr>\n<td class=\"ydp67147be9yiv9420444282r9-i\">\n<table border=\"0\" width=\"100%\" cellspacing=\"0\" cellpadding=\"0\">\n<tbody>\n<tr>\n<th class=\"ydp67147be9yiv9420444282r5-c\" valign=\"top\" width=\"100%\">\n<table class=\"ydp67147be9yiv9420444282r6-o\" border=\"0\" width=\"100%\" cellspacing=\"0\" cellpadding=\"0\">\n<tbody>\n<tr>\n<td class=\"ydp67147be9yiv9420444282r14-i\" valign=\"top\">\n<table border=\"0\" width=\"100%\" cellspacing=\"0\" cellpadding=\"0\">\n<tbody>\n<tr>\n<td class=\"ydp67147be9yiv9420444282r15-c\" align=\"left\">\n<table class=\"ydp67147be9yiv9420444282r10-o\" border=\"0\" width=\"100%\" cellspacing=\"0\" cellpadding=\"0\">\n<tbody>\n<tr>\n<td class=\"ydp67147be9yiv9420444282r20-i ydp67147be9yiv9420444282nl2go-default-textstyle\" valign=\"top\">\n<div>\n<h4 class=\"ydp67147be9yiv9420444282default-heading4\"><strong>FIBRA \u00d3PTICA A TU HOGAR &#8211; \u00a0BARRIO PARQUE EXALTACI\u00d3N<\/strong><\/h4>\n<p>&nbsp;<\/p>\n<p>Como lo comunicamos en la edici\u00f3n anterior, nuestro Consejo de Administraci\u00f3n tom\u00f3 el compromiso de realizar el cableado de todo el barrio.<\/p>\n<p>Durante estas semanas, nuestros equipos y Comunitel, la empresa que contratamos, contin\u00faan realizando tareas del tendido de la ampliaci\u00f3n de la Red Fibra \u00d3ptica para poder brindar el Servicio a todos los vecinos del barrio Parque Exaltaci\u00f3n.<\/p>\n<p><strong>Esto nos permitir\u00e1 comenzar con las conexiones domiciliarias a partir del 1 de Agosto.<\/strong><\/p>\n<p>Quienes a\u00fan no se hayan inscripto, se pueden sumar contact\u00e1ndose con nuestra Cooperativa.<\/p>\n<p>En estos momentos, social y econ\u00f3micamente tan complejos, desde nuestra Cooperativa seguimos apostando a la renovaci\u00f3n y mejora de nuestros servicios.<\/p>\n<p>&nbsp;<\/p>\n<\/div>\n<\/td>\n<\/tr>\n<\/tbody>\n<\/table>\n<\/td>\n<\/tr>\n<tr>\n<td class=\"ydp67147be9yiv9420444282r15-c\" align=\"left\">\n<table class=\"ydp67147be9yiv9420444282r10-o\" border=\"0\" width=\"100%\" cellspacing=\"0\" cellpadding=\"0\">\n<tbody>\n<tr>\n<td class=\"ydp67147be9yiv9420444282r21-i ydp67147be9yiv9420444282nl2go-default-textstyle\" valign=\"top\">\n<div>\n<p>&nbsp;<\/p>\n<p><strong>Eliminaron Todos los Topes que imped\u00edan aumentos de Tarifas de Internet, Celulares y Cable.<\/strong><\/p>\n<p>As\u00ed lo decidieron los tres interventores del ENACOM, encargados de revisar las regulaciones del organismo.<\/p>\n<p>El ENACOM (Ente Nacional de Telecomunicaciones)\u00a0<strong>elimin\u00f3 las regulaciones que establec\u00edan un tope a las tarifas de internet, celulares y cable. El l\u00edmite de los aumentos era de entre el 5% y 10% mensual y ahora deja de regir, con lo cual las empresas tienen la libertad para fijar los precios que consideren m\u00e1s convenientes.<\/strong><\/p>\n<p>Se trata de una decisi\u00f3n de sus interventores Juan Mart\u00edn Ozores, Patricia Rold\u00e1n y Alejandro Pereyra, enmarcada en el Decreto de Necesidad y Urgencia (DNU) 302\/2024 que anulaba el DNU 690\/2020, el cual declaraba a los servicios como p\u00fablicos esenciales y estrat\u00e9gicos y le otorgaba la facultad al ENACOM de regular las tarifas.<\/p>\n<p><strong>La normativa entrar\u00e1 en vigencia el d\u00eda de su publicaci\u00f3n, por lo que comenzar\u00e1 a partir de julio.<\/strong><\/p>\n<p>Puede leer la nota completa, ingresando al link de m\u00e1s abajo:<\/p>\n<p><a href=\"https:\/\/41sau.r.sp1-brevo.net\/mk\/cl\/f\/sh\/1t6Af4OiGsE8LM5ebIag3QLIYOcXVS\/rqAEVx_7l419\" target=\"_blank\" rel=\"nofollow noopener\"><strong>https:\/\/www.infobae.com\/economia\/2024\/06\/27\/eliminan-todos-los-topes-que-impedian-aumentos-de-tarifas-de-internet-celulares-y-cable\/<\/strong><\/a><\/p>\n<p>&nbsp;<\/p>\n<\/div>\n<\/td>\n<\/tr>\n<\/tbody>\n<\/table>\n<\/td>\n<\/tr>\n<\/tbody>\n<\/table>\n<\/td>\n<\/tr>\n<\/tbody>\n<\/table>\n<\/th>\n<\/tr>\n<\/tbody>\n<\/table>\n<\/td>\n<\/tr>\n<\/tbody>\n<\/table>\n<table class=\"ydp67147be9yiv9420444282r7-o\" border=\"0\" width=\"100%\" cellspacing=\"0\" cellpadding=\"0\" align=\"center\">\n<tbody>\n<tr>\n<td class=\"ydp67147be9yiv9420444282r9-i\">\n<table border=\"0\" width=\"100%\" cellspacing=\"0\" cellpadding=\"0\">\n<tbody>\n<tr>\n<th class=\"ydp67147be9yiv9420444282r5-c\" valign=\"top\" width=\"100%\">\n<table class=\"ydp67147be9yiv9420444282r6-o\" border=\"0\" width=\"100%\" cellspacing=\"0\" cellpadding=\"0\">\n<tbody>\n<tr>\n<td class=\"ydp67147be9yiv9420444282r14-i\" valign=\"top\">\n<table border=\"0\" width=\"100%\" cellspacing=\"0\" cellpadding=\"0\">\n<tbody>\n<tr>\n<td class=\"ydp67147be9yiv9420444282r17-c\" align=\"center\"><img decoding=\"async\" src=\"https:\/\/ecp.yusercontent.com\/mail?url=https%3A%2F%2F41sau.img.sp1-brevo.net%2Fim%2Fsh%2FJ9rjd5Sx3NzB.jpeg%3Fu%3DWtVElij8PJZGf9bhTgj8WqEjUMQyCsJW&amp;t=1719790626&amp;ymreqid=a1e28384-e738-286e-1ca7-ee000501cf00&amp;sig=yLnlJlW5D0VWGY7Yv7fl0g--~D\" border=\"0\" \/><\/td>\n<\/tr>\n<tr>\n<td class=\"ydp67147be9yiv9420444282r15-c\" align=\"left\">\n<table class=\"ydp67147be9yiv9420444282r10-o\" border=\"0\" width=\"100%\" cellspacing=\"0\" cellpadding=\"0\">\n<tbody>\n<tr>\n<td class=\"ydp67147be9yiv9420444282r22-i ydp67147be9yiv9420444282nl2go-default-textstyle\" valign=\"top\">\n<div>\n<h4 class=\"ydp67147be9yiv9420444282default-heading4\"><strong>INCENDIO DE UN TRANSFORMADOR EN ARROYO DE LA CRUZ<\/strong><\/h4>\n<p>&nbsp;<\/p>\n<p>El martes 25 de junio ocurri\u00f3 un nuevo incendio en uno de los transformadores que provee de Servicio El\u00e9ctrico a una parte de los vecinos de Arroyo de la Cruz. <strong>Esto se produce por la gran cantidad de conexiones irregulares que sobrepasan la capacidad de los mismos.<\/strong><\/p>\n<p>Lamentamos informar que,\u00a0<strong>de no cambiar esta situaci\u00f3n y producirse un nuevo da\u00f1o, ya no tendremos soluci\u00f3n t\u00e9cnica ni econ\u00f3mica para hacer frente\u00a0 a este problema\u00a0<\/strong>que va m\u00e1s all\u00e1 de nuestra capacidad de respuesta.<\/p>\n<p>La sobrecarga el\u00e9ctrica a la que se someten los transformadores debido al uso indiscriminado y sin ning\u00fan tipo de conciencia sobre el servicio de electricidad produce el recalentamiento de los mismos generando anomal\u00edas y hasta incendios que a su vez perjudican a muchos usuarios de nuestra concesi\u00f3n.<\/p>\n<p><strong>Desde Cepral nos hemos acercado y conversado con los vecinos en reiteradas oportunidades, ofreciendo posibilidades de regularizaci\u00f3n, como as\u00ed tambi\u00e9n lo hemos hecho con autoridades municipales y judiciales, pero a\u00fan no hemos podido tener el eco que esperamos.<\/strong><\/p>\n<p><strong>Rogamos sepan comprender la situaci\u00f3n y pedimos a todos los actores involucrados ayudarnos a encontrar una soluci\u00f3n en pos de todos los vecinos que quieren vivir en armon\u00eda y bienestar.<\/strong><\/p>\n<\/div>\n<\/td>\n<\/tr>\n<\/tbody>\n<\/table>\n<\/td>\n<\/tr>\n<\/tbody>\n<\/table>\n<\/td>\n<\/tr>\n<\/tbody>\n<\/table>\n<\/th>\n<\/tr>\n<\/tbody>\n<\/table>\n<\/td>\n<\/tr>\n<\/tbody>\n<\/table>\n<table class=\"ydp67147be9yiv9420444282r7-o\" border=\"0\" width=\"100%\" cellspacing=\"0\" cellpadding=\"0\" align=\"center\">\n<tbody>\n<tr>\n<td class=\"ydp67147be9yiv9420444282r9-i\">\n<table border=\"0\" width=\"100%\" cellspacing=\"0\" cellpadding=\"0\">\n<tbody>\n<tr>\n<th class=\"ydp67147be9yiv9420444282r5-c\" valign=\"top\" width=\"100%\">\n<table class=\"ydp67147be9yiv9420444282r6-o\" border=\"0\" width=\"100%\" cellspacing=\"0\" cellpadding=\"0\">\n<tbody>\n<tr>\n<td class=\"ydp67147be9yiv9420444282r14-i\" valign=\"top\">\n<table border=\"0\" width=\"100%\" cellspacing=\"0\" cellpadding=\"0\">\n<tbody>\n<tr>\n<td class=\"ydp67147be9yiv9420444282r17-c\" align=\"center\"><img decoding=\"async\" src=\"https:\/\/ecp.yusercontent.com\/mail?url=https%3A%2F%2F41sau.img.sp1-brevo.net%2Fim%2Fsh%2FqiF4KhBU81aW.jpg%3Fu%3DWtVElij8PJZGfbwPg77UclOzYBonBc1a&amp;t=1719790626&amp;ymreqid=a1e28384-e738-286e-1ca7-ee000501cf00&amp;sig=CMyYk2N_V27VNneKZRdA_g--~D\" border=\"0\" \/><\/td>\n<\/tr>\n<\/tbody>\n<\/table>\n<\/td>\n<\/tr>\n<\/tbody>\n<\/table>\n<\/th>\n<\/tr>\n<\/tbody>\n<\/table>\n<\/td>\n<\/tr>\n<\/tbody>\n<\/table>\n<table class=\"ydp67147be9yiv9420444282r7-o\" border=\"0\" width=\"100%\" cellspacing=\"0\" cellpadding=\"0\" align=\"center\">\n<tbody>\n<tr>\n<td class=\"ydp67147be9yiv9420444282r9-i\">\n<table border=\"0\" width=\"100%\" cellspacing=\"0\" cellpadding=\"0\">\n<tbody>\n<tr>\n<th class=\"ydp67147be9yiv9420444282r5-c\" valign=\"top\" width=\"100%\">\n<table class=\"ydp67147be9yiv9420444282r6-o\" border=\"0\" width=\"100%\" cellspacing=\"0\" cellpadding=\"0\">\n<tbody>\n<tr>\n<td class=\"ydp67147be9yiv9420444282r14-i\" valign=\"top\">\n<table border=\"0\" width=\"100%\" cellspacing=\"0\" cellpadding=\"0\">\n<tbody>\n<tr>\n<td class=\"ydp67147be9yiv9420444282r23-c ydp67147be9yiv9420444282nl2go-default-textstyle\" align=\"left\">\n<div>\n<p><strong>TIPS CONSUMO RACIONAL DE ENERG\u00cdA<\/strong><\/p>\n<p>Las<strong>\u00a0luces encendidas<\/strong>\u00a0<strong>representan entre el 25 y el 35 % de la electricidad total consumida<\/strong>\u00a0en casa.<\/p>\n<p>La\u00a0<strong>iluminaci\u00f3n eficiente<\/strong>\u00a0contribuye a minimizar esta proporci\u00f3n, a reducir la demanda el\u00e9ctrica y por lo tanto a\u00a0<strong>ahorrar dinero.<\/strong><\/p>\n<p>Con estos objetivos en mente, El ENRE nos invita a repasar las siguientes buenas pr\u00e1cticas:<\/p>\n<ul>\n<li><strong>Mantener persianas levantadas<\/strong>\u00a0y cortinas replegadas para aprovechar al m\u00e1ximo la luz solar.<\/li>\n<li><strong>Mantener apagadas las luces de los ambientes desocupados\u00a0<\/strong>y\/o con generosa luz natural.<\/li>\n<li>Evitar el uso de estanter\u00edas, biombos, muebles que tapan la luz natural e incrementan el uso de luz artificial.<\/li>\n<li><strong>Limpiar las l\u00e1mparas con frecuencia, para que conserven su luminosidad original.\u00a0<\/strong><\/li>\n<\/ul>\n<p><strong>Antes de iluminar y aclimatar la casa<\/strong><\/p>\n<ul>\n<li>Las<strong>\u00a0l\u00e1mparas LED consumen 8 veces menos<\/strong>\u00a0electricidad\u00a0<strong>y duran 7.5 veces m\u00e1s<\/strong>\u00a0tiempo que las l\u00e1mparas tradicionales o hal\u00f3genas.<\/li>\n<li><strong>En invierno<\/strong>\u00a0tener presente que,\u00a0<strong>de los calefactores el\u00e9ctricos, el caloventor es el que consume m\u00e1s energ\u00eda<\/strong>\u00a0en una hora seguida de uso, incluso\u00a0<strong>m\u00e1s que un equipo de aire acondicionado<\/strong>.<\/li>\n<li>Un equipo de\u00a0<strong>aire acondicionado consume 12 veces m\u00e1s que un ventilador<\/strong>. Recordar esta proporci\u00f3n cuando vuelva el verano.<\/li>\n<\/ul>\n<p><strong>Variables directamente proporcionales\u00a0<\/strong><\/p>\n<ul>\n<li>Cuando uses el<strong>\u00a0lavarropas<\/strong>, respetar la cantidad indicada de jab\u00f3n l\u00edquido o en polvo: cuando se supera,\u00a0<strong>el ciclo de enjuagado consume m\u00e1s energ\u00eda.\u00a0<\/strong><\/li>\n<li><strong>Cinco minutos antes de que la comida est\u00e9 a punto en el horno el\u00e9ctrico, apagarlo\u00a0<\/strong>y dejar que el calor residual termine la cocci\u00f3n.<\/li>\n<li>Hacer lo mismo con la comida que se cocine o se caliente sobre hornallas el\u00e9ctricas.<\/li>\n<\/ul>\n<p><strong>Por otro consumo racional<\/strong><\/p>\n<ul>\n<li>El\u00a0<strong>consumo energ\u00e9tico del termotanque el\u00e9ctrico es proporcional a la cantidad de agua utilizada<\/strong>. Evitar derrocharla al ba\u00f1arse y lavar los platos.<\/li>\n<li><strong>Regular la temperatura del agua desde el termotanque el\u00e9ctrico<\/strong>. Se le exige\u00a0<strong>mayor consumo energ\u00e9tico cuando se mezcla las aguas fr\u00eda y caliente desde las canillas.\u00a0<\/strong><\/li>\n<li>El lavarropas\u00a0<strong>consume m\u00e1s electricidad cuando usa agua caliente<\/strong>. De hecho, el 80 % de la energ\u00eda utilizada sirve para calentar agua durante el lavado.<\/li>\n<li><strong>La mayor parte de la energ\u00eda que consume el lavavajillas tambi\u00e9n sirve para calentar el agua.\u00a0<\/strong><\/li>\n<\/ul>\n<\/div>\n<\/td>\n<\/tr>\n<\/tbody>\n<\/table>\n<\/td>\n<\/tr>\n<\/tbody>\n<\/table>\n<\/th>\n<\/tr>\n<\/tbody>\n<\/table>\n<\/td>\n<\/tr>\n<\/tbody>\n<\/table>\n<table class=\"ydp67147be9yiv9420444282r7-o\" border=\"0\" width=\"100%\" cellspacing=\"0\" cellpadding=\"0\" align=\"center\">\n<tbody>\n<tr>\n<td class=\"ydp67147be9yiv9420444282r9-i\">\n<table border=\"0\" width=\"100%\" cellspacing=\"0\" cellpadding=\"0\">\n<tbody>\n<tr>\n<th class=\"ydp67147be9yiv9420444282r5-c\" valign=\"top\" width=\"100%\">\n<table class=\"ydp67147be9yiv9420444282r6-o\" border=\"0\" width=\"100%\" cellspacing=\"0\" cellpadding=\"0\">\n<tbody>\n<tr>\n<td class=\"ydp67147be9yiv9420444282r14-i\" valign=\"top\">\n<table border=\"0\" width=\"100%\" cellspacing=\"0\" cellpadding=\"0\">\n<tbody>\n<tr>\n<td class=\"ydp67147be9yiv9420444282r24-c\" align=\"center\">\n<table border=\"0\" width=\"100%\" cellspacing=\"0\" cellpadding=\"0\">\n<tbody>\n<tr>\n<td height=\"0\">\u00ad<\/td>\n<\/tr>\n<\/tbody>\n<\/table>\n<\/td>\n<\/tr>\n<\/tbody>\n<\/table>\n<\/td>\n<\/tr>\n<\/tbody>\n<\/table>\n<\/th>\n<\/tr>\n<\/tbody>\n<\/table>\n<\/td>\n<\/tr>\n<\/tbody>\n<\/table>\n<table class=\"ydp67147be9yiv9420444282r7-o\" border=\"0\" width=\"100%\" cellspacing=\"0\" cellpadding=\"0\" align=\"center\">\n<tbody>\n<tr>\n<td class=\"ydp67147be9yiv9420444282r25-i\">\n<table border=\"0\" width=\"100%\" cellspacing=\"0\" cellpadding=\"0\">\n<tbody>\n<tr>\n<th class=\"ydp67147be9yiv9420444282r5-c\" valign=\"top\" width=\"100%\">\n<table class=\"ydp67147be9yiv9420444282r10-o\" border=\"0\" width=\"100%\" cellspacing=\"0\" cellpadding=\"0\" align=\"left\">\n<tbody>\n<tr>\n<td class=\"ydp67147be9yiv9420444282r11-i ydp67147be9yiv9420444282nl2go-default-textstyle\" valign=\"top\">\n<div>\n<p>El Uso Racional de la Energ\u00eda El\u00e9ctrica nos beneficia a todos.<\/p>\n<\/div>\n<\/td>\n<\/tr>\n<\/tbody>\n<\/table>\n<\/th>\n<\/tr>\n<\/tbody>\n<\/table>\n<\/td>\n<\/tr>\n<\/tbody>\n<\/table>\n<p>&nbsp;<\/p>\n<p>&nbsp;<\/p>\n","protected":false},"excerpt":{"rendered":"<p>En Contacto! EL INFORME DEL CONSEJO DE ADMINISTRACI\u00d3N.<\/p>\n","protected":false},"author":3,"featured_media":25632,"comment_status":"open","ping_status":"open","sticky":false,"template":"","format":"standard","meta":{"footnotes":"","jetpack_publicize_message":"","jetpack_publicize_feature_enabled":true,"jetpack_social_post_already_shared":true,"jetpack_social_options":{"image_generator_settings":{"template":"highway","default_image_id":0,"font":"","enabled":false},"version":2}},"categories":[5],"tags":[2086],"class_list":["post-25628","post","type-post","status-publish","format-standard","has-post-thumbnail","hentry","category-aqui-parada-robles","tag-cepral-informe"],"jetpack_publicize_connections":[],"jetpack_featured_media_url":"https:\/\/revistaepocadigital.com.ar\/wp-content\/uploads\/2024\/06\/mail-1-3-e1721795315959.jpeg","jetpack_likes_enabled":true,"_links":{"self":[{"href":"https:\/\/revistaepocadigital.com.ar\/index.php?rest_route=\/wp\/v2\/posts\/25628","targetHints":{"allow":["GET"]}}],"collection":[{"href":"https:\/\/revistaepocadigital.com.ar\/index.php?rest_route=\/wp\/v2\/posts"}],"about":[{"href":"https:\/\/revistaepocadigital.com.ar\/index.php?rest_route=\/wp\/v2\/types\/post"}],"author":[{"embeddable":true,"href":"https:\/\/revistaepocadigital.com.ar\/index.php?rest_route=\/wp\/v2\/users\/3"}],"replies":[{"embeddable":true,"href":"https:\/\/revistaepocadigital.com.ar\/index.php?rest_route=%2Fwp%2Fv2%2Fcomments&post=25628"}],"version-history":[{"count":0,"href":"https:\/\/revistaepocadigital.com.ar\/index.php?rest_route=\/wp\/v2\/posts\/25628\/revisions"}],"wp:featuredmedia":[{"embeddable":true,"href":"https:\/\/revistaepocadigital.com.ar\/index.php?rest_route=\/wp\/v2\/media\/25632"}],"wp:attachment":[{"href":"https:\/\/revistaepocadigital.com.ar\/index.php?rest_route=%2Fwp%2Fv2%2Fmedia&parent=25628"}],"wp:term":[{"taxonomy":"category","embeddable":true,"href":"https:\/\/revistaepocadigital.com.ar\/index.php?rest_route=%2Fwp%2Fv2%2Fcategories&post=25628"},{"taxonomy":"post_tag","embeddable":true,"href":"https:\/\/revistaepocadigital.com.ar\/index.php?rest_route=%2Fwp%2Fv2%2Ftags&post=25628"}],"curies":[{"name":"wp","href":"https:\/\/api.w.org\/{rel}","templated":true}]}}