{"id":2563,"date":"2019-06-03T14:59:46","date_gmt":"2019-06-03T17:59:46","guid":{"rendered":"https:\/\/revistaepocadigital.com.ar\/?p=2563"},"modified":"2019-06-03T17:05:58","modified_gmt":"2019-06-03T20:05:58","slug":"duro-comunicado-la-ucr-local-no-rompio-con-cambiemos","status":"publish","type":"post","link":"https:\/\/revistaepocadigital.com.ar\/?p=2563","title":{"rendered":"Duro comunicado. La UCR local no rompi\u00f3 con Cambiemos"},"content":{"rendered":"<p><strong>UNION CIVICA RADICAL. COMUNICADO OFICIAL. \u00a0A LOS AFILIADOS DE EXALTACI\u00d3N DE LA CRUZ.<\/strong><!--more--><\/p>\n<p><em>En mi car\u00e1cter de Presidente de la UCR de Exaltaci\u00f3n de la Cruz y con la legalidad que me otorga la CARTA ORG\u00c1NICA y el reconocimiento del Comit\u00e9 Provincia, me veo en la obligaci\u00f3n de aclarar algunos art\u00edculos y comentarios publicados en redes sociales y medios masivos de comunicaci\u00f3n en estos d\u00edas donde se ha desmerecido nuestra capacidad y accionar partidario.<\/em><\/p>\n<p><em>La Convenci\u00f3n Nacional en Parque Norte del 27 de Mayo del 2019, ratific\u00f3 por amplia mayor\u00eda el Frente Cambiemos del que formamos parte.<\/em><\/p>\n<p><em>La Convenci\u00f3n de Gualeguaych\u00fa en 2015, form\u00f3 parte de esta tradici\u00f3n Radical ; la de Construir Partido y Alternativas electorales para contribuir a construir el pa\u00eds. <\/em><br \/>\n<em>Por lo tanto cualquier comentario difamatorio en contrario a nuestra conducci\u00f3n partidaria, NO responde a esta CONDUCCI\u00d3N y solo tiene car\u00e1cter personal de alg\u00fan afiliado que se encuentra en car\u00e1cter de opositor a las decisiones de la Convenci\u00f3n Nacional de la UCR.<\/em><\/p>\n<p><em>Por tal motivo ante la pregunta difamatoria de que si \u00bfLa UCR local rompi\u00f3 con Cambiemos? La respuesta es contundente NO \u203c. SOMOS y seguiremos siendo UCR CAMBIEMOS, tal cual lo dicta la Convenci\u00f3n Nacional de la Uni\u00f3n C\u00edvica Radical.<\/em><\/p>\n<p><em>Nuestro canal de comunicaci\u00f3n es esta p\u00e1gina<\/em> (facebook)<em>, y cada vez que haya alguna novedad o informaci\u00f3n de relevancia, la publicaremos desde este medio en mi nombre.<\/em><\/p>\n<p><strong>CARLOS ALBERTO RAMIREZ<\/strong><br \/>\nPRESIDENTE UCR<br \/>\nEXALTACI\u00d3N DE LA CRUZ<\/p>\n","protected":false},"excerpt":{"rendered":"<p>UNION CIVICA RADICAL. COMUNICADO OFICIAL. \u00a0A LOS AFILIADOS DE EXALTACI\u00d3N DE LA CRUZ.<\/p>\n","protected":false},"author":3,"featured_media":2565,"comment_status":"open","ping_status":"open","sticky":false,"template":"","format":"standard","meta":{"footnotes":"","jetpack_publicize_message":"","jetpack_publicize_feature_enabled":true,"jetpack_social_post_already_shared":false,"jetpack_social_options":{"image_generator_settings":{"template":"highway","default_image_id":0,"font":"","enabled":false},"version":2}},"categories":[17],"tags":[364,37,363],"class_list":["post-2563","post","type-post","status-publish","format-standard","has-post-thumbnail","hentry","category-politica","tag-comunidado","tag-destacada","tag-ucr"],"jetpack_publicize_connections":[],"jetpack_featured_media_url":"https:\/\/revistaepocadigital.com.ar\/wp-content\/uploads\/2019\/06\/ramirez-ucr18.jpeg","jetpack_likes_enabled":true,"_links":{"self":[{"href":"https:\/\/revistaepocadigital.com.ar\/index.php?rest_route=\/wp\/v2\/posts\/2563","targetHints":{"allow":["GET"]}}],"collection":[{"href":"https:\/\/revistaepocadigital.com.ar\/index.php?rest_route=\/wp\/v2\/posts"}],"about":[{"href":"https:\/\/revistaepocadigital.com.ar\/index.php?rest_route=\/wp\/v2\/types\/post"}],"author":[{"embeddable":true,"href":"https:\/\/revistaepocadigital.com.ar\/index.php?rest_route=\/wp\/v2\/users\/3"}],"replies":[{"embeddable":true,"href":"https:\/\/revistaepocadigital.com.ar\/index.php?rest_route=%2Fwp%2Fv2%2Fcomments&post=2563"}],"version-history":[{"count":0,"href":"https:\/\/revistaepocadigital.com.ar\/index.php?rest_route=\/wp\/v2\/posts\/2563\/revisions"}],"wp:featuredmedia":[{"embeddable":true,"href":"https:\/\/revistaepocadigital.com.ar\/index.php?rest_route=\/wp\/v2\/media\/2565"}],"wp:attachment":[{"href":"https:\/\/revistaepocadigital.com.ar\/index.php?rest_route=%2Fwp%2Fv2%2Fmedia&parent=2563"}],"wp:term":[{"taxonomy":"category","embeddable":true,"href":"https:\/\/revistaepocadigital.com.ar\/index.php?rest_route=%2Fwp%2Fv2%2Fcategories&post=2563"},{"taxonomy":"post_tag","embeddable":true,"href":"https:\/\/revistaepocadigital.com.ar\/index.php?rest_route=%2Fwp%2Fv2%2Ftags&post=2563"}],"curies":[{"name":"wp","href":"https:\/\/api.w.org\/{rel}","templated":true}]}}