{"id":25642,"date":"2024-06-10T17:46:04","date_gmt":"2024-06-10T20:46:04","guid":{"rendered":"https:\/\/revistaepocadigital.com.ar\/?p=25642"},"modified":"2024-07-05T10:01:22","modified_gmt":"2024-07-05T13:01:22","slug":"vivi-y-alenta-a-argentina-contra-ecuador-en-trevi","status":"publish","type":"post","link":"https:\/\/revistaepocadigital.com.ar\/?p=25642","title":{"rendered":"\u00a1VIV\u00cd Y ALENT\u00c1 A ARGENTINA CONTRA ECUADOR EN TREVI"},"content":{"rendered":"<p><strong>LA COPA AM\u00c9RICA HA VUELTO A CONCITAR EL INTER\u00c9S MASIVO DE LOS ARGENTINOS. EL SUE\u00d1O DE VER CORONADO CAMPE\u00d3N AL SELECCIONADO ARGENTINO DE F\u00daTBOL LATE CADA VEZ M\u00c1S FUERTE.<\/strong><!--more--><\/p>\n<p><strong>Y en Trevi,<\/strong> el tradicional y tan conocido restaurante-caf\u00e9 de Capilla del Se\u00f1or, han preparado un programa bien tentador, para reunirse en familia o entre amigos, a mirar a trav\u00e9s de dos pantallas grandes de TV, el decisivo partido de Argentina ante Ecuador, y desde ya, disfrutar del men\u00fa preparado.<\/p>\n<p>&nbsp;<\/p>\n<p><img loading=\"lazy\" decoding=\"async\" class=\"aligncenter size-large wp-image-25644\" src=\"https:\/\/revistaepocadigital.com.ar\/wp-content\/uploads\/2024\/07\/yyyy-688x1200.jpg\" alt=\"\" width=\"688\" height=\"1200\" srcset=\"https:\/\/revistaepocadigital.com.ar\/wp-content\/uploads\/2024\/07\/yyyy-688x1200.jpg 688w, https:\/\/revistaepocadigital.com.ar\/wp-content\/uploads\/2024\/07\/yyyy-172x300.jpg 172w, https:\/\/revistaepocadigital.com.ar\/wp-content\/uploads\/2024\/07\/yyyy-696x1214.jpg 696w, https:\/\/revistaepocadigital.com.ar\/wp-content\/uploads\/2024\/07\/yyyy-241x420.jpg 241w, https:\/\/revistaepocadigital.com.ar\/wp-content\/uploads\/2024\/07\/yyyy-482x840.jpg 482w, https:\/\/revistaepocadigital.com.ar\/wp-content\/uploads\/2024\/07\/yyyy.jpg 700w\" sizes=\"auto, (max-width: 688px) 100vw, 688px\" \/><\/p>\n<p>&nbsp;<\/p>\n<p>&nbsp;<\/p>\n","protected":false},"excerpt":{"rendered":"<p>LA COPA AM\u00c9RICA HA VUELTO A CONCITAR EL INTER\u00c9S MASIVO DE LOS ARGENTINOS. EL SUE\u00d1O DE VER CORONADO CAMPE\u00d3N AL SELECCIONADO ARGENTINO DE F\u00daTBOL LATE CADA VEZ M\u00c1S FUERTE.<\/p>\n","protected":false},"author":3,"featured_media":25643,"comment_status":"open","ping_status":"open","sticky":false,"template":"","format":"standard","meta":{"footnotes":"","jetpack_publicize_message":"","jetpack_publicize_feature_enabled":true,"jetpack_social_post_already_shared":true,"jetpack_social_options":{"image_generator_settings":{"template":"highway","default_image_id":0,"font":"","enabled":false},"version":2}},"categories":[12],"tags":[2782,1522],"class_list":["post-25642","post","type-post","status-publish","format-standard","has-post-thumbnail","hentry","category-espectaculos","tag-partido-copa-america","tag-trevi"],"jetpack_publicize_connections":[],"jetpack_featured_media_url":"https:\/\/revistaepocadigital.com.ar\/wp-content\/uploads\/2024\/07\/yyyy5555.jpg","jetpack_likes_enabled":true,"_links":{"self":[{"href":"https:\/\/revistaepocadigital.com.ar\/index.php?rest_route=\/wp\/v2\/posts\/25642","targetHints":{"allow":["GET"]}}],"collection":[{"href":"https:\/\/revistaepocadigital.com.ar\/index.php?rest_route=\/wp\/v2\/posts"}],"about":[{"href":"https:\/\/revistaepocadigital.com.ar\/index.php?rest_route=\/wp\/v2\/types\/post"}],"author":[{"embeddable":true,"href":"https:\/\/revistaepocadigital.com.ar\/index.php?rest_route=\/wp\/v2\/users\/3"}],"replies":[{"embeddable":true,"href":"https:\/\/revistaepocadigital.com.ar\/index.php?rest_route=%2Fwp%2Fv2%2Fcomments&post=25642"}],"version-history":[{"count":0,"href":"https:\/\/revistaepocadigital.com.ar\/index.php?rest_route=\/wp\/v2\/posts\/25642\/revisions"}],"wp:featuredmedia":[{"embeddable":true,"href":"https:\/\/revistaepocadigital.com.ar\/index.php?rest_route=\/wp\/v2\/media\/25643"}],"wp:attachment":[{"href":"https:\/\/revistaepocadigital.com.ar\/index.php?rest_route=%2Fwp%2Fv2%2Fmedia&parent=25642"}],"wp:term":[{"taxonomy":"category","embeddable":true,"href":"https:\/\/revistaepocadigital.com.ar\/index.php?rest_route=%2Fwp%2Fv2%2Fcategories&post=25642"},{"taxonomy":"post_tag","embeddable":true,"href":"https:\/\/revistaepocadigital.com.ar\/index.php?rest_route=%2Fwp%2Fv2%2Ftags&post=25642"}],"curies":[{"name":"wp","href":"https:\/\/api.w.org\/{rel}","templated":true}]}}