{"id":25649,"date":"2024-07-03T01:40:33","date_gmt":"2024-07-03T04:40:33","guid":{"rendered":"https:\/\/revistaepocadigital.com.ar\/?p=25649"},"modified":"2024-07-03T01:46:37","modified_gmt":"2024-07-03T04:46:37","slug":"se-hace-camino-al-andar-nanni-con-el-administrador-de-vialidad-provincial","status":"publish","type":"post","link":"https:\/\/revistaepocadigital.com.ar\/?p=25649","title":{"rendered":"SE HACE CAMINO AL ANDAR. NANNI CON EL ADMINISTRADOR DE VIALIDAD PROVINCIAL"},"content":{"rendered":"<div dir=\"ltr\"><\/div>\n<div dir=\"ltr\"><strong>LA CIRCULACI\u00d3N POR RUTAS Y CAMINOS DE EXALTACI\u00d3N DE LA CRUZ. UNA DE LAS CUESTIONES PREPONDERANTES, Y BAJO LA ATENCI\u00d3N PERMANENTE DE VECINOS Y TANTOS QUE TRANSITAN POR EL DISTRITO.<\/strong><\/div>\n<p><!--more--><\/p>\n<div dir=\"ltr\">El intendente <strong>Diego Nanni<\/strong> mantuvo una reuni\u00f3n con <strong>Roberto Caggiano<\/strong>, administrador de <strong>Vialidad Provincial<\/strong>. Durante el encuentro al que tambi\u00e9n asisti\u00f3 Mat\u00edas Azzalini, dijo Nanni que &#8220;<strong><em>acordamos avanzar en una agenda de trabajo conjunta, con intervenciones viales que mejoren la transitabilidad en toda la zona de nuestro distrito&#8221;.<\/em><\/strong><\/div>\n<div dir=\"ltr\"><\/div>\n<div dir=\"ltr\">Las conversaciones abarcaron entre otros aspectos de importancia, &#8220;las obras que se est\u00e1n realizando en Exaltaci\u00f3n de la Cruz, como bacheos en distintos lugares de Los Cardales, y la tan importante demarcaci\u00f3n y se\u00f1alizaci\u00f3n de la Ruta 39&#8221;, se\u00f1al\u00f3 el jefe comunal para despu\u00e9s acotar que <strong><em>&#8220;vamos a gestionar que sean agregadas m\u00e1s tachas reflectivas en los lugares claves donde se nota un mayor flujo de tr\u00e1nsito vehicular&#8221;.<\/em><\/strong><\/div>\n<div dir=\"ltr\"><\/div>\n<div dir=\"ltr\">La demarcaci\u00f3n de las rutas, juega un rol de suma importancia para aumentar la seguridad de quienes transitan, ya sea en autos particulares, como veh\u00edculos comerciales, transportes de carga y el esencial transporte de pasajeros, aspecto tambi\u00e9n muy seguido de cerca por la gente. En tal sentido, Nanni hizo saber que<strong><em> &#8220;tambi\u00e9n solicitamos la demarcaci\u00f3n de la ruta 192, fundamental para la seguridad de los vecinos que la transitan todos los d\u00edas&#8221;.<\/em><\/strong><\/div>\n<div dir=\"ltr\"><\/div>\n<div dir=\"ltr\"><strong><em>&#8220;CREEMOS EN EL ESTADO&#8221;<\/em><\/strong><\/div>\n<div dir=\"ltr\"><\/div>\n<div dir=\"ltr\">Remarc\u00f3 despu\u00e9s su postura, su filosof\u00eda pol\u00edtica el jefe comunal, al diferenciarse de los postulados que plantea el gobierno\u00a0 nacional encabezado por el presidente Javier Milei, &#8220;<strong><em>nosotros creemos en el Estado, y en tal sentido ya sea en lo referente a rutas, caminos, seguridad para la gente, como en todos los aspectos que hacen a nuestra funci\u00f3n, es que gestionamos este tipo de proyectos, con la convicci\u00f3n de que la obra p\u00fablica es fundamental para mejorar la calidad de vida de nuestra comunidad, en los lugares donde las soluciones no llegar\u00e1n desde el sector privado. Es con un<\/em> <em>Estado presente con el que vamos a seguir construyendo entre todos, el nuevo Exaltaci\u00f3n de la Cruz&#8221;.<\/em><\/strong><\/div>\n","protected":false},"excerpt":{"rendered":"<p>LA CIRCULACI\u00d3N POR RUTAS Y CAMINOS DE EXALTACI\u00d3N DE LA CRUZ. UNA DE LAS CUESTIONES PREPONDERANTES, Y BAJO LA ATENCI\u00d3N PERMANENTE DE VECINOS Y TANTOS QUE TRANSITAN POR EL DISTRITO.<\/p>\n","protected":false},"author":3,"featured_media":25651,"comment_status":"open","ping_status":"open","sticky":false,"template":"","format":"standard","meta":{"footnotes":"","jetpack_publicize_message":"","jetpack_publicize_feature_enabled":true,"jetpack_social_post_already_shared":true,"jetpack_social_options":{"image_generator_settings":{"template":"highway","default_image_id":0,"font":"","enabled":false},"version":2}},"categories":[17],"tags":[393,66,2783,2784],"class_list":["post-25649","post","type-post","status-publish","format-standard","has-post-thumbnail","hentry","category-politica","tag-caminos","tag-nanni","tag-rutas","tag-vialidad-provincial"],"jetpack_publicize_connections":[],"jetpack_featured_media_url":"https:\/\/revistaepocadigital.com.ar\/wp-content\/uploads\/2024\/07\/nanni-viali-azza.jpg","jetpack_likes_enabled":true,"_links":{"self":[{"href":"https:\/\/revistaepocadigital.com.ar\/index.php?rest_route=\/wp\/v2\/posts\/25649","targetHints":{"allow":["GET"]}}],"collection":[{"href":"https:\/\/revistaepocadigital.com.ar\/index.php?rest_route=\/wp\/v2\/posts"}],"about":[{"href":"https:\/\/revistaepocadigital.com.ar\/index.php?rest_route=\/wp\/v2\/types\/post"}],"author":[{"embeddable":true,"href":"https:\/\/revistaepocadigital.com.ar\/index.php?rest_route=\/wp\/v2\/users\/3"}],"replies":[{"embeddable":true,"href":"https:\/\/revistaepocadigital.com.ar\/index.php?rest_route=%2Fwp%2Fv2%2Fcomments&post=25649"}],"version-history":[{"count":0,"href":"https:\/\/revistaepocadigital.com.ar\/index.php?rest_route=\/wp\/v2\/posts\/25649\/revisions"}],"wp:featuredmedia":[{"embeddable":true,"href":"https:\/\/revistaepocadigital.com.ar\/index.php?rest_route=\/wp\/v2\/media\/25651"}],"wp:attachment":[{"href":"https:\/\/revistaepocadigital.com.ar\/index.php?rest_route=%2Fwp%2Fv2%2Fmedia&parent=25649"}],"wp:term":[{"taxonomy":"category","embeddable":true,"href":"https:\/\/revistaepocadigital.com.ar\/index.php?rest_route=%2Fwp%2Fv2%2Fcategories&post=25649"},{"taxonomy":"post_tag","embeddable":true,"href":"https:\/\/revistaepocadigital.com.ar\/index.php?rest_route=%2Fwp%2Fv2%2Ftags&post=25649"}],"curies":[{"name":"wp","href":"https:\/\/api.w.org\/{rel}","templated":true}]}}