{"id":25655,"date":"2024-07-05T09:59:57","date_gmt":"2024-07-05T12:59:57","guid":{"rendered":"https:\/\/revistaepocadigital.com.ar\/?p=25655"},"modified":"2024-07-10T23:19:16","modified_gmt":"2024-07-11T02:19:16","slug":"donacion-del-gruppo-campari-vestimenta-para-los-bomberos-capillenses","status":"publish","type":"post","link":"https:\/\/revistaepocadigital.com.ar\/?p=25655","title":{"rendered":"DONACI\u00d3N DEL GRUPPO CAMPARI. VESTIMENTA PARA LOS BOMBEROS CAPILLENSES"},"content":{"rendered":"<div class=\"x11i5rnm xat24cr x1mh8g0r x1vvkbs xtlvy1s x126k92a\">\n<div dir=\"auto\"><strong>ROPA NUEVA PARA EL PERSONAL DE BOMBEROS VOLUNTARIOS DE CAPILLA DEL SE\u00d1OR.<!--more--><\/strong><\/div>\n<div dir=\"auto\"><\/div>\n<div dir=\"auto\">La importante donaci\u00f3n fue concretada por el Gruppo Campari que, como es sabido, cuenta desde hace muchos a\u00f1os con su planta industrial en las inmediaciones de la ciudad. La iniciativa se hizo realidad a trav\u00e9s del \u00e1rea de responsabilidad social empresaria del Gruppo Campari, como ya ha efectuado desde hace varios a\u00f1os, abarcando a distintas instituciones de bien p\u00fablico del distrito.<\/div>\n<div dir=\"auto\"><\/div>\n<\/div>\n<p>La compa\u00f1\u00eda articulando con el municipio, viene trabajando en iniciativas p\u00fablico-privadas que permiten resolver demandas que son atendibles desde lo social con importantes implicancias p\u00fablicas.<\/p>\n<p><img loading=\"lazy\" decoding=\"async\" class=\"aligncenter size-medium wp-image-25671\" src=\"https:\/\/revistaepocadigital.com.ar\/wp-content\/uploads\/2024\/07\/bomb-campca-300x218.jpg\" alt=\"\" width=\"300\" height=\"218\" srcset=\"https:\/\/revistaepocadigital.com.ar\/wp-content\/uploads\/2024\/07\/bomb-campca-300x218.jpg 300w, https:\/\/revistaepocadigital.com.ar\/wp-content\/uploads\/2024\/07\/bomb-campca-768x559.jpg 768w, https:\/\/revistaepocadigital.com.ar\/wp-content\/uploads\/2024\/07\/bomb-campca-324x235.jpg 324w, https:\/\/revistaepocadigital.com.ar\/wp-content\/uploads\/2024\/07\/bomb-campca-648x470.jpg 648w, https:\/\/revistaepocadigital.com.ar\/wp-content\/uploads\/2024\/07\/bomb-campca-696x507.jpg 696w, https:\/\/revistaepocadigital.com.ar\/wp-content\/uploads\/2024\/07\/bomb-campca-577x420.jpg 577w, https:\/\/revistaepocadigital.com.ar\/wp-content\/uploads\/2024\/07\/bomb-campca.jpg 960w\" sizes=\"auto, (max-width: 300px) 100vw, 300px\" \/><\/p>\n<div class=\"x11i5rnm xat24cr x1mh8g0r x1vvkbs xtlvy1s x126k92a\">\n<div dir=\"auto\">Cada a\u00f1o el Gruppo Campari, dona a los Bomberos Voluntarios de Capilla del Se\u00f1or, vestimenta nueva para cada uno de los miembros del plantel de bomberos que desempe\u00f1a funciones en el cuartel. En la donaci\u00f3n mencionada, estuvieron presentes el director industrial de la planta del Gruppo Campari, Guillermo Rodr\u00edguez; el gerente de Relaciones Humanas (RR.HH), Rodrigo Berdullas; Candela Passardi del departamento de RR.HH., el asesor del Gruppo Campari, Dario Basso; Carlos Echeverry comandante mayor del Destacamento de Bomberos Voluntarios Capilla del Se\u00f1or, \u00c1ngel S\u00e1nchez titular de la comisi\u00f3n directiva de la entidad y Benjam\u00edn Vittori, director de industria y asuntos agrarios de la municipalidad.<\/div>\n<\/div>\n","protected":false},"excerpt":{"rendered":"<p>ROPA NUEVA PARA EL PERSONAL DE BOMBEROS VOLUNTARIOS DE CAPILLA DEL SE\u00d1OR.<\/p>\n","protected":false},"author":3,"featured_media":25671,"comment_status":"open","ping_status":"open","sticky":false,"template":"","format":"standard","meta":{"footnotes":"","jetpack_publicize_message":"","jetpack_publicize_feature_enabled":true,"jetpack_social_post_already_shared":true,"jetpack_social_options":{"image_generator_settings":{"template":"highway","default_image_id":0,"font":"","enabled":false},"version":2}},"categories":[14],"tags":[365,1523,1661,792],"class_list":["post-25655","post","type-post","status-publish","format-standard","has-post-thumbnail","hentry","category-la-gente","tag-bomberos","tag-bomberos-capilla","tag-campari","tag-donacion"],"jetpack_publicize_connections":[],"jetpack_featured_media_url":"https:\/\/revistaepocadigital.com.ar\/wp-content\/uploads\/2024\/07\/bomb-campca.jpg","jetpack_likes_enabled":true,"_links":{"self":[{"href":"https:\/\/revistaepocadigital.com.ar\/index.php?rest_route=\/wp\/v2\/posts\/25655","targetHints":{"allow":["GET"]}}],"collection":[{"href":"https:\/\/revistaepocadigital.com.ar\/index.php?rest_route=\/wp\/v2\/posts"}],"about":[{"href":"https:\/\/revistaepocadigital.com.ar\/index.php?rest_route=\/wp\/v2\/types\/post"}],"author":[{"embeddable":true,"href":"https:\/\/revistaepocadigital.com.ar\/index.php?rest_route=\/wp\/v2\/users\/3"}],"replies":[{"embeddable":true,"href":"https:\/\/revistaepocadigital.com.ar\/index.php?rest_route=%2Fwp%2Fv2%2Fcomments&post=25655"}],"version-history":[{"count":0,"href":"https:\/\/revistaepocadigital.com.ar\/index.php?rest_route=\/wp\/v2\/posts\/25655\/revisions"}],"wp:featuredmedia":[{"embeddable":true,"href":"https:\/\/revistaepocadigital.com.ar\/index.php?rest_route=\/wp\/v2\/media\/25671"}],"wp:attachment":[{"href":"https:\/\/revistaepocadigital.com.ar\/index.php?rest_route=%2Fwp%2Fv2%2Fmedia&parent=25655"}],"wp:term":[{"taxonomy":"category","embeddable":true,"href":"https:\/\/revistaepocadigital.com.ar\/index.php?rest_route=%2Fwp%2Fv2%2Fcategories&post=25655"},{"taxonomy":"post_tag","embeddable":true,"href":"https:\/\/revistaepocadigital.com.ar\/index.php?rest_route=%2Fwp%2Fv2%2Ftags&post=25655"}],"curies":[{"name":"wp","href":"https:\/\/api.w.org\/{rel}","templated":true}]}}