{"id":25718,"date":"2024-07-08T00:52:39","date_gmt":"2024-07-08T03:52:39","guid":{"rendered":"https:\/\/revistaepocadigital.com.ar\/?p=25718"},"modified":"2024-07-08T01:00:22","modified_gmt":"2024-07-08T04:00:22","slug":"detuvieron-en-pilar-al-autor-de-robos-de-motos-en-los-cardales","status":"publish","type":"post","link":"https:\/\/revistaepocadigital.com.ar\/?p=25718","title":{"rendered":"DETUVIERON EN PILAR AL AUTOR DE ROBOS DE MOTOS EN LOS CARDALES"},"content":{"rendered":"<p><strong>La Polic\u00eda de Los Cardales logr\u00f3 en las \u00faltimas horas el esclarecimiento de una serie de hurtos de motocicletas, que se hab\u00edan registrado en la localidad.<\/strong><\/p>\n<p>El trabajo policial eficaz junto a la Justicia, permitieron lograr la detenci\u00f3n de un sujeto, identificar a otro supuesto maleante y secuestrar el veh\u00edculo de apoyo que era utilizado por los delincuentes al momento de cometer los il\u00edcitos.<\/p>\n<p>Tras el robo de una moto en Los Cardales durante el pasado 26 de mayo, se prolong\u00f3 una tarea investigativa que ya se hab\u00eda iniciado ante el desarrollo de otros hechos de similares caracter\u00edsticas.<\/p>\n<p>Finalmente, esas labores lograron identificar al autor de esos robos y el Juzgado de Garant\u00edas N\u00b0 1 de Z\u00e1rate-Campana a cargo de la doctora Cione libr\u00f3 tres \u00f3rdenes de allanamiento contra tres objetivos ubicados en la vecina ciudad de Pilar.<\/p>\n<p>En el primero de esos procedimientos, en una vivienda ubicada en la calle Callao del barrio El Manantial, se identific\u00f3 a un hombre de 51 a\u00f1os que trabaja como remisero.<\/p>\n<p>Al mismo tiempo, el segundo allanamiento se hizo en una propiedad de la calle Balcarce del barrio San Jorge y all\u00ed se detuvo a un muchacho de 18 a\u00f1os (hijo del hombre identificado en el otro allanamiento) y se secuestr\u00f3 un Renault Megane de color gris que fue utilizado para perpetrar el hecho. Tambi\u00e9n se incautaron un tel\u00e9fono celular y prendas de vestir vinculadas a la pesquisa.<\/p>\n<p>Finalmente, el tercer operativo se concret\u00f3 en un taller de motos ubicado en el mismo barrio San Jorge pero el mismo arroj\u00f3 resultados negativos.<\/p>\n<p>Tras este trabajo, el fiscal de Exaltaci\u00f3n de la Cruz Dr. Juan Manuel Esperante imparti\u00f3 directivas y aval\u00f3 la aprehensi\u00f3n la delincuente.<!--more--><\/p>\n","protected":false},"excerpt":{"rendered":"<p>La Polic\u00eda de Los Cardales logr\u00f3 en las \u00faltimas horas el esclarecimiento de una serie de hurtos de motocicletas, que se hab\u00edan registrado en la localidad. El trabajo policial eficaz junto a la Justicia, permitieron lograr la detenci\u00f3n de un sujeto, identificar a otro supuesto maleante y secuestrar el veh\u00edculo de apoyo que era utilizado [&hellip;]<\/p>\n","protected":false},"author":3,"featured_media":25720,"comment_status":"open","ping_status":"open","sticky":false,"template":"","format":"standard","meta":{"footnotes":"","jetpack_publicize_message":"","jetpack_publicize_feature_enabled":true,"jetpack_social_post_already_shared":true,"jetpack_social_options":{"image_generator_settings":{"template":"highway","default_image_id":0,"font":"","enabled":false},"version":2}},"categories":[4],"tags":[423,176],"class_list":["post-25718","post","type-post","status-publish","format-standard","has-post-thumbnail","hentry","category-aqui-los-cardales","tag-cardales","tag-robos"],"jetpack_publicize_connections":[],"jetpack_featured_media_url":"https:\/\/revistaepocadigital.com.ar\/wp-content\/uploads\/2024\/07\/ae.jpg","jetpack_likes_enabled":true,"_links":{"self":[{"href":"https:\/\/revistaepocadigital.com.ar\/index.php?rest_route=\/wp\/v2\/posts\/25718","targetHints":{"allow":["GET"]}}],"collection":[{"href":"https:\/\/revistaepocadigital.com.ar\/index.php?rest_route=\/wp\/v2\/posts"}],"about":[{"href":"https:\/\/revistaepocadigital.com.ar\/index.php?rest_route=\/wp\/v2\/types\/post"}],"author":[{"embeddable":true,"href":"https:\/\/revistaepocadigital.com.ar\/index.php?rest_route=\/wp\/v2\/users\/3"}],"replies":[{"embeddable":true,"href":"https:\/\/revistaepocadigital.com.ar\/index.php?rest_route=%2Fwp%2Fv2%2Fcomments&post=25718"}],"version-history":[{"count":0,"href":"https:\/\/revistaepocadigital.com.ar\/index.php?rest_route=\/wp\/v2\/posts\/25718\/revisions"}],"wp:featuredmedia":[{"embeddable":true,"href":"https:\/\/revistaepocadigital.com.ar\/index.php?rest_route=\/wp\/v2\/media\/25720"}],"wp:attachment":[{"href":"https:\/\/revistaepocadigital.com.ar\/index.php?rest_route=%2Fwp%2Fv2%2Fmedia&parent=25718"}],"wp:term":[{"taxonomy":"category","embeddable":true,"href":"https:\/\/revistaepocadigital.com.ar\/index.php?rest_route=%2Fwp%2Fv2%2Fcategories&post=25718"},{"taxonomy":"post_tag","embeddable":true,"href":"https:\/\/revistaepocadigital.com.ar\/index.php?rest_route=%2Fwp%2Fv2%2Ftags&post=25718"}],"curies":[{"name":"wp","href":"https:\/\/api.w.org\/{rel}","templated":true}]}}