{"id":25755,"date":"2024-07-11T09:58:43","date_gmt":"2024-07-11T12:58:43","guid":{"rendered":"https:\/\/revistaepocadigital.com.ar\/?p=25755"},"modified":"2024-07-11T10:01:07","modified_gmt":"2024-07-11T13:01:07","slug":"eden-corte-de-luz-en-el-centro-de-cardales-y-los-barrios-la-plegaria-y-los-paraisos","status":"publish","type":"post","link":"https:\/\/revistaepocadigital.com.ar\/?p=25755","title":{"rendered":"EDEN. CORTE DE LUZ EN EL CENTRO DE CARDALES Y LOS BARRIOS LA PLEGARIA Y LOS PARA\u00cdSOS"},"content":{"rendered":"<header class=\"entry-header-outer\">\n<div class=\"entry-header\">\n<h6 class=\"post-title entry-title\"><strong>HOY JUEVES 11 DE JULIO.<\/strong><\/h6>\n<h4 class=\"post-title entry-title\">EDEN inform\u00f3 sobre la interrupci\u00f3n del servicio el\u00e9ctrico para realizar tareas de mantenimiento en la red.<\/h4>\n<\/div>\n<\/header>\n<p><!--more--><\/p>\n<div id=\"share-buttons-top\" class=\"share-buttons share-buttons-top\">\n<div class=\"share-links share-centered\">\n<div>\n<div class=\"fb-share-button fb_iframe_widget\" data-href=\"https:\/\/lagacetaexaltacion.com.ar\/articulo\/corte-de-luz-afectara-al-centro-y-dos-barrios-manana-jueves-11-de-julio.php\" data-layout=\"button_count\" data-size=\"small\" data-mobile-iframe=\"false\">El corte se llevaba a cabo este jueves 11 de julio, en eln horario estimado de 8 a 16 horas. La zona afectada comprende el centro de Los Cardales y los barrios La Plegaria y Los Para\u00edsos.<\/div>\n<\/div>\n<\/div>\n<\/div>\n<div class=\"entry-content entry clearfix\">\n<div id=\"contenido_articulo\">\n<p>Es importante destacar que el rango de horario es aproximado y que, en caso de condiciones clim\u00e1ticas adversas, el trabajo podr\u00eda ser reprogramado.<\/p>\n<p>EDEN solicit\u00f3 a los usuarios tomar las medidas necesarias para prevenir inconvenientes<\/p>\n<\/div>\n<\/div>\n","protected":false},"excerpt":{"rendered":"<p>HOY JUEVES 11 DE JULIO. EDEN inform\u00f3 sobre la interrupci\u00f3n del servicio el\u00e9ctrico para realizar tareas de mantenimiento en la red.<\/p>\n","protected":false},"author":3,"featured_media":25757,"comment_status":"open","ping_status":"open","sticky":false,"template":"","format":"standard","meta":{"footnotes":"","jetpack_publicize_message":"","jetpack_publicize_feature_enabled":true,"jetpack_social_post_already_shared":true,"jetpack_social_options":{"image_generator_settings":{"template":"highway","default_image_id":0,"font":"","enabled":false},"version":2}},"categories":[4],"tags":[1795,39],"class_list":["post-25755","post","type-post","status-publish","format-standard","has-post-thumbnail","hentry","category-aqui-los-cardales","tag-corte-luz","tag-eden"],"jetpack_publicize_connections":[],"jetpack_featured_media_url":"https:\/\/revistaepocadigital.com.ar\/wp-content\/uploads\/2024\/07\/jj.jpg","jetpack_likes_enabled":true,"_links":{"self":[{"href":"https:\/\/revistaepocadigital.com.ar\/index.php?rest_route=\/wp\/v2\/posts\/25755","targetHints":{"allow":["GET"]}}],"collection":[{"href":"https:\/\/revistaepocadigital.com.ar\/index.php?rest_route=\/wp\/v2\/posts"}],"about":[{"href":"https:\/\/revistaepocadigital.com.ar\/index.php?rest_route=\/wp\/v2\/types\/post"}],"author":[{"embeddable":true,"href":"https:\/\/revistaepocadigital.com.ar\/index.php?rest_route=\/wp\/v2\/users\/3"}],"replies":[{"embeddable":true,"href":"https:\/\/revistaepocadigital.com.ar\/index.php?rest_route=%2Fwp%2Fv2%2Fcomments&post=25755"}],"version-history":[{"count":0,"href":"https:\/\/revistaepocadigital.com.ar\/index.php?rest_route=\/wp\/v2\/posts\/25755\/revisions"}],"wp:featuredmedia":[{"embeddable":true,"href":"https:\/\/revistaepocadigital.com.ar\/index.php?rest_route=\/wp\/v2\/media\/25757"}],"wp:attachment":[{"href":"https:\/\/revistaepocadigital.com.ar\/index.php?rest_route=%2Fwp%2Fv2%2Fmedia&parent=25755"}],"wp:term":[{"taxonomy":"category","embeddable":true,"href":"https:\/\/revistaepocadigital.com.ar\/index.php?rest_route=%2Fwp%2Fv2%2Fcategories&post=25755"},{"taxonomy":"post_tag","embeddable":true,"href":"https:\/\/revistaepocadigital.com.ar\/index.php?rest_route=%2Fwp%2Fv2%2Ftags&post=25755"}],"curies":[{"name":"wp","href":"https:\/\/api.w.org\/{rel}","templated":true}]}}