{"id":25759,"date":"2024-07-11T10:13:11","date_gmt":"2024-07-11T13:13:11","guid":{"rendered":"https:\/\/revistaepocadigital.com.ar\/?p=25759"},"modified":"2024-07-11T10:13:11","modified_gmt":"2024-07-11T13:13:11","slug":"calendario-de-pagos-del-ips-cuando-cobro-la-jubilacion-en-julio-2024","status":"publish","type":"post","link":"https:\/\/revistaepocadigital.com.ar\/?p=25759","title":{"rendered":"Calendario de pagos del IPS: cu\u00e1ndo cobro la jubilaci\u00f3n en julio 2024"},"content":{"rendered":"<div class=\"mod-banner --cabezal_dsk --no-app\">\n<div id=\"cabezal_dsk\" class=\"com-banner\" data-slot-group=\"nota\" data-device=\"desktop\" data-subscription=\"false\" data-ad-unit-path=\"\/133919216\/la_nacion_desktop\/Nota\/cabezal_dsk\" data-targeting=\"{&quot;sitio&quot;:&quot;lanacion&quot;,&quot;seccion&quot;:&quot;nota&quot;}\" data-without-hide=\"true\" data-size=\"[[1,1],[728,90],[920,100],[920,170],[970,90],[1260,100],[1260,170],[1360,170]]\" data-sizemap=\"[]\" data-prebid-enabled=\"true\" data-google-query-id=\"CIuJs4KGn4cDFdM9uQYdVw4FbA\">\n<div id=\"google_ads_iframe_\/133919216\/la_nacion_desktop\/Nota\/cabezal_dsk_0__container__\">\n<h5 class=\"com-title --font-primary --sixxl --font-extra\"><strong>CUANDO SE COBRA<\/strong>.<\/h5>\n<\/div>\n<\/div>\n<\/div>\n<p><!--more--><\/p>\n<div class=\"lay-sidebar\">\n<div class=\"sidebar__main\">\n<div class=\"row\">\n<div class=\"col-12 \">\n<div>\n<section class=\"mod-opening\">\n<div class=\"content-media\">\n<section id=\"JNYIXUQ5T5EFBH7XBEGZ6H6O3A\" class=\"mod-media   \" role=\"button\">\n<figure class=\"mod-figure --horizontal\" role=\"button\"><figcaption class=\"mod-figcaption\"><span class=\"com-text --caption --twoxs\">Se dieron a conocer las fechas de pagos de IPS para julio de 2024<\/span><\/figcaption><\/figure>\n<\/section>\n<\/div>\n<\/section>\n<\/div>\n<\/div>\n<\/div>\n<section class=\"cuerpo__nota\" data-mrf-recirculation=\"n_links\">\n<div class=\"row\">\n<div class=\"col-12 col-desksm-1\">\n<div class=\"mod-share-container --no-app sticky float-l_l z-101 transition transition-all transition-duration-250 top-73_min1024\">\n<div class=\"mod-share flex mb-24 mb-0_l\">\n<div id=\"v-share\" class=\"share flex relative z-100 flex-column_l bg-neutral-light-1_l pb-16_l pt-8_l px-8_l\">\n<div class=\"first-buttons-group flex gap-16 pr-8_max1023 pb-16_l flex-column_l\"><\/div>\n<div class=\"second-buttons-group flex ai-center flex-column_l pl-8_max1023 ai-center_max1023 jc-center_l pt-16_l gap-24\"><\/div>\n<\/div>\n<\/div>\n<\/div>\n<\/div>\n<div class=\"col-deskxl-10 offset-deskxl-1 col-desksm-11\">\n<div class=\"row\">\n<div class=\"col-12\">\n<p class=\"com-paragraph  --capital --s\">El\u00a0<strong>calendario de pagos de julio 2024<\/strong>\u00a0para\u00a0<a class=\"com-link\" title=\"las jubilaciones del Instituto de Previsi\u00f3n Social (IPS) de la provincia de Buenos Aires\" href=\"https:\/\/www.lanacion.com.ar\/economia\/calendario-de-pagos-del-ips-cuando-cobro-la-jubilacion-en-junio-2024-nid11062024\/\" target=\"_self\" data-mrf-link=\"https:\/\/www.lanacion.com.ar\/economia\/calendario-de-pagos-del-ips-cuando-cobro-la-jubilacion-en-junio-2024-nid11062024\/\" rel=\"noopener\">las\u00a0<strong>jubilaciones\u00a0<\/strong>del\u00a0<strong>Instituto de Previsi\u00f3n Social (IPS)<\/strong>\u00a0de la provincia de<strong>\u00a0Buenos Aires<\/strong><\/a>\u00a0ya est\u00e1 disponible para todas las personas que cobran su\u00a0<strong>prestaci\u00f3n\u00a0<\/strong>a trav\u00e9s de este organismo.<\/p>\n<p class=\"com-paragraph   --s\">Las<strong>\u00a0fechas de cobro\u00a0<\/strong>se ordenan seg\u00fan la<strong>\u00a0terminaci\u00f3n del DNI<\/strong>\u00a0de los beneficiarios de la entidad\u00a0<strong>previsional de la provincia<\/strong>. En el s\u00e9ptimo mes del a\u00f1o, los pagos se hacen entre el martes 30 y el mi\u00e9rcoles 31 de julio. Adem\u00e1s, el\u00a0<strong>IPS<\/strong>\u00a0record\u00f3 que el\u00a0<strong>vencimiento<\/strong>\u00a0del pago por ventanilla es el viernes 23 de agosto, por lo que quienes perciban su\u00a0<strong>jubilaci\u00f3n<\/strong> deben presentarse antes de esa fecha.<\/p>\n<h2 class=\"com-title --font-primary --xl --font-extra\">El calendario de pagos del IPS de julio 2024<\/h2>\n<p class=\"com-paragraph   --s\"><u><strong>Jubilaciones y pensiones del IPS<\/strong><\/u><\/p>\n<ul class=\"com-unordered\">\n<li class=\"com-item\">Martes 30 de julio: DNI terminados en 0, 1, 2 y 3<\/li>\n<li class=\"com-item\">Mi\u00e9rcoles 31 de julio: DNI terminados en 4, 5, 6, 7, 8 y 9<\/li>\n<\/ul>\n<p class=\"com-paragraph   --s\"><u><strong>Pensiones sociales no contributivas del IPS<\/strong><\/u><\/p>\n<div class=\"mod-banner --middle_2_dsk\">\n<div id=\"middle_2_dsk\" class=\"com-banner\" data-slot-group=\"nota\" data-device=\"desktop\" data-subscription=\"true\" data-ad-unit-path=\"\/133919216\/la_nacion_desktop\/Nota\/middle_2_dsk\" data-targeting=\"{&quot;sitio&quot;:&quot;lanacion&quot;,&quot;seccion&quot;:&quot;nota&quot;}\" data-without-hide=\"true\" data-size=\"[[1,1],[728,90]]\" data-sizemap=\"[]\" data-prebid-enabled=\"true\" data-google-query-id=\"CJjftoKGn4cDFdM9uQYdVw4FbA\">\n<div id=\"google_ads_iframe_\/133919216\/la_nacion_desktop\/Nota\/middle_2_dsk_0__container__\"><\/div>\n<\/div>\n<\/div>\n<ul class=\"com-unordered\">\n<li class=\"com-item\">Martes 30 de julio: con DNI terminados en 0, 1, 2, 3, 4, 5, 6, 7, 8 y 9<\/li>\n<\/ul>\n<h2 class=\"com-title --font-primary --xl --font-extra\">C\u00f3mo tramitar la jubilaci\u00f3n en la provincia de Buenos Aires<\/h2>\n<p class=\"com-paragraph   --s\">El\u00a0<strong>IPS<\/strong>\u00a0es la caja otorgante de la\u00a0<strong>prestaci\u00f3n<\/strong>\u00a0siempre y cuando el afiliado registre mayor cantidad de a\u00f1os de servicios con aportes a este organismo (y no a la\u00a0<a class=\"com-link\" title=\"Administraci\u00f3n Nacional de la Seguridad Social, Anses\" href=\"https:\/\/www.lanacion.com.ar\/economia\/para-que-sirve-la-clave-de-seguridad-social-de-la-anses-y-como-gestionarla-nid23042023\/\" target=\"_self\" data-mrf-link=\"https:\/\/www.lanacion.com.ar\/economia\/para-que-sirve-la-clave-de-seguridad-social-de-la-anses-y-como-gestionarla-nid23042023\/\" rel=\"noopener\"><strong>Administraci\u00f3n Nacional de la Seguridad Social, Anses<\/strong><\/a><strong>,<\/strong>\u00a0por ejemplo). En tanto, si hubo servicios aportados a otras cajas, deber\u00e1n acreditarse presentando el correspondiente Reconocimiento de Servicios.<\/p>\n<p class=\"com-paragraph   --s\">Para obtener una<strong>\u00a0jubilaci\u00f3n ordinaria del IPS,<\/strong>\u00a0es necesario que los solicitantes re\u00fanan los siguientes\u00a0<strong>requisitos<\/strong>:<\/p>\n<ul class=\"com-unordered\">\n<li class=\"com-item\">60 a\u00f1os de edad y 35 a\u00f1os de servicios.<\/li>\n<li class=\"com-item\">50 a\u00f1os de edad y 25 a\u00f1os de servicios docentes.<\/li>\n<li class=\"com-item\">55 a\u00f1os de edad y 30 a\u00f1os de servicios docentes en cualquiera de las ramas de la ense\u00f1anza.<\/li>\n<li class=\"com-item\">50 a\u00f1os de edad y 25 a\u00f1os de servicios insalubres o agotamiento prematuro.<\/li>\n<li class=\"com-item\">40 a\u00f1os de edad y 20 de servicios al personal art\u00edstico que se desempe\u00f1e exclusivamente en cuerpo de baile.<\/li>\n<li class=\"com-item\">45 a\u00f1os de edad y 20 a\u00f1os de servicios para aquella persona afectada de ceguera cong\u00e9nita.<\/li>\n<li class=\"com-item\">45 a\u00f1os de edad y 20 a\u00f1os de servicios para aquella persona bajo el r\u00e9gimen de la ley 10593.<\/li>\n<\/ul>\n<div class=\"content-media\">\n<section class=\"mod-media --zoom  \" role=\"button\">\n<figure class=\"mod-figure \" role=\"button\">\n<div class=\"placeholder \">\n<div class=\"com-image\"><picture><source srcset=\"https:\/\/resizer.glanacion.com\/resizer\/v2\/los-jubilados-y-presionados-reciben-el-pago-de-QEGHM32G7VBS5LMWDXMISL7VSY.jpeg?auth=5e726cc6e7a0f0b8d3f31743c8f0a2ea2705cc7d284391cfae6d6204158473ac&amp;width=780&amp;height=520&amp;quality=70&amp;smart=true\" media=\"(min-width: 768px)\" \/><\/picture><\/div>\n<\/div><figcaption class=\"mod-figcaption\">Para todos estos casos, existen distintas formas para iniciar el<strong>\u00a0tr\u00e1mite jubilatorio<\/strong>:<\/figcaption><\/figure>\n<\/section>\n<\/div>\n<ul class=\"com-unordered\">\n<li class=\"com-item\"><u><b>Un turno presencial<\/b><\/u>: esta opci\u00f3n est\u00e1 habilitada para agentes cesados en la administraci\u00f3n p\u00fablica provincial y organismos descentralizados, Poder Judicial, Poder Legislativo, \u00f3rbita nacional p\u00fablica y privada; ellos pueden solicitarlo a trav\u00e9s del\u00a0<a class=\"com-link\" href=\"https:\/\/turnos.ips.gba.gob.ar\/seleccionarTramite\" data-mrf-link=\"https:\/\/turnos.ips.gba.gob.ar\/seleccionarTramite\">sitio oficial del IPS<\/a>.<\/li>\n<li class=\"com-item\"><u><b>Sistema Digital Autogesti\u00f3n \u201cMi IPS\u201d<\/b><\/u>: los agentes cesados en escuelas privadas pueden solicitar su tr\u00e1mite al ingresar al\u00a0<a class=\"com-link\" href=\"https:\/\/mi.ips.gba.gob.ar\/autogestion\/login\" data-mrf-link=\"https:\/\/mi.ips.gba.gob.ar\/autogestion\/login\">M\u00f3dulo de autogesti\u00f3n para el trabajador<\/a>.<\/li>\n<li class=\"com-item\"><u><b>Sistema Digital Empleadores<\/b><\/u>: en este caso, deber\u00e1n dirigirse a la direcci\u00f3n de Recursos Humanos de su organismo empleador.<\/li>\n<li class=\"com-item\"><u><b>Jubilaci\u00f3n ejecutiva<\/b><\/u>: esta opci\u00f3n est\u00e1 habilitada para los agentes cesados en la administraci\u00f3n p\u00fablica, especialmente exclusivo para los organismos que utilizan entorno SIAPE. Para pedir la jubilaci\u00f3n, deber\u00e1n dirigirse a la Direcci\u00f3n de Recursos Humanos de su organismo empleador.<\/li>\n<li class=\"com-item\"><u><b>Jubilaci\u00f3n por agotamiento prematuro<\/b><\/u>: est\u00e1 dirigido a los m\u00e9dicos que desean hacer su retiro antes de alcanzar la edad jubilatoria. En el caso de que no corresponda efectuar el cargo deudor por aportes no efectuados, deber\u00e1n concurrir al departamento de gesti\u00f3n de Recursos Humanos del hospital donde trabaja. Si corresponde efectuar el cargo deudor, ser\u00e1 necesario solicitar un turno presencial.<\/li>\n<\/ul>\n<p>Fuente: Diario La Naci\u00f3n<\/p><\/div>\n<div>Foto: gentileza agencia noticias argentinas.<\/div>\n<\/div>\n<\/div>\n<\/div>\n<\/section>\n<\/div>\n<\/div>\n","protected":false},"excerpt":{"rendered":"<p>CUANDO SE COBRA.<\/p>\n","protected":false},"author":3,"featured_media":25760,"comment_status":"open","ping_status":"open","sticky":false,"template":"","format":"standard","meta":{"footnotes":"","jetpack_publicize_message":"","jetpack_publicize_feature_enabled":true,"jetpack_social_post_already_shared":true,"jetpack_social_options":{"image_generator_settings":{"template":"highway","default_image_id":0,"font":"","enabled":false},"version":2}},"categories":[81],"tags":[2700,2796],"class_list":["post-25759","post","type-post","status-publish","format-standard","has-post-thumbnail","hentry","category-anses","tag-ips","tag-pagos-julio"],"jetpack_publicize_connections":[],"jetpack_featured_media_url":"https:\/\/revistaepocadigital.com.ar\/wp-content\/uploads\/2024\/07\/jubiladasjpg.webp","jetpack_likes_enabled":true,"_links":{"self":[{"href":"https:\/\/revistaepocadigital.com.ar\/index.php?rest_route=\/wp\/v2\/posts\/25759","targetHints":{"allow":["GET"]}}],"collection":[{"href":"https:\/\/revistaepocadigital.com.ar\/index.php?rest_route=\/wp\/v2\/posts"}],"about":[{"href":"https:\/\/revistaepocadigital.com.ar\/index.php?rest_route=\/wp\/v2\/types\/post"}],"author":[{"embeddable":true,"href":"https:\/\/revistaepocadigital.com.ar\/index.php?rest_route=\/wp\/v2\/users\/3"}],"replies":[{"embeddable":true,"href":"https:\/\/revistaepocadigital.com.ar\/index.php?rest_route=%2Fwp%2Fv2%2Fcomments&post=25759"}],"version-history":[{"count":0,"href":"https:\/\/revistaepocadigital.com.ar\/index.php?rest_route=\/wp\/v2\/posts\/25759\/revisions"}],"wp:featuredmedia":[{"embeddable":true,"href":"https:\/\/revistaepocadigital.com.ar\/index.php?rest_route=\/wp\/v2\/media\/25760"}],"wp:attachment":[{"href":"https:\/\/revistaepocadigital.com.ar\/index.php?rest_route=%2Fwp%2Fv2%2Fmedia&parent=25759"}],"wp:term":[{"taxonomy":"category","embeddable":true,"href":"https:\/\/revistaepocadigital.com.ar\/index.php?rest_route=%2Fwp%2Fv2%2Fcategories&post=25759"},{"taxonomy":"post_tag","embeddable":true,"href":"https:\/\/revistaepocadigital.com.ar\/index.php?rest_route=%2Fwp%2Fv2%2Ftags&post=25759"}],"curies":[{"name":"wp","href":"https:\/\/api.w.org\/{rel}","templated":true}]}}