{"id":25762,"date":"2024-07-11T10:25:21","date_gmt":"2024-07-11T13:25:21","guid":{"rendered":"https:\/\/revistaepocadigital.com.ar\/?p=25762"},"modified":"2024-07-11T10:25:21","modified_gmt":"2024-07-11T13:25:21","slug":"feria-de-alimentos-bonaerenses-en-la-plaza-del-encuentro","status":"publish","type":"post","link":"https:\/\/revistaepocadigital.com.ar\/?p=25762","title":{"rendered":"FERIA DE ALIMENTOS BONAERENSES EN LA PLAZA DEL ENCUENTRO"},"content":{"rendered":"<p><strong>HOY JUEVES 11 DE 9 A 14 HORAS.<\/strong><!--more--><br \/>\n\u2611\ufe0fVerduras agroecol\u00f3gicas, pescados, panificados, miel, l\u00e1cteos, frutos secos y mucho m\u00e1s a precios populares, de nuestros productores alimenticios locales.<br \/>\n\u25aa\ufe0fAdem\u00e1s, hab\u00eda operativos de salud con vacunaci\u00f3n, controles, y la presencia de las \u00e1reas de Ambiente con entrega de semillas y plantines.<br \/>\n\u2705 Abonando con la cuenta DNI obten\u00e9s un 40% de reintegro.<\/p>\n","protected":false},"excerpt":{"rendered":"<p>HOY JUEVES 11 DE 9 A 14 HORAS.<\/p>\n","protected":false},"author":3,"featured_media":25763,"comment_status":"open","ping_status":"open","sticky":false,"template":"","format":"standard","meta":{"footnotes":"","jetpack_publicize_message":"","jetpack_publicize_feature_enabled":true,"jetpack_social_post_already_shared":true,"jetpack_social_options":{"image_generator_settings":{"template":"highway","default_image_id":0,"font":"","enabled":false},"version":2}},"categories":[5],"tags":[575,268],"class_list":["post-25762","post","type-post","status-publish","format-standard","has-post-thumbnail","hentry","category-aqui-parada-robles","tag-alimentos","tag-feria"],"jetpack_publicize_connections":[],"jetpack_featured_media_url":"https:\/\/revistaepocadigital.com.ar\/wp-content\/uploads\/2024\/07\/450574805_846199464223611_1961465807811247199_n.jpg","jetpack_likes_enabled":true,"_links":{"self":[{"href":"https:\/\/revistaepocadigital.com.ar\/index.php?rest_route=\/wp\/v2\/posts\/25762","targetHints":{"allow":["GET"]}}],"collection":[{"href":"https:\/\/revistaepocadigital.com.ar\/index.php?rest_route=\/wp\/v2\/posts"}],"about":[{"href":"https:\/\/revistaepocadigital.com.ar\/index.php?rest_route=\/wp\/v2\/types\/post"}],"author":[{"embeddable":true,"href":"https:\/\/revistaepocadigital.com.ar\/index.php?rest_route=\/wp\/v2\/users\/3"}],"replies":[{"embeddable":true,"href":"https:\/\/revistaepocadigital.com.ar\/index.php?rest_route=%2Fwp%2Fv2%2Fcomments&post=25762"}],"version-history":[{"count":0,"href":"https:\/\/revistaepocadigital.com.ar\/index.php?rest_route=\/wp\/v2\/posts\/25762\/revisions"}],"wp:featuredmedia":[{"embeddable":true,"href":"https:\/\/revistaepocadigital.com.ar\/index.php?rest_route=\/wp\/v2\/media\/25763"}],"wp:attachment":[{"href":"https:\/\/revistaepocadigital.com.ar\/index.php?rest_route=%2Fwp%2Fv2%2Fmedia&parent=25762"}],"wp:term":[{"taxonomy":"category","embeddable":true,"href":"https:\/\/revistaepocadigital.com.ar\/index.php?rest_route=%2Fwp%2Fv2%2Fcategories&post=25762"},{"taxonomy":"post_tag","embeddable":true,"href":"https:\/\/revistaepocadigital.com.ar\/index.php?rest_route=%2Fwp%2Fv2%2Ftags&post=25762"}],"curies":[{"name":"wp","href":"https:\/\/api.w.org\/{rel}","templated":true}]}}