{"id":25769,"date":"2024-07-12T11:31:09","date_gmt":"2024-07-12T14:31:09","guid":{"rendered":"https:\/\/revistaepocadigital.com.ar\/?p=25769"},"modified":"2024-07-12T11:31:09","modified_gmt":"2024-07-12T14:31:09","slug":"la-policia-de-robles-recupero-en-pocas-horas-un-auto-robado-en-el-barrio-parque-sakura","status":"publish","type":"post","link":"https:\/\/revistaepocadigital.com.ar\/?p=25769","title":{"rendered":"LA POLIC\u00cdA DE ROBLES RECUPER\u00d3 EN POCAS HORAS UN AUTO ROBADO EN EL BARRIO PARQUE SAKURA"},"content":{"rendered":"<div dir=\"ltr\"><strong>POLIC\u00cdA DE PARADA ROBLES.<\/strong><\/div>\n<p><!--more--><\/p>\n<div dir=\"ltr\">Logr\u00f3 esclarecer el robo de un veh\u00edculo que hab\u00eda ocurrido pocas horas antes en la zona del Barrio Parque Sakura.\u00a0Tras una r\u00e1pida investigaci\u00f3n, los uniformados consiguieron recuperar en la vecina ciudad de Luj\u00e1n, el auto robado y detener al autor del hecho.<\/div>\n<div dir=\"ltr\"><\/div>\n<div dir=\"ltr\">Todo comenz\u00f3 cuando el empleado de un corral\u00f3n de materiales ubicado en la zona de Sakura lleg\u00f3, como todos los d\u00edas, a su lugar de trabajo y estacion\u00f3 su rodado en la puerta.<\/div>\n<div dir=\"ltr\">Al mediod\u00eda, cuando volvi\u00f3 al lugar, que su veh\u00edculo hab\u00eda sido sustra\u00eddo y de inmediato efectu\u00f3 la denuncia en la comisar\u00eda de Parada Robles.<\/div>\n<div dir=\"ltr\"><\/div>\n<div dir=\"ltr\">De inmediato se inici\u00f3 la pesquisa y al observar las c\u00e1maras municipales y las del comercio, los uniformados establecieron que el hurto se dio poco despu\u00e9s de que el trabajador lleg\u00f3 al lugar. Adem\u00e1s, se pudo seguir el rastro del veh\u00edculo y la direcci\u00f3n de la fuga. Despu\u00e9s se irradi\u00f3 un alerta a todas las comisar\u00edas de la zona de los distritos lim\u00edtrofes, y pudo detectarse que el rodado estaba en la zona de Luj\u00e1n. A partir de ese momento, la tarea conjunta avalada por el fiscal de la justicia en Capilla del Se\u00f1or, Juan Manuel Esperante con la polic\u00eda de Luj\u00e1n y la comisar\u00eda de Robles, mas el personal del Centro de Apoyo Vecinal (CAV), fue posible recuperar el auto y aprehender al autor del hecho (foto).<\/div>\n","protected":false},"excerpt":{"rendered":"<p>POLIC\u00cdA DE PARADA ROBLES.<\/p>\n","protected":false},"author":3,"featured_media":25773,"comment_status":"open","ping_status":"open","sticky":false,"template":"","format":"standard","meta":{"footnotes":"","jetpack_publicize_message":"","jetpack_publicize_feature_enabled":true,"jetpack_social_post_already_shared":true,"jetpack_social_options":{"image_generator_settings":{"template":"highway","default_image_id":0,"font":"","enabled":false},"version":2}},"categories":[5],"tags":[201,881],"class_list":["post-25769","post","type-post","status-publish","format-standard","has-post-thumbnail","hentry","category-aqui-parada-robles","tag-robles","tag-robo"],"jetpack_publicize_connections":[],"jetpack_featured_media_url":"https:\/\/revistaepocadigital.com.ar\/wp-content\/uploads\/2024\/07\/tttt.jpg","jetpack_likes_enabled":true,"_links":{"self":[{"href":"https:\/\/revistaepocadigital.com.ar\/index.php?rest_route=\/wp\/v2\/posts\/25769","targetHints":{"allow":["GET"]}}],"collection":[{"href":"https:\/\/revistaepocadigital.com.ar\/index.php?rest_route=\/wp\/v2\/posts"}],"about":[{"href":"https:\/\/revistaepocadigital.com.ar\/index.php?rest_route=\/wp\/v2\/types\/post"}],"author":[{"embeddable":true,"href":"https:\/\/revistaepocadigital.com.ar\/index.php?rest_route=\/wp\/v2\/users\/3"}],"replies":[{"embeddable":true,"href":"https:\/\/revistaepocadigital.com.ar\/index.php?rest_route=%2Fwp%2Fv2%2Fcomments&post=25769"}],"version-history":[{"count":0,"href":"https:\/\/revistaepocadigital.com.ar\/index.php?rest_route=\/wp\/v2\/posts\/25769\/revisions"}],"wp:featuredmedia":[{"embeddable":true,"href":"https:\/\/revistaepocadigital.com.ar\/index.php?rest_route=\/wp\/v2\/media\/25773"}],"wp:attachment":[{"href":"https:\/\/revistaepocadigital.com.ar\/index.php?rest_route=%2Fwp%2Fv2%2Fmedia&parent=25769"}],"wp:term":[{"taxonomy":"category","embeddable":true,"href":"https:\/\/revistaepocadigital.com.ar\/index.php?rest_route=%2Fwp%2Fv2%2Fcategories&post=25769"},{"taxonomy":"post_tag","embeddable":true,"href":"https:\/\/revistaepocadigital.com.ar\/index.php?rest_route=%2Fwp%2Fv2%2Ftags&post=25769"}],"curies":[{"name":"wp","href":"https:\/\/api.w.org\/{rel}","templated":true}]}}