{"id":25776,"date":"2024-07-12T11:53:58","date_gmt":"2024-07-12T14:53:58","guid":{"rendered":"https:\/\/revistaepocadigital.com.ar\/?p=25776"},"modified":"2024-07-20T02:37:36","modified_gmt":"2024-07-20T05:37:36","slug":"mas-semaforos-en-cardales","status":"publish","type":"post","link":"https:\/\/revistaepocadigital.com.ar\/?p=25776","title":{"rendered":"M\u00c1S SEM\u00c1FOROS EN CARDALES"},"content":{"rendered":"<p><strong>En la intersecci\u00f3n de Pilar y R\u00edo Luj\u00e1n, en la entrada al barrio San Jos\u00e9 del Tala.<\/strong><!--more--><br \/>\nApuntados a mejorar la seguridad vial y reducir los accidentes de tr\u00e1nsito, la Municipalidad de Exaltaci\u00f3n de la Cruz ha instalado nuevos sem\u00e1foros en la intersecci\u00f3n de Pilar y R\u00edo Luj\u00e1n, uno de los puntos m\u00e1s transitados de la localidad de Los Cardales. Esta medida busca brindar mayor seguridad tanto a los conductores como a los peatones que circulan por la zona, especialmente en la entrada al barrio San Jos\u00e9 del Tala. La colocaci\u00f3n de estos sem\u00e1foros responde a un plan integral de mejoras en la infraestructura vial que se viene implementando en diferentes puntos del distrito.<\/p>\n<p>La necesidad de colocar nuevos sem\u00e1foros en Cardales, hab\u00eda quedado\u00a0 reflejada en la iniciativa presentada ante el Concejo Deliberante por la vecina capillense y militante radical Marina Ferreyra quien se\u00f1al\u00f3, &#8220;entre los meses de febrero y marzo pasados, tuve una reuni\u00f3n con Maxi Guti\u00e9rrez del municipio, donde le expres\u00e9 la necesidad de colocar sem\u00e1foros. Guti\u00e9rrez que respondi\u00f3 que era dif\u00edcil colocarlo ah\u00ed en ese lugar. Despu\u00e9s, esper\u00e9 a que alg\u00fan concejal se hiciera eco del problema y eso no ocurri\u00f3. Fue as\u00ed entonces que present\u00e9 la nota 18 de junio. M\u00e1s adelante pas\u00e9 por el Concejo Deliberante y le pregunt\u00e9 al secretario legislativo que hab\u00eda ocurrido con la nota que present\u00e9 acerca del sem\u00e1foro y en su caso, me contest\u00f3 que &#8220;hab\u00eda pasado a comisi\u00f3n&#8221;, claramente el oficialismo se va a adjudicar la idea del sem\u00e1foro que ahora colocaron; no importa, lo importante es que el sem\u00e1foro se haya instalado&#8221;.<\/p>\n<p>En la nota elevada al HCD, Ferreyra remarc\u00f3 las razones que llevaban a colocar m\u00e1s sem\u00e1foros como puede notarse en su presentaci\u00f3n:<\/p>\n<p><img loading=\"lazy\" decoding=\"async\" class=\"aligncenter size-full wp-image-25777\" src=\"https:\/\/revistaepocadigital.com.ar\/wp-content\/uploads\/2024\/07\/99.jpg\" alt=\"\" width=\"432\" height=\"208\" srcset=\"https:\/\/revistaepocadigital.com.ar\/wp-content\/uploads\/2024\/07\/99.jpg 432w, https:\/\/revistaepocadigital.com.ar\/wp-content\/uploads\/2024\/07\/99-300x144.jpg 300w\" sizes=\"auto, (max-width: 432px) 100vw, 432px\" \/><\/p>\n<p><img loading=\"lazy\" decoding=\"async\" class=\"aligncenter size-full wp-image-25782\" src=\"https:\/\/revistaepocadigital.com.ar\/wp-content\/uploads\/2024\/07\/998888.jpg\" alt=\"\" width=\"360\" height=\"369\" srcset=\"https:\/\/revistaepocadigital.com.ar\/wp-content\/uploads\/2024\/07\/998888.jpg 360w, https:\/\/revistaepocadigital.com.ar\/wp-content\/uploads\/2024\/07\/998888-293x300.jpg 293w, https:\/\/revistaepocadigital.com.ar\/wp-content\/uploads\/2024\/07\/998888-356x364.jpg 356w\" sizes=\"auto, (max-width: 360px) 100vw, 360px\" \/><\/p>\n<p><img loading=\"lazy\" decoding=\"async\" class=\"aligncenter size-full wp-image-25780\" src=\"https:\/\/revistaepocadigital.com.ar\/wp-content\/uploads\/2024\/07\/777.jpg\" alt=\"\" width=\"540\" height=\"884\" srcset=\"https:\/\/revistaepocadigital.com.ar\/wp-content\/uploads\/2024\/07\/777.jpg 540w, https:\/\/revistaepocadigital.com.ar\/wp-content\/uploads\/2024\/07\/777-183x300.jpg 183w, https:\/\/revistaepocadigital.com.ar\/wp-content\/uploads\/2024\/07\/777-257x420.jpg 257w, https:\/\/revistaepocadigital.com.ar\/wp-content\/uploads\/2024\/07\/777-513x840.jpg 513w\" sizes=\"auto, (max-width: 540px) 100vw, 540px\" \/><\/p>\n","protected":false},"excerpt":{"rendered":"<p>En la intersecci\u00f3n de Pilar y R\u00edo Luj\u00e1n, en la entrada al barrio San Jos\u00e9 del Tala.<\/p>\n","protected":false},"author":3,"featured_media":25779,"comment_status":"open","ping_status":"open","sticky":false,"template":"","format":"standard","meta":{"footnotes":"","jetpack_publicize_message":"","jetpack_publicize_feature_enabled":true,"jetpack_social_post_already_shared":true,"jetpack_social_options":{"image_generator_settings":{"template":"highway","default_image_id":0,"font":"","enabled":false},"version":2}},"categories":[4],"tags":[391,2797],"class_list":["post-25776","post","type-post","status-publish","format-standard","has-post-thumbnail","hentry","category-aqui-los-cardales","tag-ferreyra","tag-semaforos"],"jetpack_publicize_connections":[],"jetpack_featured_media_url":"https:\/\/revistaepocadigital.com.ar\/wp-content\/uploads\/2024\/07\/88888.jpg","jetpack_likes_enabled":true,"_links":{"self":[{"href":"https:\/\/revistaepocadigital.com.ar\/index.php?rest_route=\/wp\/v2\/posts\/25776","targetHints":{"allow":["GET"]}}],"collection":[{"href":"https:\/\/revistaepocadigital.com.ar\/index.php?rest_route=\/wp\/v2\/posts"}],"about":[{"href":"https:\/\/revistaepocadigital.com.ar\/index.php?rest_route=\/wp\/v2\/types\/post"}],"author":[{"embeddable":true,"href":"https:\/\/revistaepocadigital.com.ar\/index.php?rest_route=\/wp\/v2\/users\/3"}],"replies":[{"embeddable":true,"href":"https:\/\/revistaepocadigital.com.ar\/index.php?rest_route=%2Fwp%2Fv2%2Fcomments&post=25776"}],"version-history":[{"count":0,"href":"https:\/\/revistaepocadigital.com.ar\/index.php?rest_route=\/wp\/v2\/posts\/25776\/revisions"}],"wp:featuredmedia":[{"embeddable":true,"href":"https:\/\/revistaepocadigital.com.ar\/index.php?rest_route=\/wp\/v2\/media\/25779"}],"wp:attachment":[{"href":"https:\/\/revistaepocadigital.com.ar\/index.php?rest_route=%2Fwp%2Fv2%2Fmedia&parent=25776"}],"wp:term":[{"taxonomy":"category","embeddable":true,"href":"https:\/\/revistaepocadigital.com.ar\/index.php?rest_route=%2Fwp%2Fv2%2Fcategories&post=25776"},{"taxonomy":"post_tag","embeddable":true,"href":"https:\/\/revistaepocadigital.com.ar\/index.php?rest_route=%2Fwp%2Fv2%2Ftags&post=25776"}],"curies":[{"name":"wp","href":"https:\/\/api.w.org\/{rel}","templated":true}]}}