{"id":25786,"date":"2024-07-19T00:24:16","date_gmt":"2024-07-19T03:24:16","guid":{"rendered":"https:\/\/revistaepocadigital.com.ar\/?p=25786"},"modified":"2024-08-04T22:02:16","modified_gmt":"2024-08-05T01:02:16","slug":"entre-los-130-registros-del-automotor-cerrados-esta-el-de-capilla-del-senor","status":"publish","type":"post","link":"https:\/\/revistaepocadigital.com.ar\/?p=25786","title":{"rendered":"EL CIERRE DE REGISTROS DE AUTOMOTORES. EN CAPILLA EL DE MOTOS FUSIONADO CON EL DEL AUTOMOTOR"},"content":{"rendered":"<p><strong>ACTUALIZACI\u00d3N<\/strong>.<\/p>\n<p><!--more--><\/p>\n<p>El Registro Automotor local sigue funcionando comentaron a EPOCA, pese al anunciado cierre de 130 anunciados por el gobierno nacional tiempo atr\u00e1s.<\/p>\n<p>La modificaci\u00f3n en el caso del registro capillense ha radicado en que el Registro de Motoveh\u00edculos que tambi\u00e9n funcionaba, fue fusionado con el del Automotor<\/p>\n<p>&nbsp;<\/p>\n<p>nota en desarrollo<\/p>\n<p>&nbsp;<\/p>\n<p>&nbsp;<\/p>\n<p style=\"text-align: center;\"><span style=\"color: #ff0000;\"><strong>&#8212;&#8212;&#8212;&#8212;&#8212;&#8212;&#8212;&#8212;&#8212;&#8212;&#8212;&#8212;&#8212;&#8212;&#8212;&#8212;-<\/strong><\/span><\/p>\n<p>nota anterior<\/p>\n<p><strong>COMENZ\u00d3 A FUNCIONAR EN 1984.<\/strong><\/p>\n<p>En los primeros meses de la vuelta de la democracia al pa\u00eds, con gobierno nacional presidido por Ricardo Alfons\u00edn, el Registro del Automotor tuvo su primera sede en el centro capillense, hasta que muchos a\u00f1os despu\u00e9s debido al crecimiento de la actividad registral que tambi\u00e9n implic\u00f3 cierto aumento de personal, se traslad\u00f3 a la esquina de Moreno y Mitre, frente a la Plaza San Mart\u00edn para en su m\u00e1s reciente etapa, ubicarse en la intersecci\u00f3n de Ameghino y Padre Fahy.<\/p>\n<p>Estuvo al frente del registro como jefa desde sus mismos inicios, Norma Herrera de Peluso, cargo que no abandonar\u00eda hasta que producido su fallecimiento la reemplaz\u00f3 autom\u00e1ticamente su hija, la escribana Paola Peluso de Laplume. Hace pocos a\u00f1os, el Registro Automotor cambi\u00f3 de manos, alejada la escribana Peluso de la actividad concerniente al Registro Automotor para continuar con el ejercicio de su profesi\u00f3n, fue designado al frente el contador Mart\u00edn Monz\u00f3n.<\/p>\n<p>El cierre del Registro del Automotor de Capilla del Se\u00f1or, ha planteado interrogantes, en especial en cuanto a la continuidad de los empleados.<\/p>\n<p>La medida concretada por el gobierno de Javier Milei, hizo que fueran cerrados m\u00e1s de 130 registros automotores, en su mayor\u00eda en la provincia de Buenos Aires, a la vez que cancel\u00f3 la apertura de otros doce. La resoluci\u00f3n del Ministerio de Justicia se public\u00f3 en el Bolet\u00edn Oficial (10-7), Resoluci\u00f3n (209\/2024) y tambi\u00e9n el listado de cada Registro Seccional de la Propiedad del Automotor que fue dado de baja. Sobre el otorgamiento de Registros del Automotor, se han mantenido controversias y pulseadas desde hace muchos a\u00f1os, entre otras originadas por muchos otorgamientos apoyados en razones pol\u00edticas partidarias, influencias, intereses y tambi\u00e9n cuestiones de parentescos familiares.<\/p>\n<p>Las localidades afectadas por los cierres son en su mayor\u00eda en la provincia de Buenos Aires, como en Arrecifes, Baradero, Ayacucho, Carlos Tejedor, Capilla del Se\u00f1or, Luj\u00e1n, Dolores, entre otras. En el Anexo 2 de la medida se especific\u00f3 a qu\u00e9 otras oficinas pasar\u00e1n a ser responsables por las tareas que hasta ahora cumpl\u00edan los 136 registros que cierran sus puertas.<\/p>\n<p>En mayo, el gobierno del presidente Javier Milei anunci\u00f3 la eliminaci\u00f3n del 40% de los registros del automotor con el objetivo de &#8220;reducir costos y eliminar tr\u00e1mites burocr\u00e1ticos&#8221;. &#8220;Se cerrar\u00e1 el 40% de los Registros Automotores, comenzando por aquellos que llevan intervenidos m\u00e1s de 2 a\u00f1os, y luego se proceder\u00e1 con el cierre de los restantes intervenidos&#8221;, indic\u00f3 el Ministerio a cargo de Mariano C\u00faneo Libarona.<\/p>\n<p>Adem\u00e1s, inform\u00f3 que &#8220;se reducir\u00e1 el 30% del personal de la Direcci\u00f3n de Registros Automotor, en el marco de un plan de retiros voluntarios y jubilaciones anticipadas&#8221;.\u00a0&#8220;El objetivo trazado por esta cartera Ministerial, tendiente a promover el cierre de Registros Seccionales que se encuentran intervenidos, con la consecuente eliminaci\u00f3n de esos cargos que hoy se hallan vacantes en pos del cumplimiento de los objetivos que se desprenden de las modificaciones introducidas en el R\u00e9gimen Jur\u00eddico del Automotor&#8221;, sostiene la resoluci\u00f3n que lleva la firma del ministro C\u00faneo Libarona.<\/p>\n<p>El listado (hac\u00e9 clic en el link)<\/p>\n<p><a href=\"https:\/\/revistaepocadigital.com.ar\/wp-content\/uploads\/2024\/07\/Registros-cierre.pdf\">Registros cierre<\/a><\/p>\n<p>En el marco de estas medidas, tambi\u00e9n con anterioridad &#8220;se elimin\u00f3 el Certificado de Transferencia Automotor (CETA) que obligaba al ciudadano a reportar la venta de su veh\u00edculo a la AFIP&#8221; y anticip\u00f3 que &#8220;se eliminar\u00e1 la &#8216;c\u00e9dula azul'&#8221;, motivo por el que &#8220;a partir de mayo, cualquier persona podr\u00e1 circular dentro del territorio de la Rep\u00fablica Argentina con la sola exhibici\u00f3n -f\u00edsica o digital- de la c\u00e9dula verde del titular del autom\u00f3vil&#8221;.<\/p>\n<p>Apenas asumi\u00f3, el Gobierno prometi\u00f3 terminar con los Registros Automotores a los que el Presidente calific\u00f3 como &#8220;un curro&#8221; y que eran parte de &#8220;la casta&#8221;, debido a que muchas veces se consegu\u00edan por &#8220;favores pol\u00edticos&#8221;.<\/p>\n<p>La medida figuraba en el mega DNU 70\/2023 y Milei sostuvo que hab\u00eda que \u201crealizar modificaciones\u201d al r\u00e9gimen para que \u201clos tr\u00e1mites puedan hacerse integralmente de manera digital y agilizar todos los procesos, eliminando etapas innecesarias y costos absolutamente desproporcionados que dificultan la circulaci\u00f3n de este tipo de bienes\u201d.<\/p>\n<p>Sin embargo, a mediados de abril el ministro C\u00faneo Libarona autoriz\u00f3 una suba en los aranceles que cobraban los registros que iba del 100 hasta el 320% en algunos casos, que gener\u00f3 controversia.<\/p>\n<p>Como qued\u00f3 dicho, una de las primeras medidas que anunci\u00f3 el Gobierno de Javier Milei en diciembre pasado, apenas d\u00edas despu\u00e9s de su asunci\u00f3n, fue la eliminaci\u00f3n de los Registros Nacionales del Automotor, con la promesa de agilizar y abaratar las transferencias de veh\u00edculos.<\/p>\n<p>La decisi\u00f3n publicada en el Bolet\u00edn Oficial a trav\u00e9s de la Resoluci\u00f3n 209\/2024 del Ministerio de Justicia, con la firma de Mariano C\u00faneo Libarona y establece que las competencias de los registros cerrados \u201cquedar\u00e1n en cabeza de Encargados Titulares oportunamente designados de conformidad con la normativa vigente en cada momento\u201d.<\/p>\n<p>\u201cLa medida que se propugna materializa la voluntad de promover el cierre de Registros Seccionales intervenidos en pos de la reducci\u00f3n de la Administraci\u00f3n P\u00fablica Nacional, en el marco de las pol\u00edticas p\u00fablicas que viene llevando a cabo el Estado Nacional\u201d, a\u00f1ade la Resoluci\u00f3n.<\/p>\n<p>Asimismo, anticipa que se trata de \u201cuna primera etapa de la reestructuraci\u00f3n del sistema, dado que la envergadura de las modificaciones propuestas en lo que a los Registros Seccionales no encuadrados en las situaciones antes indicadas requerir\u00e1 de un estudio m\u00e1s acabado, para su paulatina aplicaci\u00f3n\u201d.<\/p>\n<p>En mayo, cuando ya se hab\u00eda vencido el l\u00edmite temporal fijado en el DNU firmado por Javier Milei a finales de diciembre, el Gobierno comunic\u00f3 que cerrar\u00eda el 40% de los registros del automotor, en lo que ser\u00eda la primera etapa del plan de reestructuraci\u00f3n.<\/p>\n<p>Medidas anunciadas en ese momento:<\/p>\n<p>\u2022 Se cerrar\u00e1 el 40% de los Registros Automotores, comenzando por aquellos que llevan intervenidos m\u00e1s de 2 a\u00f1os, y luego se proceder\u00e1 con el cierre de los restantes intervenidos.<\/p>\n<p>\u2022 Se reducir\u00e1 el 30% del personal de la Direcci\u00f3n de Registros Automotor, en el marco de un plan de retiros voluntarios y jubilaciones anticipadas.<\/p>\n<p>\u2022 Se elimin\u00f3 el Certificado de Transferencia Automotor (CETA) que obligaba al ciudadano a reportar la venta de su veh\u00edculo a la AFIP.<\/p>\n<p>\u2022 Se eliminar\u00e1 la \u201cc\u00e9dula azul\u201d: a partir de mayo, cualquier persona podr\u00e1 circular dentro del territorio de la Rep\u00fablica Argentina con la sola exhibici\u00f3n -f\u00edsica o digital- de la c\u00e9dula verde del titular del autom\u00f3vil.<\/p>\n<p>\u2022 Se eliminar\u00e1 el vencimiento de todas las \u201cc\u00e9dulas verdes\u201d.<\/p>\n<p>D\u00edas atr\u00e1s, el flamante ministro de Desregulaci\u00f3n y Transformaci\u00f3n del Estado, Federico Sturzenegger, hab\u00eda ratificado la decisi\u00f3n de eliminar los registros. El DNU 70\/23 ya hab\u00eda abordado ese tema. Estamos en una etapa de implementaci\u00f3n. En alg\u00fan sentido es un \u00edcono de la casta. Lo que quer\u00edamos implementar, que est\u00e1 en proceso, es que la gente pueda ir al Registro Nacional \u00danico. Si por un tema de comodidad, por cercan\u00eda, quer\u00e9s ir al seccional, vas, pero que puedas vos digitalmente hacer tu operaci\u00f3n\u201d, dijo en di\u00e1logo con Radio Mitre el nuevo ministro.<\/p>\n<p>Fuente: Diario Clar\u00edn.<\/p>\n","protected":false},"excerpt":{"rendered":"<p>ACTUALIZACI\u00d3N.<\/p>\n","protected":false},"author":3,"featured_media":25790,"comment_status":"open","ping_status":"open","sticky":false,"template":"","format":"standard","meta":{"footnotes":"","jetpack_publicize_message":"","jetpack_publicize_feature_enabled":true,"jetpack_social_post_already_shared":true,"jetpack_social_options":{"image_generator_settings":{"template":"highway","default_image_id":0,"font":"","enabled":false},"version":2}},"categories":[15],"tags":[2798,37],"class_list":["post-25786","post","type-post","status-publish","format-standard","has-post-thumbnail","hentry","category-lo-que-tenes-que-saber","tag-cierre-registros-del-automotor","tag-destacada"],"jetpack_publicize_connections":[],"jetpack_featured_media_url":"https:\/\/revistaepocadigital.com.ar\/wp-content\/uploads\/2024\/07\/formulario-08.avif","jetpack_likes_enabled":true,"_links":{"self":[{"href":"https:\/\/revistaepocadigital.com.ar\/index.php?rest_route=\/wp\/v2\/posts\/25786","targetHints":{"allow":["GET"]}}],"collection":[{"href":"https:\/\/revistaepocadigital.com.ar\/index.php?rest_route=\/wp\/v2\/posts"}],"about":[{"href":"https:\/\/revistaepocadigital.com.ar\/index.php?rest_route=\/wp\/v2\/types\/post"}],"author":[{"embeddable":true,"href":"https:\/\/revistaepocadigital.com.ar\/index.php?rest_route=\/wp\/v2\/users\/3"}],"replies":[{"embeddable":true,"href":"https:\/\/revistaepocadigital.com.ar\/index.php?rest_route=%2Fwp%2Fv2%2Fcomments&post=25786"}],"version-history":[{"count":0,"href":"https:\/\/revistaepocadigital.com.ar\/index.php?rest_route=\/wp\/v2\/posts\/25786\/revisions"}],"wp:featuredmedia":[{"embeddable":true,"href":"https:\/\/revistaepocadigital.com.ar\/index.php?rest_route=\/wp\/v2\/media\/25790"}],"wp:attachment":[{"href":"https:\/\/revistaepocadigital.com.ar\/index.php?rest_route=%2Fwp%2Fv2%2Fmedia&parent=25786"}],"wp:term":[{"taxonomy":"category","embeddable":true,"href":"https:\/\/revistaepocadigital.com.ar\/index.php?rest_route=%2Fwp%2Fv2%2Fcategories&post=25786"},{"taxonomy":"post_tag","embeddable":true,"href":"https:\/\/revistaepocadigital.com.ar\/index.php?rest_route=%2Fwp%2Fv2%2Ftags&post=25786"}],"curies":[{"name":"wp","href":"https:\/\/api.w.org\/{rel}","templated":true}]}}